{"id":14320,"date":"2026-04-30T18:44:11","date_gmt":"2026-04-30T18:44:11","guid":{"rendered":"https:\/\/busondakika.com.tr\/?p=14320"},"modified":"2026-04-30T18:44:12","modified_gmt":"2026-04-30T18:44:12","slug":"baskan-tugay-turkiye-ciftcisiyle-koylusuyle-sifa-bulacak","status":"publish","type":"post","link":"https:\/\/busondakika.com.tr\/?p=14320","title":{"rendered":"Ba\u015fkan Tugay: T\u00fcrkiye, \u00e7ift\u00e7isiyle, k\u00f6yl\u00fcs\u00fcyle \u015fifa bulacak"},"content":{"rendered":"<p> \u0130zmir B\u00fcy\u00fck\u015fehir Belediye Ba\u015fkan\u0131 Dr. Cemil Tugay, 27. Uluslararas\u0131 Bay\u0131nd\u0131r \u00c7i\u00e7ek Festivali\u2019nin a\u00e7\u0131l\u0131\u015f\u0131n\u0131 yapt\u0131. D\u00f6rt g\u00fcn s\u00fcrecek festival, ad\u0131na yak\u0131\u015f\u0131r renkli kortejle ba\u015flad\u0131. Ba\u015fkan Tugay, \u00fcretimin devaml\u0131l\u0131\u011f\u0131 i\u00e7in il\u00e7eye 127 milyon liral\u0131k destek sa\u011flad\u0131klar\u0131n\u0131 belirterek \u201cT\u00fcrkiye, \u00e7ift\u00e7isiyle, k\u00f6yl\u00fcs\u00fcyle \u015fifa bulacak. T\u00fcrkiye iyi olacak; bu sizlerin sayesinde olacak\u201d dedi.\u00a0<\/p>\n<p>T\u00fcrkiye\u2019nin s\u00fcs bitkisi ve \u00e7i\u00e7ek \u00fcretiminde lider merkezi Bay\u0131nd\u0131r\u2019\u0131n mis kokulu \u00e7i\u00e7ek festivali ba\u015flad\u0131. \u0130zmir B\u00fcy\u00fck\u015fehir Belediyesi\u2019nin deste\u011fiyle Bay\u0131nd\u0131r Belediyesi taraf\u0131ndan bu y\u0131l 30 Nisan \u2013 3 May\u0131s tarihleri aras\u0131nda 27\u2019nci kez d\u00fczenlenen Uluslararas\u0131 Bay\u0131nd\u0131r \u00c7i\u00e7ek Festivali, rengarenk kortejle ba\u015flad\u0131. Festivalin a\u00e7\u0131l\u0131\u015f t\u00f6renine \u0130zmir B\u00fcy\u00fck\u015fehir Belediye Ba\u015fkan\u0131 Dr. Cemil Tugay, Bay\u0131nd\u0131r Kaymakam\u0131 Murat Mete, ev sahibi Bay\u0131nd\u0131r Belediye Ba\u015fkan\u0131 Davut Sakarsu, \u00d6demi\u015f Belediye Ba\u015fkan\u0131 Mustafa Turan, Sel\u00e7uk Belediye Ba\u015fkan\u0131 Filiz Cerito\u011flu Sengel, Tire Belediye Ba\u015fkan\u0131 Hayati Okuro\u011flu, Gaziemir Belediye Ba\u015fkan\u0131 \u00dcnal I\u015f\u0131k, Beyda\u011f Belediye Ba\u015fkan\u0131 \u015eakir Ba\u015faran, ge\u00e7mi\u015f d\u00f6nem Cumhuriyet Halk Partisi \u0130zmir Milletvekili Mustafa Moro\u011flu, siyasi parti temsilcileri, sivil toplum kurulu\u015fu temsilcileri ve \u00e7ok say\u0131da yurtta\u015f kat\u0131ld\u0131.\u00a0<\/p>\n<p><strong>\u00c7i\u00e7ek kokulu rengarenk kortej\u00a0<\/strong><\/p>\n<p>27. Uluslararas\u0131 Bay\u0131nd\u0131r \u00c7i\u00e7ek Festivali, Atat\u00fcrk Caddesi giri\u015finde kurdele kesimiyle ba\u015flad\u0131. Ba\u015fkan Dr. Cemil Tugay ve protokol kurdele kesiminin ard\u0131ndan cadde boyunca s\u0131ralanan \u00e7i\u00e7ek stantlar\u0131n\u0131 gezdi. Tahta bacak g\u00f6sterileri, \u00e7i\u00e7ek k\u0131zlar ve bando e\u015fli\u011finde ilerleyen korteje vatanda\u015flar yo\u011fun ilgi g\u00f6sterdi. Ya\u015fl\u0131 gen\u00e7 herkesin ak\u0131n etti\u011fi festivalde Bay\u0131nd\u0131r\u2019\u0131n e\u015fsiz \u00e7i\u00e7eklerinin kokusu il\u00e7eyi sard\u0131. Renkli kortej Bay\u0131nd\u0131r \u015eehir Stadyumu\u2019nda son buldu. A\u00e7\u0131l\u0131\u015f t\u00f6reni \u00f6ncesi \u0130zmir B\u00fcy\u00fck\u015fehir Belediyesi Bandosu yerli ve yabanc\u0131 \u00e7ok say\u0131da esere yer verdi\u011fi performans\u0131yla keyifli anlar ya\u015fatt\u0131. Ard\u0131ndan \u0130zmir B\u00fcy\u00fck\u015fehir Belediyesi Halk Oyunlar\u0131 Toplulu\u011fu geleneksel zeybek g\u00f6sterisini sergiledi.\u00a0<\/p>\n<p><strong>\u201cBir kentin ad\u0131n\u0131n \u00e7i\u00e7ekle an\u0131lmas\u0131 herkese nasip olmaz\u201d\u00a0<\/strong><\/p>\n<p>Ba\u015fkan Dr. Cemil Tugay, festivalin a\u00e7\u0131l\u0131\u015f konu\u015fmas\u0131nda sekt\u00f6re emek veren t\u00fcm emek\u00e7ilere te\u015fekk\u00fcr ederek s\u00f6zlerine ba\u015flad\u0131. Ba\u015fkan Tugay, \u201c27 y\u0131l \u00f6nce ba\u015flayan bu festivalin sahibi \u00fcreticilerdir, yurtta\u015flar\u0131m\u0131zd\u0131r. Bu festival onlar\u0131n eseridir. \u00c7ok g\u00fczel oldu. Bir il\u00e7enin ad\u0131n\u0131n \u00e7i\u00e7ekle an\u0131lmas\u0131 \u00e7ok g\u00fczel ve k\u0131ymetli. \u00c7i\u00e7ek g\u00fczelliktir, bar\u0131\u015ft\u0131r, sevgidir. \u00d6ylesine g\u00fczel bir sembol\u00fc bir taraf\u0131nda \u00fcretme d\u00f6n\u00fc\u015ft\u00fcrm\u00fc\u015f, di\u011fer taraf\u0131nda kendi ismiyle \u00f6zde\u015fle\u015ftirmi\u015f bir yer Bay\u0131nd\u0131r. \u0130nsanlar en derin duygular\u0131n\u0131 \u00e7i\u00e7eklere emanet etmi\u015f. \u00c7i\u00e7ek, hi\u00e7bir dili konu\u015fmadan her \u015feyi anlatabilen bir bitki. Bu gururu ta\u015f\u0131mak her kente nasip olmaz\u201d diye konu\u015ftu.\u00a0\u00a0<\/p>\n<p><strong>\u201c\u0130zmir \u00e7i\u00e7ek \u00fcretiminde T\u00fcrkiye\u2019nin \u00fc\u00e7te birinden fazlas\u0131n\u0131 kar\u015f\u0131l\u0131yor\u201d<\/strong><\/p>\n<p>Festivalin 1998 y\u0131l\u0131nda sadece 8 \u00fcreticiyle, naylon \u00e7ad\u0131rlarda ba\u015flad\u0131\u011f\u0131n\u0131, aradan ge\u00e7en 27 y\u0131lda uluslararas\u0131 dev bir organizasyona d\u00f6n\u00fc\u015ft\u00fc\u011f\u00fcn\u00fc ifade eden Ba\u015fkan Tugay, \u201c\u00dclkemizdeki eksik tar\u0131m politikalar\u0131na ra\u011fmen \u00fcretimden vazge\u00e7meyen \u00e7ift\u00e7ilerimizle, Bay\u0131nd\u0131r&#8217;\u0131n \u00fclke ekonomisinde, kent ekonomisinde \u00f6nemli bir yeri var.\u00a0 Bug\u00fcn Bay\u0131nd\u0131r&#8217;da \u00e7i\u00e7ek\u00e7ilik yakla\u015f\u0131k 5 bin ki\u015fiye istihdam sa\u011fl\u0131yor;\u00a0 y\u0131lda 150 milyonun \u00fczerinde s\u00fcs bitkisi \u00fcretiliyor.\u00a0 Bug\u00fcn \u0130zmir; d\u0131\u015f mek\u00e2n s\u00fcs bitkilerinde T\u00fcrkiye \u00fcretiminin \u00fc\u00e7te birinden fazlas\u0131n\u0131 kar\u015f\u0131l\u0131yor. Kas\u0131mpat\u0131\u2019da, Statice\u2019de, i\u00e7 mekan s\u00fcs bitkilerinde \u00fclke s\u0131ralamas\u0131nda ilk s\u0131rada yer al\u0131yor. Nergis \u00fcretiminde T\u00fcrkiye\u2019de ikinci s\u0131raday\u0131z. Bu ba\u015far\u0131lar\u0131n \u00e7ok \u00f6nemli bir k\u0131sm\u0131, toplam arazisinin yar\u0131s\u0131ndan fazlas\u0131nda \u00fcretim yapan Bay\u0131nd\u0131r\u2019\u0131n, sizlerin ba\u015far\u0131s\u0131\u201d dedi.<\/p>\n<p><strong>\u201cBay\u0131nd\u0131r\u2019da \u00fcretimin devaml\u0131l\u0131\u011f\u0131 i\u00e7in 127 milyon lira destek\u201d<\/strong><\/p>\n<p>\u0130zmir B\u00fcy\u00fck\u015fehir Belediyesi olarak Bay\u0131nd\u0131r\u2019da \u00fcretimin devaml\u0131l\u0131\u011f\u0131 i\u00e7in desteklere devam edeceklerini s\u00f6yleyen Ba\u015fkan Tugay, \u201cBay\u0131nd\u0131r \u00c7i\u00e7ek Festivali; bize, k\u0131rsal kalk\u0131nman\u0131n, kooperatifle\u015fmenin, yerel \u00fcretimin nas\u0131l g\u00fc\u00e7lenebilece\u011finin somut bir \u00f6rne\u011fini g\u00f6rme f\u0131rsat\u0131 sunuyor. \u00dcreticiyle t\u00fcketiciyi do\u011frudan bulu\u015fturan, arac\u0131lar\u0131 azaltan, eme\u011fin de\u011ferini koruyan bir festival bu. Bay\u0131nd\u0131r\u2019da sadece son d\u00f6nemde; \u00fcretimin devaml\u0131l\u0131\u011f\u0131 i\u00e7in 127 milyon liran\u0131n \u00fczerinde yat\u0131r\u0131m yapt\u0131k. On binlerce fidan\u0131 \u00fcreticilerimizle bulu\u015fturduk. Toprak analizi, e\u011fitim ve teknik desteklerle \u00fcretimi g\u00fc\u00e7lendirdik. Sulama altyap\u0131lar\u0131n\u0131 destekledik. Afet ya\u015fayan \u00fcreticimizin yan\u0131nda olduk. Hi\u00e7bir zaman \u00fcretimi uzaktan izleyen bir anlay\u0131\u015fla hareket etmedik. Biz, daima \u00fcreticinin yan\u0131nda duran,\u00a0 riskini payla\u015fan bir yakla\u015f\u0131m benimsedik. Her bir \u00fcreticimize eme\u011fi i\u00e7in, katt\u0131\u011f\u0131 de\u011fer i\u00e7in, onca zorlu\u011fa ra\u011fmen vazge\u00e7medi\u011fi, topra\u011f\u0131n\u0131 terk etmedi\u011fi i\u00e7in minnettar\u0131m\u201d ifadelerini kulland\u0131.\u00a0<\/p>\n<p><strong>\u201cT\u00fcrkiye, \u00e7ift\u00e7isiyle, k\u00f6yl\u00fcs\u00fcyle \u015fifa bulacak\u201d\u00a0<\/strong><\/p>\n<p>Ba\u015fkan Tugay, \u201cK\u00fc\u00e7\u00fck Menderes Havzas\u0131, T\u00fcrkiye\u2019de en fazla s\u00fct \u00fcretimi, tar\u0131msal \u00fcretim ve \u00e7i\u00e7ek \u00fcretimi yapan topraklar\u0131d\u0131r. Bu elbette bereketli topraklar\u0131ndan kaynaklan\u0131yor ama onun kadar \u00e7al\u0131\u015fkan g\u00fczel y\u00fcrekli insanlar\u0131ndan kaynaklan\u0131yor. G\u00fcn oldu bu topraklar\u0131 i\u015fgal ettiler, efeler bayrak a\u00e7t\u0131, da\u011flara \u00e7\u0131kt\u0131lar. Onlar\u0131n ve atalar\u0131n\u0131n y\u00fcre\u011fine sa\u011fl\u0131k. Bize ne boyun e\u011fmek, ne diz \u00e7\u00f6kmek yak\u0131\u015f\u0131r. Topra\u011f\u0131m\u0131z, insan\u0131m\u0131z, tarihimiz burada. Sadece \u00e7al\u0131\u015fmam\u0131z gerekiyor. Birbirimize sevgi ve sayg\u0131yla bakmam\u0131z gerekiyor. Aram\u0131za kim nifak sokmaya \u00e7al\u0131\u015f\u0131yorsa onu ala\u015fa\u011f\u0131 etmemiz gerekiyor. Ben Bay\u0131nd\u0131r\u2019la, \u0130zmir\u2019le gurur duyuyorum. Ben asil ve g\u00fczel milletimizle gurur duyuyorum. \u0130nan\u0131yorum ki; bu \u00fclkenin evlatlar\u0131, bu \u015fehrin evlatlar\u0131 T\u00fcrkiye\u2019yi iyile\u015ftirecek. T\u00fcrkiye, \u00e7ift\u00e7isiyle, k\u00f6yl\u00fcs\u00fcyle \u015fifa bulacak. T\u00fcrkiye \u00fcreticisiyle, gen\u00e7leriyle, inanan yurtta\u015flar\u0131yla \u015fifa bulacak. T\u00fcrkiye iyi olacak; bu sizlerin sayesiyle olacak\u201d \u015feklinde konu\u015ftu.\u00a0<\/p>\n<p><strong>Ba\u015fkan Sakarsu: Bay\u0131nd\u0131r\u2019da \u00e7i\u00e7ek sadece \u00fcr\u00fcn de\u011fil emektir<\/strong><\/p>\n<p>Festivalin a\u00e7\u0131l\u0131\u015f konu\u015fmas\u0131n\u0131 yapan ev sahibi Bay\u0131nd\u0131r Belediye Ba\u015fkan\u0131 Davut Sakarsu, \u201cHer y\u0131l sab\u0131rs\u0131zl\u0131kla bekledi\u011fimiz festivalimizde bir araday\u0131z. Bay\u0131nd\u0131r\u2019da \u00e7i\u00e7ek, sadece bir \u00fcr\u00fcn de\u011fil emektir, al\u0131n teridir, kentin ge\u00e7mi\u015fi ve gelece\u011fidir. Bay\u0131nd\u0131r\u2019\u0131n seralar\u0131nda yeti\u015fen \u00e7i\u00e7ekler \u00fclkemizin d\u00f6rt bir yan\u0131n\u0131 s\u00fcslemektedir. Yeti\u015ftirdi\u011fi \u00e7i\u00e7eklerle katk\u0131 sunan fedakar \u00fcreticilerimize te\u015fekk\u00fcr ediyoruz. Bizler de \u00fcreticimizin yan\u0131nda olmaya Bay\u0131nd\u0131r\u2019\u0131 yar\u0131nlara ta\u015f\u0131maya devam ediyoruz. Bay\u0131nd\u0131r sadece tar\u0131m\u0131n hayvanc\u0131l\u0131\u011f\u0131n \u00e7i\u00e7e\u011fin de\u011fil dostlu\u011fun karde\u015fli\u011fin de \u015fehridir\u201d ifadelerini kulland\u0131.\u00a0<\/p>\n<p><strong>\u0130rdem: Emek en y\u00fcce de\u011ferdir<\/strong><\/p>\n<p>Bay\u0131nd\u0131r \u00c7i\u00e7ek \u00dcreticileri Tar\u0131msal Kalk\u0131nma Kooperatifi Ba\u015fkan\u0131 Kadir \u0130rdem ise, \u201c\u00c7i\u00e7ek\u00e7ili\u011fimizin ve Bay\u0131nd\u0131r\u2019\u0131m\u0131z\u0131n d\u00fcnyaya tan\u0131t\u0131lmas\u0131 i\u00e7in d\u00fczenlenen bu etkinli\u011fe katk\u0131s\u0131 olan herkese te\u015fekk\u00fcr ederim. Bu festival, ge\u00e7mi\u015ften beri bu toprakta devam eden \u00e7i\u00e7ek\u00e7ili\u011fin tan\u0131t\u0131m\u0131na katk\u0131da bulunurken ayn\u0131 zamanda hem il\u00e7emizin hem de \u00fclkemizin ekonomisine katk\u0131 sa\u011flamaktad\u0131r. Bizleri bug\u00fcnlere ta\u015f\u0131yan emek\u00e7i dostlar\u0131m\u0131za te\u015fekk\u00fcr ederim. \u00c7\u00fcnk\u00fc emek en y\u00fcce de\u011ferdir.\u00a0 \u0130zmir B\u00fcy\u00fck\u015fehir Belediyemizin kooperatiflere verdi\u011fi deste\u011fi \u00e7ok iyi biliyoruz\u201d dedi.\u00a0 Konu\u015fmalar\u0131n ard\u0131ndan Ba\u015fkan Sakarsu, Ba\u015fkan Tugay\u2019a katk\u0131lar\u0131ndan dolay\u0131 plaket takdim etti.\u00a0<\/p>\n<p><strong>Bay\u0131nd\u0131r\u2019\u0131n d\u00f6rt bir yan\u0131nda k\u00fclt\u00fcr sanat dolu 4 g\u00fcnl\u00fck festival\u00a0<\/strong><\/p>\n<p>Bay\u0131nd\u0131r \u00c7i\u00e7ek Festivali bu y\u0131l da 4 g\u00fcn boyunca birbirinden renkli k\u00fclt\u00fcr sanat etkinlikleriyle haf\u0131zalarda iz b\u0131rakmaya haz\u0131rlan\u0131yor.\u00a0 Festival s\u00fcresince Atat\u00fcrk, Hanife \u00d6\u011fretmen ve Alpay Alpat caddeleri il\u00e7edeki \u00e7i\u00e7ek \u00fcreticilerinin stantlar\u0131 ziyaret\u00e7ileri a\u011f\u0131rlayacak. Stantlar\u0131n yan\u0131 s\u0131ra \u00e7ok say\u0131da \u00fcretici pazarlar\u0131, sergiler, at\u00f6lyeler il\u00e7enin d\u00f6rt bir yan\u0131na yay\u0131lacak. Bay\u0131nd\u0131r \u015eehir Stadyumu&#8217;nda kurulacak Ana Sahne&#8217;de festival boyunca saat 21.30&#8217;da konser programlar\u0131 ger\u00e7ekle\u015ftirilecek. 1 May\u0131s Cuma g\u00fcn\u00fc H\u00fcseyin Turan, 2 May\u0131s Cumartesi g\u00fcn\u00fc Melek Mosso, 3 May\u0131s Pazar g\u00fcn\u00fc ise G\u00f6k\u00e7e sahne alacak. Alternatif sahnelerde de g\u00fcn boyu \u0130zmir B\u00fcy\u00fck\u015fehir Belediyesi orkestralar\u0131, yerel m\u00fczisyenler ve Bay\u0131nd\u0131r Kent Konseyi Kad\u0131n \u00c7i\u00e7eklerin Sesi Ritim Grubu dinletiler sunacak. 2 May\u0131s Cumartesi g\u00fcn\u00fc saat 14.00&#8217;te &#8220;En \u0130yi \u00c7i\u00e7ek \u00dcreticisi ile En \u0130yi Balkon ve Bah\u00e7e Yar\u0131\u015fmas\u0131&#8221; \u00f6d\u00fcl t\u00f6reninin yap\u0131laca\u011f\u0131 festival, 3 May\u0131s Pazar g\u00fcn\u00fc G\u00f6k\u00e7e konserinin ard\u0131ndan sona erecek.<\/p>\n<p>\u00a0<\/p>\n<p>Kaynak: (BYZHA) Beyaz Haber Ajans\u0131<\/p>\n","protected":false},"excerpt":{"rendered":"<p>\u0130zmir B\u00fcy\u00fck\u015fehir Belediye Ba\u015fkan\u0131 Dr.<\/p>\n","protected":false},"author":1,"featured_media":14321,"comment_status":"open","ping_status":"open","sticky":false,"template":"","format":"standard","meta":{"footnotes":""},"categories":[21],"tags":[],"class_list":["post-14320","post","type-post","status-publish","format-standard","has-post-thumbnail","hentry","category-gundem"],"_links":{"self":[{"href":"https:\/\/busondakika.com.tr\/index.php?rest_route=\/wp\/v2\/posts\/14320","targetHints":{"allow":["GET"]}}],"collection":[{"href":"https:\/\/busondakika.com.tr\/index.php?rest_route=\/wp\/v2\/posts"}],"about":[{"href":"https:\/\/busondakika.com.tr\/index.php?rest_route=\/wp\/v2\/types\/post"}],"author":[{"embeddable":true,"href":"https:\/\/busondakika.com.tr\/index.php?rest_route=\/wp\/v2\/users\/1"}],"replies":[{"embeddable":true,"href":"https:\/\/busondakika.com.tr\/index.php?rest_route=%2Fwp%2Fv2%2Fcomments&post=14320"}],"version-history":[{"count":1,"href":"https:\/\/busondakika.com.tr\/index.php?rest_route=\/wp\/v2\/posts\/14320\/revisions"}],"predecessor-version":[{"id":14322,"href":"https:\/\/busondakika.com.tr\/index.php?rest_route=\/wp\/v2\/posts\/14320\/revisions\/14322"}],"wp:featuredmedia":[{"embeddable":true,"href":"https:\/\/busondakika.com.tr\/index.php?rest_route=\/wp\/v2\/media\/14321"}],"wp:attachment":[{"href":"https:\/\/busondakika.com.tr\/index.php?rest_route=%2Fwp%2Fv2%2Fmedia&parent=14320"}],"wp:term":[{"taxonomy":"category","embeddable":true,"href":"https:\/\/busondakika.com.tr\/index.php?rest_route=%2Fwp%2Fv2%2Fcategories&post=14320"},{"taxonomy":"post_tag","embeddable":true,"href":"https:\/\/busondakika.com.tr\/index.php?rest_route=%2Fwp%2Fv2%2Ftags&post=14320"}],"curies":[{"name":"wp","href":"https:\/\/api.w.org\/{rel}","templated":true}]}}