{"id":14332,"date":"2026-05-01T07:48:08","date_gmt":"2026-05-01T07:48:08","guid":{"rendered":"https:\/\/busondakika.com.tr\/?p=14332"},"modified":"2026-05-01T07:48:09","modified_gmt":"2026-05-01T07:48:09","slug":"d-130-gecici-olarak-trafige-kapatilacak","status":"publish","type":"post","link":"https:\/\/busondakika.com.tr\/?p=14332","title":{"rendered":"D-130 ge\u00e7ici olarak trafi\u011fe kapat\u0131lacak"},"content":{"rendered":"<p> Kocaeli B\u00fcy\u00fck\u015fehir Belediyesi taraf\u0131ndan Ba\u015fiskele Ye\u015filyurt Mahallesi D-130 Karayolu Ba\u015fiskele istikameti; Hoca Ahmet Yesevi Caddesi \u00fczerinde ger\u00e7ekle\u015fecek \u00fcstyap\u0131 \u00e7al\u0131\u015fmalar\u0131 nedeni ile trafi\u011fe kapat\u0131lacak.<\/p>\n<p><b>\u00c7ALI\u015eMAYAPILACAK<\/b><\/p>\n<p>Kocaeli B\u00fcy\u00fck\u015fehir Belediyesi taraf\u0131ndan Ba\u015fiskele Ye\u015filyurt Mahallesi Hoca Ahmet Yesevi Caddesi \u00fczerinde \u2018Ba\u015fiskele Kav\u015fa\u011f\u0131 Yap\u0131m \u0130\u015fi\u2019 kapsam\u0131nda \u00fcstyap\u0131 imalat\u0131 yap\u0131lacak. Ger\u00e7ekle\u015fecek \u00e7al\u0131\u015fmalar nedeni ile D-130 Karayolu Ba\u015fiskele istikameti ge\u00e7ici olarak ara\u00e7 trafi\u011fine kapat\u0131lacak ve alternatif g\u00fczergahlar kullan\u0131lacak. \u00c7al\u0131\u015fma s\u00fcresince s\u00fcr\u00fcc\u00fclerin ve yayalar\u0131n trafik i\u015faret ve i\u015faret\u00e7ilerine dikkatle uymalar\u0131 hat\u0131rlat\u0131l\u0131rken, olas\u0131 yo\u011funluk ve gecikmelerin \u00f6n\u00fcne ge\u00e7ilebilmesi ad\u0131na alternatif g\u00fczerg\u00e2hlar\u0131n tercih edilmesi tavsiye ediliyor.<\/p>\n<p><b>2 MAYIS\u2019TA SON BULACAK<\/b><\/p>\n<p>Ba\u015fiskele Ye\u015filyurt Mahallesi Hoca Ahmet Yesevi Caddesi \u00fczerinde 1 May\u0131s 2026 Cuma g\u00fcn\u00fc (yar\u0131n) saat 22.00 itibariyle ba\u015flayacak \u00e7al\u0131\u015fmalar\u0131n 2 May\u0131s 2026 Cumartesi g\u00fcn\u00fc saat 06.00\u2019ya kadar devam etmesi planlan\u0131yor. Bu s\u00fcre zarf\u0131nda b\u00f6lgede ula\u015f\u0131m kontroll\u00fc \u015fekilde sa\u011flanacak.<\/p>\n<p>\u00a0<\/p>\n<p>Kaynak: (BYZHA) Beyaz Haber Ajans\u0131<\/p>\n","protected":false},"excerpt":{"rendered":"<p>Kocaeli B\u00fcy\u00fck\u015fehir Belediyesi taraf\u0131ndan Ba\u015fiskele Ye\u015filyurt Mahallesi D-130 Karayolu Ba\u015fiskele istikameti; Hoca Ahmet Yesevi Caddesi \u00fczerinde ger\u00e7ekle\u015fecek \u00fcstyap\u0131 \u00e7al\u0131\u015fmalar\u0131 nedeni ile trafi\u011fe kapat\u0131lacak.<\/p>\n","protected":false},"author":1,"featured_media":14333,"comment_status":"open","ping_status":"open","sticky":false,"template":"","format":"standard","meta":{"footnotes":""},"categories":[21],"tags":[],"class_list":["post-14332","post","type-post","status-publish","format-standard","has-post-thumbnail","hentry","category-gundem"],"_links":{"self":[{"href":"https:\/\/busondakika.com.tr\/index.php?rest_route=\/wp\/v2\/posts\/14332","targetHints":{"allow":["GET"]}}],"collection":[{"href":"https:\/\/busondakika.com.tr\/index.php?rest_route=\/wp\/v2\/posts"}],"about":[{"href":"https:\/\/busondakika.com.tr\/index.php?rest_route=\/wp\/v2\/types\/post"}],"author":[{"embeddable":true,"href":"https:\/\/busondakika.com.tr\/index.php?rest_route=\/wp\/v2\/users\/1"}],"replies":[{"embeddable":true,"href":"https:\/\/busondakika.com.tr\/index.php?rest_route=%2Fwp%2Fv2%2Fcomments&post=14332"}],"version-history":[{"count":1,"href":"https:\/\/busondakika.com.tr\/index.php?rest_route=\/wp\/v2\/posts\/14332\/revisions"}],"predecessor-version":[{"id":14334,"href":"https:\/\/busondakika.com.tr\/index.php?rest_route=\/wp\/v2\/posts\/14332\/revisions\/14334"}],"wp:featuredmedia":[{"embeddable":true,"href":"https:\/\/busondakika.com.tr\/index.php?rest_route=\/wp\/v2\/media\/14333"}],"wp:attachment":[{"href":"https:\/\/busondakika.com.tr\/index.php?rest_route=%2Fwp%2Fv2%2Fmedia&parent=14332"}],"wp:term":[{"taxonomy":"category","embeddable":true,"href":"https:\/\/busondakika.com.tr\/index.php?rest_route=%2Fwp%2Fv2%2Fcategories&post=14332"},{"taxonomy":"post_tag","embeddable":true,"href":"https:\/\/busondakika.com.tr\/index.php?rest_route=%2Fwp%2Fv2%2Ftags&post=14332"}],"curies":[{"name":"wp","href":"https:\/\/api.w.org\/{rel}","templated":true}]}}