{"id":14338,"date":"2026-05-01T07:58:07","date_gmt":"2026-05-01T07:58:07","guid":{"rendered":"https:\/\/busondakika.com.tr\/?p=14338"},"modified":"2026-05-01T07:58:08","modified_gmt":"2026-05-01T07:58:08","slug":"kocaelinin-yaya-ulasimi-icin-ortak-akil-bulusmasi","status":"publish","type":"post","link":"https:\/\/busondakika.com.tr\/?p=14338","title":{"rendered":"Kocaeli\u2019nin yaya ula\u015f\u0131m\u0131 i\u00e7in ortak ak\u0131l bulu\u015fmas\u0131"},"content":{"rendered":"<p> Kocaeli B\u00fcy\u00fck\u015fehir Belediyesi taraf\u0131ndan d\u00fczenlenen Kent Ad\u0131mlar\u0131: Kocaeli Yaya Ula\u015f\u0131m Stratejileri Kocaeli Yaya Ula\u015f\u0131m\u0131 Eylem Plan\u0131 \u00c7al\u0131\u015ftay\u0131\u2019nda, g\u00fcvenli ve kapsay\u0131c\u0131 bir kent hedefi do\u011frultusunda yaya ula\u015f\u0131m\u0131n\u0131n mevcut sorunlar\u0131 ve \u00e7\u00f6z\u00fcm \u00f6nerileri \u00e7ok payda\u015fl\u0131 bir yakla\u015f\u0131mla ele al\u0131nd\u0131.<\/p>\n<p><b>YAYA ULA\u015eIMI MASAYA YATIRILDI<\/b><\/p>\n<p>Kocaeli B\u00fcy\u00fck\u015fehir Belediyesi Ula\u015f\u0131m Dairesi Ba\u015fkanl\u0131\u011f\u0131 taraf\u0131ndan d\u00fczenlenen Kocaeli Yaya Ula\u015f\u0131m\u0131 Eylem Plan\u0131 \u00c7al\u0131\u015ftay\u0131 ile ula\u015f\u0131m planlamas\u0131n\u0131n en \u00f6nemli bile\u015fenlerinden biri olan yaya ula\u015f\u0131m\u0131 masaya yat\u0131r\u0131ld\u0131. \u00c7al\u0131\u015ftay; kamu kurumlar\u0131, akademisyenler, sivil toplum kurulu\u015flar\u0131 ve \u00f6zel sekt\u00f6r temsilcileri ba\u015fta olmak \u00fczere yaya ula\u015f\u0131m\u0131yla do\u011frudan ili\u015fkili t\u00fcm payda\u015flar\u0131 bir araya getirdi. Kentin yaya hareketlili\u011fi 5 farkl\u0131 stratejik odak grubu \u00fczerinden analiz edilirken yaya ula\u015f\u0131m\u0131na dair mevcut sorunlar\u0131 ve bu sorunlar\u0131n etkileri \u00e7ok payda\u015fl\u0131 bir yakla\u015f\u0131m ile de\u011ferlendirildi.<\/p>\n<p><b>YAYA STRATEJ\u0130LER\u0130NDE ER\u0130\u015e\u0130LEB\u0130L\u0130RL\u0130\u011e\u0130N \u00d6NEM\u0130<\/b><\/p>\n<p>Kocaeli Yaya Ula\u015f\u0131m\u0131 Eylem Plan\u0131 \u00c7al\u0131\u015ftay\u0131\u2019n\u0131n a\u00e7\u0131l\u0131\u015f t\u00f6renine Kocaeli B\u00fcy\u00fck\u015fehir Belediyesi Genel Sekreteri Dr. Hayri Bara\u00e7l\u0131, Genel Sekreter Yard\u0131mc\u0131s\u0131 G\u00f6kmen Meng\u00fc\u00e7, Ula\u015f\u0131m Daire Ba\u015fkan\u0131 Salih M\u00fclayim ve \u00e7al\u0131\u015ftay payda\u015flar\u0131 kat\u0131l\u0131m sa\u011flad\u0131. Programda, a\u00e7\u0131l\u0131\u015f konu\u015fmas\u0131 Genel Sekreter Hayri Bara\u00e7l\u0131 taraf\u0131ndan ger\u00e7ekle\u015ftirildi. Yaya stratejilerinde eri\u015filebilirli\u011finin \u00f6nemine de\u011finen Dr. Bara\u00e7l\u0131, 2024 y\u0131l\u0131nda tamamlanan SKUP ile Kocaeli Ula\u015f\u0131m Eylem Plan\u0131\u2019n\u0131n haz\u0131r oldu\u011funu belirtti.\u00a0<\/p>\n<p><b>DEZAVANTAJLI B\u0130REYLER \u0130\u00c7\u0130N KAPSAYICI YAKLA\u015eIM<\/b><\/p>\n<p>Genel Sekreter Dr. Bara\u00e7l\u0131, konu\u015fmas\u0131n\u0131n devam\u0131nda ise ula\u015f\u0131m \u00e7al\u0131\u015fmalar\u0131nda hem lastik, hem rayl\u0131 sistemler hem de deniz ula\u015f\u0131m\u0131 ile \u00e7\u00f6z\u00fcmler ortaya koyarken y\u00fcr\u00fcnebilir \u015fehir anlay\u0131\u015f\u0131n\u0131 da \u00f6n planda tuttuklar\u0131n\u0131 s\u00f6yledi ve \u015funlar\u0131 ekledi: \u201cT\u00fcrkiye\u2019de f\u0131rsatlar olu\u015fturabilecek bir \u015fehir anlay\u0131\u015f\u0131 i\u00e7erisinde hareket ederken farkl\u0131 boyutta d\u00fc\u015f\u00fcncelerimizi ortaya koymam\u0131z gerekiyor. Bunun i\u00e7in yaya eri\u015fim manifestosu olu\u015fturma gayreti i\u00e7erisindeyiz. Bunu d\u00fc\u015f\u00fcn\u00fcrken dezavantajl\u0131 bireyleri g\u00f6z ard\u0131 edilmeyecek \u015fekilde de yaya ula\u015f\u0131m yollar\u0131na eri\u015fim sistemini olu\u015fturmam\u0131z laz\u0131m.\u201d Bara\u00e7l\u0131\u2019n\u0131n a\u00e7\u0131l\u0131\u015f konu\u015fmas\u0131 ard\u0131ndan \u0130leti\u015fim Uzman\u0131 Murat \u00c7a\u011fatay taraf\u0131ndan \u00e7al\u0131\u015ftay\u0131n sunumu yap\u0131ld\u0131.<\/p>\n<p><b>FARKLI TEMAT\u0130K MASALARDA ORTAK AKIL BULU\u015eMASI<\/b><\/p>\n<p>Uzmanl\u0131k alanlar\u0131na g\u00f6re farkl\u0131 tematik masalarda bir araya gelen kat\u0131l\u0131mc\u0131lar; g\u00fcnl\u00fck yaya kullan\u0131c\u0131lar\u0131, esnaf ve yerel i\u015fletmeler, sivil toplum kurulu\u015flar\u0131 ve uzmanlar, kurumsal payda\u015flar ile k\u0131r\u0131lgan kullan\u0131c\u0131lar ba\u015fl\u0131klar\u0131 alt\u0131nda g\u00f6r\u00fc\u015f al\u0131\u015fveri\u015finde bulundu. Bu oturumlarda, mevcut yaya altyap\u0131s\u0131n\u0131n durumu, kar\u015f\u0131la\u015f\u0131lan fiziksel ve y\u00f6netsel sorunlar, g\u00fcvenlik ve eri\u015filebilirlik ihtiya\u00e7lar\u0131 ile \u00e7\u00f6z\u00fcm \u00f6nerileri detayl\u0131 \u015fekilde ele al\u0131nd\u0131. Payda\u015flar\u0131n ortak ak\u0131l \u00e7er\u00e7evesinde ortaya koydu\u011fu \u00e7\u0131kt\u0131lar, kentin t\u00fcm kullan\u0131c\u0131lar\u0131 i\u00e7in daha g\u00fcvenli, eri\u015filebilir ve ya\u015fanabilir bir yaya ula\u015f\u0131m a\u011f\u0131 olu\u015fturulmas\u0131 ad\u0131na yol g\u00f6sterici nitelik ta\u015f\u0131yor.<\/p>\n<p>\u00a0<\/p>\n<p>Kaynak: (BYZHA) Beyaz Haber Ajans\u0131<\/p>\n","protected":false},"excerpt":{"rendered":"<p>Kocaeli B\u00fcy\u00fck\u015fehir Belediyesi taraf\u0131ndan d\u00fczenlenen Kent Ad\u0131mlar\u0131: Kocaeli Yaya Ula\u015f\u0131m Stratejileri Kocaeli Yaya Ula\u015f\u0131m\u0131 Eylem Plan\u0131 \u00c7al\u0131\u015ftay\u0131\u2019nda, g\u00fcvenli ve kapsay\u0131c\u0131 bir kent hedefi do\u011frultusunda yaya ula\u015f\u0131m\u0131n\u0131n mevcut sorunlar\u0131 ve \u00e7\u00f6z\u00fcm \u00f6nerileri \u00e7ok payda\u015fl\u0131 bir yakla\u015f\u0131mla ele al\u0131nd\u0131.<\/p>\n","protected":false},"author":1,"featured_media":14339,"comment_status":"open","ping_status":"open","sticky":false,"template":"","format":"standard","meta":{"footnotes":""},"categories":[21],"tags":[],"class_list":["post-14338","post","type-post","status-publish","format-standard","has-post-thumbnail","hentry","category-gundem"],"_links":{"self":[{"href":"https:\/\/busondakika.com.tr\/index.php?rest_route=\/wp\/v2\/posts\/14338","targetHints":{"allow":["GET"]}}],"collection":[{"href":"https:\/\/busondakika.com.tr\/index.php?rest_route=\/wp\/v2\/posts"}],"about":[{"href":"https:\/\/busondakika.com.tr\/index.php?rest_route=\/wp\/v2\/types\/post"}],"author":[{"embeddable":true,"href":"https:\/\/busondakika.com.tr\/index.php?rest_route=\/wp\/v2\/users\/1"}],"replies":[{"embeddable":true,"href":"https:\/\/busondakika.com.tr\/index.php?rest_route=%2Fwp%2Fv2%2Fcomments&post=14338"}],"version-history":[{"count":1,"href":"https:\/\/busondakika.com.tr\/index.php?rest_route=\/wp\/v2\/posts\/14338\/revisions"}],"predecessor-version":[{"id":14340,"href":"https:\/\/busondakika.com.tr\/index.php?rest_route=\/wp\/v2\/posts\/14338\/revisions\/14340"}],"wp:featuredmedia":[{"embeddable":true,"href":"https:\/\/busondakika.com.tr\/index.php?rest_route=\/wp\/v2\/media\/14339"}],"wp:attachment":[{"href":"https:\/\/busondakika.com.tr\/index.php?rest_route=%2Fwp%2Fv2%2Fmedia&parent=14338"}],"wp:term":[{"taxonomy":"category","embeddable":true,"href":"https:\/\/busondakika.com.tr\/index.php?rest_route=%2Fwp%2Fv2%2Fcategories&post=14338"},{"taxonomy":"post_tag","embeddable":true,"href":"https:\/\/busondakika.com.tr\/index.php?rest_route=%2Fwp%2Fv2%2Ftags&post=14338"}],"curies":[{"name":"wp","href":"https:\/\/api.w.org\/{rel}","templated":true}]}}