{"id":14341,"date":"2026-05-01T07:58:09","date_gmt":"2026-05-01T07:58:09","guid":{"rendered":"https:\/\/busondakika.com.tr\/?p=14341"},"modified":"2026-05-01T07:58:09","modified_gmt":"2026-05-01T07:58:09","slug":"vatan-caddesi-kavsaginda-calismalar-tamam","status":"publish","type":"post","link":"https:\/\/busondakika.com.tr\/?p=14341","title":{"rendered":"Vatan Caddesi kav\u015fa\u011f\u0131nda \u00e7al\u0131\u015fmalar tamam"},"content":{"rendered":"<p> Kocaeli B\u00fcy\u00fck\u015fehir Belediyesi, \u0130zmit Vatan Caddesi tramvay kav\u015fa\u011f\u0131nda gece saatlerinde ba\u015flatt\u0131\u011f\u0131 asfalt serimini sabah\u0131n ilk \u0131\u015f\u0131klar\u0131yla tamamlad\u0131. Yap\u0131lan \u00e7al\u0131\u015fma ile kav\u015fakta ula\u015f\u0131m konforu \u00f6nemli \u00f6l\u00e7\u00fcde art\u0131r\u0131ld\u0131.<\/p>\n<p><b>GECE TAMAMLANDI, SABAH A\u00c7ILDI<\/b><\/p>\n<p>Kocaeli B\u00fcy\u00fck\u015fehir Belediyesi, kent genelinde ula\u015f\u0131m altyap\u0131s\u0131n\u0131 g\u00fc\u00e7lendirmeye y\u00f6nelik \u00e7al\u0131\u015fmalar\u0131n\u0131 planl\u0131 ve kesintisiz \u015fekilde s\u00fcrd\u00fcr\u00fcyor. Trafik yo\u011funlu\u011funu etkilememek ad\u0131na gece saatlerinde sahaya inen ekipler, kritik noktalarda h\u0131zl\u0131 ve etkili m\u00fcdahaleler ger\u00e7ekle\u015ftiriyor. Bu kapsamda, Kartepe\u2019ye uzanan tramvay hatt\u0131 \u00e7al\u0131\u015fmalar\u0131n\u0131n s\u00fcrd\u00fc\u011f\u00fc Vatan Caddesi kav\u015fa\u011f\u0131 \u0130zmit y\u00f6n\u00fc ge\u00e7ici olarak trafi\u011fe kapat\u0131lm\u0131\u015ft\u0131. Gece boyunca \u00e7al\u0131\u015fmalar\u0131n\u0131 tamamlayan ekipler, asfalt serimini de k\u0131sa s\u00fcrede bitirdi. Gerekli temizlik ve emniyet tedbirlerinin ard\u0131ndan yol, sabah\u0131n ilk \u0131\u015f\u0131klar\u0131 ile yeniden trafi\u011fe a\u00e7\u0131ld\u0131.<\/p>\n<p><b>EK\u0130PLERDEN YO\u011eUN MESA\u0130<\/b><\/p>\n<p>Yol ve Bak\u0131m Dairesi Ba\u015fkanl\u0131\u011f\u0131 ekiplerince ger\u00e7ekle\u015ftirilen \u00e7al\u0131\u015fmalarda toplam 625 metrekarelik alanda asfalt serimi yap\u0131ld\u0131. Kav\u015fakta 30 ton binder ve 75 ton a\u015f\u0131nma tabakas\u0131 uygulanarak yol standard\u0131 y\u00fckseltildi. B\u00fcy\u00fck\u015fehir\u2019in kendi i\u015f makineleriyle y\u00fcr\u00fct\u00fclen \u00e7al\u0131\u015fmalar, A Tak\u0131m\u0131 ve Yol Bak\u0131m Timlerinin koordinasyonuyla gece boyunca aral\u0131ks\u0131z s\u00fcrd\u00fc.<\/p>\n<p><b>KENT UYKUDAYKEN YOLLAR YEN\u0130LEN\u0130YOR<\/b><\/p>\n<p>Sabah saatlerine kadar tamamlanan \u00e7al\u0131\u015fmalar sayesinde kav\u015fakta s\u00fcr\u00fc\u015f g\u00fcvenli\u011fi art\u0131r\u0131l\u0131rken, trafik ak\u0131\u015f\u0131 daha ak\u0131c\u0131 hale getirildi. B\u00fcy\u00fck\u015fehir ekipleri, Kocaeli\u2019nin d\u00f6rt bir yan\u0131nda ula\u015f\u0131m kalitesini y\u00fckseltmeye devam ediyor.<\/p>\n<p>\u00a0<\/p>\n<p>Kaynak: (BYZHA) Beyaz Haber Ajans\u0131<\/p>\n","protected":false},"excerpt":{"rendered":"<p>Kocaeli B\u00fcy\u00fck\u015fehir Belediyesi, \u0130zmit Vatan Caddesi tramvay kav\u015fa\u011f\u0131nda gece saatlerinde ba\u015flatt\u0131\u011f\u0131 asfalt serimini sabah\u0131n ilk \u0131\u015f\u0131klar\u0131yla tamamlad\u0131.<\/p>\n","protected":false},"author":1,"featured_media":14342,"comment_status":"open","ping_status":"open","sticky":false,"template":"","format":"standard","meta":{"footnotes":""},"categories":[21],"tags":[],"class_list":["post-14341","post","type-post","status-publish","format-standard","has-post-thumbnail","hentry","category-gundem"],"_links":{"self":[{"href":"https:\/\/busondakika.com.tr\/index.php?rest_route=\/wp\/v2\/posts\/14341","targetHints":{"allow":["GET"]}}],"collection":[{"href":"https:\/\/busondakika.com.tr\/index.php?rest_route=\/wp\/v2\/posts"}],"about":[{"href":"https:\/\/busondakika.com.tr\/index.php?rest_route=\/wp\/v2\/types\/post"}],"author":[{"embeddable":true,"href":"https:\/\/busondakika.com.tr\/index.php?rest_route=\/wp\/v2\/users\/1"}],"replies":[{"embeddable":true,"href":"https:\/\/busondakika.com.tr\/index.php?rest_route=%2Fwp%2Fv2%2Fcomments&post=14341"}],"version-history":[{"count":1,"href":"https:\/\/busondakika.com.tr\/index.php?rest_route=\/wp\/v2\/posts\/14341\/revisions"}],"predecessor-version":[{"id":14343,"href":"https:\/\/busondakika.com.tr\/index.php?rest_route=\/wp\/v2\/posts\/14341\/revisions\/14343"}],"wp:featuredmedia":[{"embeddable":true,"href":"https:\/\/busondakika.com.tr\/index.php?rest_route=\/wp\/v2\/media\/14342"}],"wp:attachment":[{"href":"https:\/\/busondakika.com.tr\/index.php?rest_route=%2Fwp%2Fv2%2Fmedia&parent=14341"}],"wp:term":[{"taxonomy":"category","embeddable":true,"href":"https:\/\/busondakika.com.tr\/index.php?rest_route=%2Fwp%2Fv2%2Fcategories&post=14341"},{"taxonomy":"post_tag","embeddable":true,"href":"https:\/\/busondakika.com.tr\/index.php?rest_route=%2Fwp%2Fv2%2Ftags&post=14341"}],"curies":[{"name":"wp","href":"https:\/\/api.w.org\/{rel}","templated":true}]}}