{"id":14347,"date":"2026-05-01T07:58:17","date_gmt":"2026-05-01T07:58:17","guid":{"rendered":"https:\/\/busondakika.com.tr\/?p=14347"},"modified":"2026-05-01T07:58:18","modified_gmt":"2026-05-01T07:58:18","slug":"kutul-amare-sehitleri-izmitte-dualarla-anildi","status":"publish","type":"post","link":"https:\/\/busondakika.com.tr\/?p=14347","title":{"rendered":"Kut\u2019\u00fcl Amare \u015fehitleri \u0130zmit\u2019te dualarla an\u0131ld\u0131"},"content":{"rendered":"<p> Kocaeli B\u00fcy\u00fck\u015fehir Belediyesi, T\u00fcrk tarihinin en b\u00fcy\u00fck zaferlerinden biri olarak kay\u0131tlara ge\u00e7en \u201cKut\u2019\u00fcl Amare Zaferi\u2019nin\u201d 110. y\u0131l d\u00f6n\u00fcm\u00fcnde anlaml\u0131 bir program ger\u00e7ekle\u015ftirdi. \u0130zmit Necip Faz\u0131l K\u0131sak\u00fcrek Anadolu \u0130mam Hatip Lisesi Haf\u0131zl\u0131k Projesi \u00f6\u011frencilerinin kat\u0131l\u0131m\u0131yla d\u00fczenlenen programda Namazg\u00e2h ve Polis \u015eehitli\u011fi\u2019nde hem hatim okundu hem de kabirlerin temizli\u011fi yap\u0131ld\u0131.<\/p>\n<p><b>HAFIZLIK \u00d6\u011eRENC\u0130LER\u0130NDEN DUYARLI DAVRANI\u015e<\/b><br \/>Kocaeli B\u00fcy\u00fck\u015fehir Belediyesi, 29 Nisan 1916 Kut\u2019\u00fcl Amare Zaferi\u2019nin y\u0131l d\u00f6n\u00fcm\u00fc dolay\u0131s\u0131yla anma program\u0131 d\u00fczenledi. \u0130zmit Necip Faz\u0131l K\u0131sak\u00fcrek Anadolu \u0130mam Hatip Lisesi Haf\u0131zl\u0131k Projesi \u00f6\u011frencileri, Mezarl\u0131klar \u015eube M\u00fcd\u00fcrl\u00fc\u011f\u00fc\u2019n\u00fcn koordinesinde Namazg\u00e2h ve Polis \u015eehitli\u011fi\u2019nde bir araya geldi. Duygusal anlar\u0131n ya\u015fand\u0131\u011f\u0131 anma program\u0131 hem manevi atmosferi hem de gen\u00e7lerin duyarl\u0131l\u0131\u011f\u0131yla dikkat \u00e7ekti.<\/p>\n<p><b>HAT\u0130M OKUNDU, \u015eEH\u0130TLER DUALARLA ANILDI<\/b><br \/>Ger\u00e7ekle\u015ftirilen program kapsam\u0131nda \u00f6\u011frenciler taraf\u0131ndan okunan Kur\u2019an-\u0131 Kerim hatmi, ba\u015fta Kut\u2019\u00fcl Amare \u015fehitleri olmak \u00fczere t\u00fcm \u015fehitlerin ruhuna ithaf edildi. \u015eehitlikte duygu dolu anlar ya\u015fan\u0131rken, \u00f6\u011frenciler milli ve manevi de\u011ferlere sahip \u00e7\u0131kman\u0131n \u00f6rne\u011fini sergiledi.<\/p>\n<p><b>\u015eEH\u0130TL\u0130KLERDE TEM\u0130ZL\u0130K VE D\u00dcZENLEME \u00c7ALI\u015eMASI<\/b><br \/>Etkinlik sadece anma program\u0131yla s\u0131n\u0131rl\u0131 kalmad\u0131. Duyarl\u0131 \u00f6\u011frenciler, Namazg\u00e2h ve Polis \u015eehitli\u011fi\u2019nde temizlik \u00e7al\u0131\u015fmalar\u0131 ger\u00e7ekle\u015ftirerek alanlar\u0131n bak\u0131m ve d\u00fczenine katk\u0131 sa\u011flad\u0131. Kocaeli B\u00fcy\u00fck\u015fehir Belediyesi \u00f6nc\u00fcl\u00fc\u011f\u00fcnde d\u00fczenlenen etkinlik sayesinde \u00f6\u011frenciler hem tarih bilincini g\u00fc\u00e7lendirdi hem de \u015fehitlere vefa duygusunu yerinde ya\u015fayarak peki\u015ftirdi.<\/p>\n<p>\u00a0<\/p>\n<p>Kaynak: (BYZHA) Beyaz Haber Ajans\u0131<\/p>\n","protected":false},"excerpt":{"rendered":"<p>Kocaeli B\u00fcy\u00fck\u015fehir Belediyesi, T\u00fcrk tarihinin en b\u00fcy\u00fck zaferlerinden biri olarak kay\u0131tlara ge\u00e7en \u201cKut\u2019\u00fcl Amare Zaferi\u2019nin\u201d 110.<\/p>\n","protected":false},"author":1,"featured_media":14348,"comment_status":"open","ping_status":"open","sticky":false,"template":"","format":"standard","meta":{"footnotes":""},"categories":[20],"tags":[],"class_list":["post-14347","post","type-post","status-publish","format-standard","has-post-thumbnail","hentry","category-kultur-sanat"],"_links":{"self":[{"href":"https:\/\/busondakika.com.tr\/index.php?rest_route=\/wp\/v2\/posts\/14347","targetHints":{"allow":["GET"]}}],"collection":[{"href":"https:\/\/busondakika.com.tr\/index.php?rest_route=\/wp\/v2\/posts"}],"about":[{"href":"https:\/\/busondakika.com.tr\/index.php?rest_route=\/wp\/v2\/types\/post"}],"author":[{"embeddable":true,"href":"https:\/\/busondakika.com.tr\/index.php?rest_route=\/wp\/v2\/users\/1"}],"replies":[{"embeddable":true,"href":"https:\/\/busondakika.com.tr\/index.php?rest_route=%2Fwp%2Fv2%2Fcomments&post=14347"}],"version-history":[{"count":1,"href":"https:\/\/busondakika.com.tr\/index.php?rest_route=\/wp\/v2\/posts\/14347\/revisions"}],"predecessor-version":[{"id":14349,"href":"https:\/\/busondakika.com.tr\/index.php?rest_route=\/wp\/v2\/posts\/14347\/revisions\/14349"}],"wp:featuredmedia":[{"embeddable":true,"href":"https:\/\/busondakika.com.tr\/index.php?rest_route=\/wp\/v2\/media\/14348"}],"wp:attachment":[{"href":"https:\/\/busondakika.com.tr\/index.php?rest_route=%2Fwp%2Fv2%2Fmedia&parent=14347"}],"wp:term":[{"taxonomy":"category","embeddable":true,"href":"https:\/\/busondakika.com.tr\/index.php?rest_route=%2Fwp%2Fv2%2Fcategories&post=14347"},{"taxonomy":"post_tag","embeddable":true,"href":"https:\/\/busondakika.com.tr\/index.php?rest_route=%2Fwp%2Fv2%2Ftags&post=14347"}],"curies":[{"name":"wp","href":"https:\/\/api.w.org\/{rel}","templated":true}]}}