{"id":14353,"date":"2026-05-01T08:08:40","date_gmt":"2026-05-01T08:08:40","guid":{"rendered":"https:\/\/busondakika.com.tr\/?p=14353"},"modified":"2026-05-01T08:08:41","modified_gmt":"2026-05-01T08:08:41","slug":"baskan-gorkem-dumanin-gece-mesaisi","status":"publish","type":"post","link":"https:\/\/busondakika.com.tr\/?p=14353","title":{"rendered":"Ba\u015fkan G\u00f6rkem Duman\u2019\u0131n gece mesaisi"},"content":{"rendered":"<p> \u0130zmir B\u00fcy\u00fck\u015fehir Belediyesi ile koordineli olarak y\u00fcr\u00fct\u00fclen asfalt \u00e7al\u0131\u015fmalar\u0131 kapsam\u0131nda Do\u011fu\u015f Caddesi\u2019ndeki gece mesaisine kat\u0131larak ekiplere destek veren Buca Belediye Ba\u015fkan\u0131 G\u00f6rkem Duman, &#8220;Buca\u2019n\u0131n yollar\u0131n\u0131 kaderine terk etmeyece\u011fiz&#8221; dedi.<\/p>\n<p>Buca genelinde \u0130zmir B\u00fcy\u00fck\u015fehir Belediyesi \u0130ZBETON ekipleri taraf\u0131ndan ba\u015flat\u0131lan geni\u015f kapsaml\u0131 asfalt seferberli\u011fi t\u00fcm h\u0131z\u0131yla s\u00fcr\u00fcyor. G\u00fcnl\u00fck hayat\u0131n aksamamas\u0131 ad\u0131na gece saatlerinde yo\u011funla\u015fan \u00e7al\u0131\u015fmalar\u0131 yak\u0131ndan takip eden Buca Belediye Ba\u015fkan\u0131 G\u00f6rkem Duman, Do\u011fu\u015f Caddesi\u2019nde y\u00fcr\u00fct\u00fclen asfalt serim i\u015flemini yerinde inceledi. Sahadaki personelle tek tek tokala\u015fan ve sohbet eden Ba\u015fkan G\u00f6rkem Duman, yo\u011fun tempoda \u00e7al\u0131\u015fan i\u015f\u00e7ilere moral vermek amac\u0131yla baklava ikram\u0131nda bulundu.<\/p>\n<p>BA\u015eKAN DUMAN KARARLILI\u011eINI VURGULADI<br \/>Buca\u2019n\u0131n kronikle\u015fen yol sorununa kal\u0131c\u0131 \u00e7\u00f6z\u00fcmler \u00fcrettiklerini belirten Buca Belediye Ba\u015fkan\u0131 G\u00f6rkem Duman, ihmal edilmi\u015f tabloyu de\u011fi\u015ftirmeye kararl\u0131 olduklar\u0131n\u0131 vurgulayarak \u015funlar\u0131 s\u00f6yledi:<br \/>&#8220;Son zamanlarda en \u00e7ok konu\u015fulan konulardan biri yollar\u0131m\u0131zd\u0131. Uzun y\u0131llard\u0131r ihmal edilmi\u015f, g\u00fcnl\u00fck ya\u015fam\u0131 zorla\u015ft\u0131ran bir tabloyla kar\u015f\u0131\u00a0kar\u015f\u0131yayd\u0131k. Ama art\u0131k bu tabloya son veriyoruz. \u0130zmir B\u00fcy\u00fck\u015fehir Belediyemiz ile birlikte \u00e7ok kapsaml\u0131 bir asfalt seferberli\u011fi ba\u015flatt\u0131k.\u201d<\/p>\n<p>&#8220;SORUNU KONU\u015eAN DE\u011e\u0130L, \u00c7\u00d6ZEN BELED\u0130YEC\u0130L\u0130K&#8221;<br \/>Ba\u015fkan Duman, Buca\u2019n\u0131n her mahallesinde ve her soka\u011f\u0131nda bu de\u011fi\u015fimin ad\u0131m ad\u0131m devam edece\u011fini belirterek s\u00f6zlerini \u015f\u00f6yle tamamlad\u0131:<br \/>\u201cBak\u0131n sadece son s\u00fcre\u00e7te Koza\u011fa\u00e7\u2019ta, Vali Rahmi Bey\u2019de, Laleli\u2019de, U\u011fur Mumcu\u2019da, Atat\u00fcrk Mahallemizde, Adatepe\u2019de, \u00c7aml\u0131kule ve Menderes Caddesi\u2019nde asfalt serim \u00e7al\u0131\u015fmas\u0131 ger\u00e7ekle\u015ftirdik. Toplamda 15 bin ton asfalt\u0131 Buca\u2019m\u0131z\u0131n yollar\u0131na kazand\u0131rd\u0131k. Bu sadece bir ba\u015flang\u0131\u00e7. Bizim anlay\u0131\u015f\u0131m\u0131z \u00e7ok net: Sorunu konu\u015fan de\u011fil \u00e7\u00f6zen bir belediyecilik. Buca\u2019n\u0131n yollar\u0131n\u0131 kaderine terk etmeyece\u011fiz. Her mahallede her sokakta bu de\u011fi\u015fimi ad\u0131m ad\u0131m hissedeceksiniz. Sab\u0131r g\u00f6steren, bize g\u00fcvenen t\u00fcm hem\u015fehrilerime \u00e7ok te\u015fekk\u00fcr ederim.\u201d<\/p>\n<p>\u00a0<\/p>\n<p>Kaynak: (BYZHA) Beyaz Haber Ajans\u0131<\/p>\n","protected":false},"excerpt":{"rendered":"<p>\u0130zmir B\u00fcy\u00fck\u015fehir Belediyesi ile koordineli olarak y\u00fcr\u00fct\u00fclen asfalt \u00e7al\u0131\u015fmalar\u0131 kapsam\u0131nda Do\u011fu\u015f Caddesi\u2019ndeki gece mesaisine kat\u0131larak ekiplere destek veren Buca Belediye Ba\u015fkan\u0131 G\u00f6rkem Duman, &#8220;Buca\u2019n\u0131n yollar\u0131n\u0131 kaderine terk etmeyece\u011fiz&#8221; dedi.<\/p>\n","protected":false},"author":1,"featured_media":14354,"comment_status":"open","ping_status":"open","sticky":false,"template":"","format":"standard","meta":{"footnotes":""},"categories":[21],"tags":[],"class_list":["post-14353","post","type-post","status-publish","format-standard","has-post-thumbnail","hentry","category-gundem"],"_links":{"self":[{"href":"https:\/\/busondakika.com.tr\/index.php?rest_route=\/wp\/v2\/posts\/14353","targetHints":{"allow":["GET"]}}],"collection":[{"href":"https:\/\/busondakika.com.tr\/index.php?rest_route=\/wp\/v2\/posts"}],"about":[{"href":"https:\/\/busondakika.com.tr\/index.php?rest_route=\/wp\/v2\/types\/post"}],"author":[{"embeddable":true,"href":"https:\/\/busondakika.com.tr\/index.php?rest_route=\/wp\/v2\/users\/1"}],"replies":[{"embeddable":true,"href":"https:\/\/busondakika.com.tr\/index.php?rest_route=%2Fwp%2Fv2%2Fcomments&post=14353"}],"version-history":[{"count":1,"href":"https:\/\/busondakika.com.tr\/index.php?rest_route=\/wp\/v2\/posts\/14353\/revisions"}],"predecessor-version":[{"id":14355,"href":"https:\/\/busondakika.com.tr\/index.php?rest_route=\/wp\/v2\/posts\/14353\/revisions\/14355"}],"wp:featuredmedia":[{"embeddable":true,"href":"https:\/\/busondakika.com.tr\/index.php?rest_route=\/wp\/v2\/media\/14354"}],"wp:attachment":[{"href":"https:\/\/busondakika.com.tr\/index.php?rest_route=%2Fwp%2Fv2%2Fmedia&parent=14353"}],"wp:term":[{"taxonomy":"category","embeddable":true,"href":"https:\/\/busondakika.com.tr\/index.php?rest_route=%2Fwp%2Fv2%2Fcategories&post=14353"},{"taxonomy":"post_tag","embeddable":true,"href":"https:\/\/busondakika.com.tr\/index.php?rest_route=%2Fwp%2Fv2%2Ftags&post=14353"}],"curies":[{"name":"wp","href":"https:\/\/api.w.org\/{rel}","templated":true}]}}