{"id":14356,"date":"2026-05-01T08:08:42","date_gmt":"2026-05-01T08:08:42","guid":{"rendered":"https:\/\/busondakika.com.tr\/?p=14356"},"modified":"2026-05-01T08:08:43","modified_gmt":"2026-05-01T08:08:43","slug":"nevsehir-belediye-baskanimiz-rasim-aridan-1-mayis-mesaji","status":"publish","type":"post","link":"https:\/\/busondakika.com.tr\/?p=14356","title":{"rendered":"Nev\u015fehir Belediye Ba\u015fkan\u0131m\u0131z Rasim Ar\u0131\u2019dan 1 May\u0131s Mesaj\u0131"},"content":{"rendered":"<p> Nev\u015fehir Belediye Ba\u015fkan\u0131 Rasim Ar\u0131, memleketi ve \u00fclkesi i\u00e7in al\u0131n teri d\u00f6ken, \u00fcreten ve canla-ba\u015fla \u00e7al\u0131\u015fan b\u00fct\u00fcn emek\u00e7ilerin 1 May\u0131s Emek ve Dayan\u0131\u015fma G\u00fcn\u00fc\u2019n\u00fc kutlad\u0131.<br \/>Bir \u00fclkenin kalk\u0131nmas\u0131nda ve geli\u015fmesinde emek\u00e7ilerin \u00e7ok b\u00fcy\u00fck rol\u00fc oldu\u011funu belirten Belediye Ba\u015fkan\u0131 Ar\u0131, istikrar ve istikbal i\u00e7in al\u0131n teri ve eme\u011fin b\u00fcy\u00fck de\u011fer ifade etti\u011fini kaydetti.<br \/>Ba\u015fkan Ar\u0131 \u201cBizler, insana de\u011fer veren, eme\u011fe sayg\u0131 duyan ve al\u0131n terini kutsal g\u00f6ren, birlik ve dayan\u0131\u015fma ruhunu y\u00fczy\u0131llard\u0131r ya\u015fatan b\u00fcy\u00fck bir medeniyetin miras\u00e7\u0131lar\u0131y\u0131z. Eme\u011fi, al\u0131n terini ve helal kazanc\u0131 y\u00fccelten, \u00fcretimde ve payla\u015f\u0131mda adaleti savunan bir anlay\u0131\u015f\u0131n temsilcileri olarak, \u00fclkemizin mutlu ve m\u00fcreffeh gelece\u011fine y\u00fcr\u00fcy\u00fc\u015f\u00fcnde \u00e7al\u0131\u015fanlar\u0131m\u0131z\u0131n emeklerinin tam kar\u015f\u0131l\u0131\u011f\u0131n\u0131 almalar\u0131na, hak ettikleri ya\u015fam standard\u0131na kavu\u015fmalar\u0131na b\u00fcy\u00fck \u00f6nem veriyoruz. \u00dclkemizin mutlu ve m\u00fcreffeh gelece\u011fe y\u00fcr\u00fcy\u00fc\u015f\u00fcnde \u00e7al\u0131\u015fanlar\u0131m\u0131z\u0131n emeklerinin tam kar\u015f\u0131l\u0131\u011f\u0131n\u0131 almalar\u0131n\u0131, \u00e7al\u0131\u015fma \u015fartlar\u0131n\u0131n daha da iyile\u015ftirilmesini, hak ettikleri ya\u015fam standard\u0131na kavu\u015fmalar\u0131n\u0131 \u00e7ok \u00f6nemsiyoruz. Bu vesileyle, ba\u015fta Nev\u015fehir Belediyemizdeki mesai arkada\u015flar\u0131m olmak \u00fczere emeklerinden ve al\u0131n terlerinden ba\u015fka sermayeleri olmayan, \u015fehrimizin ve \u00fclkemizin b\u00fcy\u00fcmesinde \u00f6nemli rol oynayan t\u00fcm \u00e7al\u0131\u015fanlar\u0131m\u0131z\u0131n 1 May\u0131s Emek ve Dayan\u0131\u015fma G\u00fcn\u00fc\u2019n\u00fc kutluyor, bu anlaml\u0131 g\u00fcn\u00fcn karde\u015fli\u011fin ve dayan\u0131\u015fman\u0131n g\u00fc\u00e7lenmesine vesile olmas\u0131n\u0131 temenni ediyorum\u201d diye konu\u015ftu.<\/p>\n<p>\u00a0<\/p>\n<p>Kaynak: (BYZHA) Beyaz Haber Ajans\u0131<\/p>\n","protected":false},"excerpt":{"rendered":"<p>Nev\u015fehir Belediye Ba\u015fkan\u0131 Rasim Ar\u0131, memleketi ve \u00fclkesi i\u00e7in al\u0131n teri d\u00f6ken, \u00fcreten ve canla-ba\u015fla \u00e7al\u0131\u015fan b\u00fct\u00fcn emek\u00e7ilerin 1 May\u0131s Emek ve Dayan\u0131\u015fma G\u00fcn\u00fc\u2019n\u00fc kutlad\u0131.<\/p>\n","protected":false},"author":1,"featured_media":14357,"comment_status":"open","ping_status":"open","sticky":false,"template":"","format":"standard","meta":{"footnotes":""},"categories":[21],"tags":[],"class_list":["post-14356","post","type-post","status-publish","format-standard","has-post-thumbnail","hentry","category-gundem"],"_links":{"self":[{"href":"https:\/\/busondakika.com.tr\/index.php?rest_route=\/wp\/v2\/posts\/14356","targetHints":{"allow":["GET"]}}],"collection":[{"href":"https:\/\/busondakika.com.tr\/index.php?rest_route=\/wp\/v2\/posts"}],"about":[{"href":"https:\/\/busondakika.com.tr\/index.php?rest_route=\/wp\/v2\/types\/post"}],"author":[{"embeddable":true,"href":"https:\/\/busondakika.com.tr\/index.php?rest_route=\/wp\/v2\/users\/1"}],"replies":[{"embeddable":true,"href":"https:\/\/busondakika.com.tr\/index.php?rest_route=%2Fwp%2Fv2%2Fcomments&post=14356"}],"version-history":[{"count":1,"href":"https:\/\/busondakika.com.tr\/index.php?rest_route=\/wp\/v2\/posts\/14356\/revisions"}],"predecessor-version":[{"id":14358,"href":"https:\/\/busondakika.com.tr\/index.php?rest_route=\/wp\/v2\/posts\/14356\/revisions\/14358"}],"wp:featuredmedia":[{"embeddable":true,"href":"https:\/\/busondakika.com.tr\/index.php?rest_route=\/wp\/v2\/media\/14357"}],"wp:attachment":[{"href":"https:\/\/busondakika.com.tr\/index.php?rest_route=%2Fwp%2Fv2%2Fmedia&parent=14356"}],"wp:term":[{"taxonomy":"category","embeddable":true,"href":"https:\/\/busondakika.com.tr\/index.php?rest_route=%2Fwp%2Fv2%2Fcategories&post=14356"},{"taxonomy":"post_tag","embeddable":true,"href":"https:\/\/busondakika.com.tr\/index.php?rest_route=%2Fwp%2Fv2%2Ftags&post=14356"}],"curies":[{"name":"wp","href":"https:\/\/api.w.org\/{rel}","templated":true}]}}