{"id":14368,"date":"2026-05-01T08:18:02","date_gmt":"2026-05-01T08:18:02","guid":{"rendered":"https:\/\/busondakika.com.tr\/?p=14368"},"modified":"2026-05-01T08:18:03","modified_gmt":"2026-05-01T08:18:03","slug":"kandira-belediye-baskani-erol-olmez-1-mayis-emek-ve-dayanisma-gunu-mesajinda-emek-ve-alin-terinin-kutsiyetine-vurgu-yapti","status":"publish","type":"post","link":"https:\/\/busondakika.com.tr\/?p=14368","title":{"rendered":"Kand\u0131ra Belediye Ba\u015fkan\u0131 Erol \u00d6lmez,  1 May\u0131s Emek ve Dayan\u0131\u015fma G\u00fcn\u00fc mesaj\u0131nda, emek ve al\u0131n terinin kutsiyetine vurgu yapt\u0131."},"content":{"rendered":"\n<p style=\"margin-bottom:13px\"><span style=\"font-size:11pt\"><span style=\"line-height:115%\"><span style=\"font-family:Calibri,sans-serif\"><span style=\"font-size:12.0pt\"><span style=\"line-height:115%\"><span style=\",serif\">Ba\u015fkan \u00d6lmez mesaj\u0131nda \u015fu ifadelere yer verdi:<\/span><\/span><\/span><\/span><\/span><\/span><span style=\"font-size:11pt\"><span style=\"line-height:115%\"><span style=\"font-family:Calibri,sans-serif\"><span style=\"font-size:12.0pt\"><span style=\"line-height:115%\"><span style=\",serif\">\u201cAziz milletimizin refah\u0131, g\u00fc\u00e7l\u00fc yar\u0131nlar\u0131m\u0131z\u0131n in\u015fas\u0131 ve b\u00fcy\u00fck T\u00fcrkiye idealimizin ger\u00e7ekle\u015fmesi i\u00e7in al\u0131n teri d\u00f6ken t\u00fcm i\u015f\u00e7i ve emek\u00e7i karde\u015flerimizin 1 May\u0131s Emek ve Dayan\u0131\u015fma G\u00fcn\u00fc\u2019n\u00fc g\u00f6n\u00fclden tebrik ediyorum. Emek\u00e7ilerimiz, \u00fclkemizin kalk\u0131nma hamlesinin en \u00f6nemli mimarlar\u0131d\u0131r.\u201d<\/span><\/span><\/span><\/span><\/span><\/span><\/p>\n<p style=\"margin-bottom:13px\"><span style=\"font-size:11pt\"><span style=\"line-height:115%\"><span style=\"font-family:Calibri,sans-serif\"><span style=\"font-size:12.0pt\"><span style=\"line-height:115%\"><span style=\",serif\">\u201cMedeniyet de\u011ferlerimizde emek, helal kazan\u00e7 ve al\u0131n teri en y\u00fcce de\u011ferler aras\u0131nda yer al\u0131r. \u0130nanc\u0131m\u0131z da emek\u00e7inin hakk\u0131n\u0131n al\u0131n teri kurumadan verilmesini emretmektedir. Bizler de bu anlay\u0131\u015fla, eme\u011fin ve emek\u00e7inin yan\u0131nda durmay\u0131 bir sorumluluk de\u011fil, bir g\u00f6rev biliyoruz.\u201d<\/span><\/span><\/span><\/span><\/span><\/span><\/p>\n<p style=\"margin-bottom:13px\"><span style=\"font-size:11pt\"><span style=\"line-height:115%\"><span style=\"font-family:Calibri,sans-serif\"><span style=\"font-size:12.0pt\"><span style=\"line-height:115%\"><span style=\",serif\">\u00a0Kand\u0131ra Belediyesi olarak bizler de bu vizyon do\u011frultusunda, \u00e7al\u0131\u015fanlar\u0131m\u0131z\u0131n daha iyi \u015fartlarda hizmet \u00fcretmesi ve emek\u00e7i karde\u015flerimizin ya\u015fam standartlar\u0131n\u0131n y\u00fckseltilmesi i\u00e7in 2026 y\u0131l\u0131nda da \u00e7al\u0131\u015fmalar\u0131m\u0131za aral\u0131ks\u0131z devam ediyoruz.\u201d<\/span><\/span><\/span><\/span><\/span><\/span><\/p>\n<p style=\"margin-bottom:13px\"><span style=\"font-size:11pt\"><span style=\"line-height:115%\"><span style=\"font-family:Calibri,sans-serif\"><span style=\"font-size:12.0pt\"><span style=\"line-height:115%\"><span style=\",serif\">\u201cEme\u011fe sayg\u0131n\u0131n, dayan\u0131\u015fman\u0131n ve karde\u015fli\u011fin hakim oldu\u011fu bir Kand\u0131ra ve g\u00fc\u00e7l\u00fc bir T\u00fcrkiye i\u00e7in var g\u00fcc\u00fcm\u00fczle \u00e7al\u0131\u015fmay\u0131 s\u00fcrd\u00fcrece\u011fiz.\u201d<\/span><\/span><\/span><\/span><\/span><\/span><\/p>\n<p style=\"margin-bottom:13px\"><span style=\"font-size:11pt\"><span style=\"line-height:115%\"><span style=\"font-family:Calibri,sans-serif\"><span style=\"font-size:12.0pt\"><span style=\"line-height:115%\"><span style=\",serif\">Ba\u015fkan Erol \u00d6lmez, mesaj\u0131n\u0131n sonunda birlik ve beraberlik vurgusu yaparak, ba\u015fta Kand\u0131ra\u2019daki emek\u00e7iler olmak \u00fczere t\u00fcm T\u00fcrkiye\u2019deki \u00e7al\u0131\u015fanlara sa\u011fl\u0131k, huzur ve bereketli kazan\u00e7lar diledi; 1 May\u0131s\u2019\u0131n bar\u0131\u015f, karde\u015flik ve dayan\u0131\u015fma ruhu i\u00e7inde idrak edilmesini temenni etti.<\/span><\/span><\/span><\/span><\/span><\/span><\/p>\n<p style=\"margin-bottom:13px\">\u00a0<\/p>\n<p>Kaynak: (BYZHA) Beyaz Haber Ajans\u0131<\/p>\n","protected":false},"excerpt":{"rendered":"<p>Ba\u015fkan \u00d6lmez mesaj\u0131nda \u015fu ifadelere yer verdi:\u201cAziz milletimizin refah\u0131, g\u00fc\u00e7l\u00fc yar\u0131nlar\u0131m\u0131z\u0131n in\u015fas\u0131 ve b\u00fcy\u00fck T\u00fcrkiye idealimizin ger\u00e7ekle\u015fmesi i\u00e7in al\u0131n teri d\u00f6ken t\u00fcm i\u015f\u00e7i ve emek\u00e7i karde\u015flerimizin 1 May\u0131s Emek ve Dayan\u0131\u015fma G\u00fcn\u00fc\u2019n\u00fc g\u00f6n\u00fclden tebrik ediyorum.<\/p>\n","protected":false},"author":1,"featured_media":14369,"comment_status":"open","ping_status":"open","sticky":false,"template":"","format":"standard","meta":{"footnotes":""},"categories":[21],"tags":[],"class_list":["post-14368","post","type-post","status-publish","format-standard","has-post-thumbnail","hentry","category-gundem"],"_links":{"self":[{"href":"https:\/\/busondakika.com.tr\/index.php?rest_route=\/wp\/v2\/posts\/14368","targetHints":{"allow":["GET"]}}],"collection":[{"href":"https:\/\/busondakika.com.tr\/index.php?rest_route=\/wp\/v2\/posts"}],"about":[{"href":"https:\/\/busondakika.com.tr\/index.php?rest_route=\/wp\/v2\/types\/post"}],"author":[{"embeddable":true,"href":"https:\/\/busondakika.com.tr\/index.php?rest_route=\/wp\/v2\/users\/1"}],"replies":[{"embeddable":true,"href":"https:\/\/busondakika.com.tr\/index.php?rest_route=%2Fwp%2Fv2%2Fcomments&post=14368"}],"version-history":[{"count":1,"href":"https:\/\/busondakika.com.tr\/index.php?rest_route=\/wp\/v2\/posts\/14368\/revisions"}],"predecessor-version":[{"id":14370,"href":"https:\/\/busondakika.com.tr\/index.php?rest_route=\/wp\/v2\/posts\/14368\/revisions\/14370"}],"wp:featuredmedia":[{"embeddable":true,"href":"https:\/\/busondakika.com.tr\/index.php?rest_route=\/wp\/v2\/media\/14369"}],"wp:attachment":[{"href":"https:\/\/busondakika.com.tr\/index.php?rest_route=%2Fwp%2Fv2%2Fmedia&parent=14368"}],"wp:term":[{"taxonomy":"category","embeddable":true,"href":"https:\/\/busondakika.com.tr\/index.php?rest_route=%2Fwp%2Fv2%2Fcategories&post=14368"},{"taxonomy":"post_tag","embeddable":true,"href":"https:\/\/busondakika.com.tr\/index.php?rest_route=%2Fwp%2Fv2%2Ftags&post=14368"}],"curies":[{"name":"wp","href":"https:\/\/api.w.org\/{rel}","templated":true}]}}