{"id":14371,"date":"2026-05-01T08:18:03","date_gmt":"2026-05-01T08:18:03","guid":{"rendered":"https:\/\/busondakika.com.tr\/?p=14371"},"modified":"2026-05-01T08:18:04","modified_gmt":"2026-05-01T08:18:04","slug":"cankaya-parklarinda-cim-bicme-calismasi","status":"publish","type":"post","link":"https:\/\/busondakika.com.tr\/?p=14371","title":{"rendered":"\u00c7ankaya Parklar\u0131nda \u00c7im Bi\u00e7me \u00c7al\u0131\u015fmas\u0131"},"content":{"rendered":"<p> <b>Ankara\u2019n\u0131n en yo\u011fun ve ye\u015fil dokusuyla \u00f6ne \u00e7\u0131kan il\u00e7elerinden \u00c7ankaya\u2019da park ve ye\u015fil alanlarda \u00e7im bi\u00e7me \u00e7al\u0131\u015fmalar\u0131 h\u0131z kesmeden devam ediyor. \u0130l\u00e7e genelinde s\u00fcrd\u00fcr\u00fclen bak\u0131m faaliyetleriyle ye\u015fil alanlar daha d\u00fczenli, temiz ve estetik bir g\u00f6r\u00fcn\u00fcme kavu\u015fuyor.<\/b><\/p>\n<p>\u00c7ankaya\u2019n\u0131n parklar\u0131nda \u00e7im bi\u00e7me ve yabani ot temizli\u011fi \u00e7al\u0131\u015fmalar\u0131 h\u0131zland\u0131. \u00c7ankaya Belediyesi taraf\u0131ndan planl\u0131 bir \u015fekilde ger\u00e7ekle\u015ftirilen \u00e7al\u0131\u015fmalar kapsam\u0131nda parklar, y\u00fcr\u00fcy\u00fc\u015f yollar\u0131 ve dinlenme alanlar\u0131nda \u00e7im bi\u00e7me i\u015flemleri titizlikle yap\u0131l\u0131yor. \u00d6zellikle bahar aylar\u0131n\u0131n gelmesiyle birlikte artan kullan\u0131m yo\u011funlu\u011funa kar\u015f\u0131l\u0131k, ekipler sahada aktif olarak g\u00f6rev alarak vatanda\u015flar\u0131n daha konforlu bir ortamda vakit ge\u00e7irmesini olanak tan\u0131yor.<\/p>\n<p>Yap\u0131lan d\u00fczenli bak\u0131m \u00e7al\u0131\u015fmalar\u0131 sayesinde hem \u00e7evre temizli\u011fi korunuyor hem de ye\u015fil alanlar\u0131n sa\u011fl\u0131kl\u0131 kalmas\u0131 sa\u011flan\u0131yor. Kent zararl\u0131lar\u0131na kar\u015f\u0131 parklarda ila\u00e7lama \u00e7al\u0131\u015fmas\u0131 da yapan \u00c7ankaya Belediyesi, yaz ba\u015f\u0131na kadar parklarda ve ye\u015fil alanlarda \u00e7im bi\u00e7me \u00e7al\u0131\u015fmalar\u0131na devam edecek.<\/p>\n<p>\u00a0<\/p>\n<p>Kaynak: (BYZHA) Beyaz Haber Ajans\u0131<\/p>\n","protected":false},"excerpt":{"rendered":"<p>Ankara\u2019n\u0131n en yo\u011fun ve ye\u015fil dokusuyla \u00f6ne \u00e7\u0131kan il\u00e7elerinden \u00c7ankaya\u2019da park ve ye\u015fil alanlarda \u00e7im bi\u00e7me \u00e7al\u0131\u015fmalar\u0131 h\u0131z kesmeden devam ediyor.<\/p>\n","protected":false},"author":1,"featured_media":14372,"comment_status":"open","ping_status":"open","sticky":false,"template":"","format":"standard","meta":{"footnotes":""},"categories":[21],"tags":[],"class_list":["post-14371","post","type-post","status-publish","format-standard","has-post-thumbnail","hentry","category-gundem"],"_links":{"self":[{"href":"https:\/\/busondakika.com.tr\/index.php?rest_route=\/wp\/v2\/posts\/14371","targetHints":{"allow":["GET"]}}],"collection":[{"href":"https:\/\/busondakika.com.tr\/index.php?rest_route=\/wp\/v2\/posts"}],"about":[{"href":"https:\/\/busondakika.com.tr\/index.php?rest_route=\/wp\/v2\/types\/post"}],"author":[{"embeddable":true,"href":"https:\/\/busondakika.com.tr\/index.php?rest_route=\/wp\/v2\/users\/1"}],"replies":[{"embeddable":true,"href":"https:\/\/busondakika.com.tr\/index.php?rest_route=%2Fwp%2Fv2%2Fcomments&post=14371"}],"version-history":[{"count":1,"href":"https:\/\/busondakika.com.tr\/index.php?rest_route=\/wp\/v2\/posts\/14371\/revisions"}],"predecessor-version":[{"id":14373,"href":"https:\/\/busondakika.com.tr\/index.php?rest_route=\/wp\/v2\/posts\/14371\/revisions\/14373"}],"wp:featuredmedia":[{"embeddable":true,"href":"https:\/\/busondakika.com.tr\/index.php?rest_route=\/wp\/v2\/media\/14372"}],"wp:attachment":[{"href":"https:\/\/busondakika.com.tr\/index.php?rest_route=%2Fwp%2Fv2%2Fmedia&parent=14371"}],"wp:term":[{"taxonomy":"category","embeddable":true,"href":"https:\/\/busondakika.com.tr\/index.php?rest_route=%2Fwp%2Fv2%2Fcategories&post=14371"},{"taxonomy":"post_tag","embeddable":true,"href":"https:\/\/busondakika.com.tr\/index.php?rest_route=%2Fwp%2Fv2%2Ftags&post=14371"}],"curies":[{"name":"wp","href":"https:\/\/api.w.org\/{rel}","templated":true}]}}