{"id":14377,"date":"2026-05-01T08:18:11","date_gmt":"2026-05-01T08:18:11","guid":{"rendered":"https:\/\/busondakika.com.tr\/?p=14377"},"modified":"2026-05-01T08:18:12","modified_gmt":"2026-05-01T08:18:12","slug":"ulusal-parklar-amerika-ozel-3-mayis-pazar-saat-20-00de-national-geographic-wild-ekranlarinda-izleyicilerle-bulusuyor","status":"publish","type":"post","link":"https:\/\/busondakika.com.tr\/?p=14377","title":{"rendered":"\u2018Ulusal Parklar: Amerika \u00d6zel\u2019,   3 May\u0131s Pazar Saat 20.00\u2019de  National Geographic WILD Ekranlar\u0131nda \u0130zleyicilerle Bulu\u015fuyor!"},"content":{"rendered":"<p> \u0130lkbaharda ABD\u2019nin milli parklar\u0131nda yeni ya\u015fam filizlenir. Ancak korunan alanlarda bile ebeveynlik zorludur; ay\u0131lardan bizonlara, ka\u015f\u0131k\u00e7\u0131lardan ya\u011fmur ku\u015flar\u0131na kadar her t\u00fcr yavrular\u0131n\u0131 korumak i\u00e7in m\u00fccadele eder.\u00a0<\/p>\n<p>\u201cUlusal Parklar: Amerika \u00d6zel\u201d, 3 May\u0131s Pazar 20.00\u2019de National Geographic WILD\u2019da izleyicilerle bulu\u015fuyor.\u00a0<\/p>\n<p>\u00d6d\u00fcll\u00fc y\u00f6netmenlerden nefes kesen belgeselleri, vah\u015fi ya\u015fam\u0131n g\u00f6zler \u00f6n\u00fcne serildi\u011fi kaliteli yap\u0131mlar\u0131 T\u00fcrk izleyicisi ile bulu\u015fturan\u00a0<strong>National Geographic WILD<\/strong>\u00a0kanal\u0131n\u0131\u00a0D-Smart, Digiturk ve TOD, KabloTV, S Sport Plus, Tivibu\u00a0ve\u00a0TV+\u00a0platformlar\u0131ndan izleyebilirsiniz.<\/p>\n<p>\u00a0<\/p>\n<p>\u00a0<\/p>\n<p>Kaynak: (BYZHA) Beyaz Haber Ajans\u0131<\/p>\n","protected":false},"excerpt":{"rendered":"<p>\u0130lkbaharda ABD\u2019nin milli parklar\u0131nda yeni ya\u015fam filizlenir.<\/p>\n","protected":false},"author":1,"featured_media":14378,"comment_status":"open","ping_status":"open","sticky":false,"template":"","format":"standard","meta":{"footnotes":""},"categories":[20],"tags":[],"class_list":["post-14377","post","type-post","status-publish","format-standard","has-post-thumbnail","hentry","category-kultur-sanat"],"_links":{"self":[{"href":"https:\/\/busondakika.com.tr\/index.php?rest_route=\/wp\/v2\/posts\/14377","targetHints":{"allow":["GET"]}}],"collection":[{"href":"https:\/\/busondakika.com.tr\/index.php?rest_route=\/wp\/v2\/posts"}],"about":[{"href":"https:\/\/busondakika.com.tr\/index.php?rest_route=\/wp\/v2\/types\/post"}],"author":[{"embeddable":true,"href":"https:\/\/busondakika.com.tr\/index.php?rest_route=\/wp\/v2\/users\/1"}],"replies":[{"embeddable":true,"href":"https:\/\/busondakika.com.tr\/index.php?rest_route=%2Fwp%2Fv2%2Fcomments&post=14377"}],"version-history":[{"count":1,"href":"https:\/\/busondakika.com.tr\/index.php?rest_route=\/wp\/v2\/posts\/14377\/revisions"}],"predecessor-version":[{"id":14379,"href":"https:\/\/busondakika.com.tr\/index.php?rest_route=\/wp\/v2\/posts\/14377\/revisions\/14379"}],"wp:featuredmedia":[{"embeddable":true,"href":"https:\/\/busondakika.com.tr\/index.php?rest_route=\/wp\/v2\/media\/14378"}],"wp:attachment":[{"href":"https:\/\/busondakika.com.tr\/index.php?rest_route=%2Fwp%2Fv2%2Fmedia&parent=14377"}],"wp:term":[{"taxonomy":"category","embeddable":true,"href":"https:\/\/busondakika.com.tr\/index.php?rest_route=%2Fwp%2Fv2%2Fcategories&post=14377"},{"taxonomy":"post_tag","embeddable":true,"href":"https:\/\/busondakika.com.tr\/index.php?rest_route=%2Fwp%2Fv2%2Ftags&post=14377"}],"curies":[{"name":"wp","href":"https:\/\/api.w.org\/{rel}","templated":true}]}}