{"id":14380,"date":"2026-05-01T08:28:17","date_gmt":"2026-05-01T08:28:17","guid":{"rendered":"https:\/\/busondakika.com.tr\/?p=14380"},"modified":"2026-05-01T08:28:18","modified_gmt":"2026-05-01T08:28:18","slug":"atil-alan-mahalle-parkina-donustu","status":"publish","type":"post","link":"https:\/\/busondakika.com.tr\/?p=14380","title":{"rendered":"At\u0131l alan mahalle park\u0131na d\u00f6n\u00fc\u015ft\u00fc"},"content":{"rendered":"<p> \u0130zmir B\u00fcy\u00fck\u015fehir Belediyesi, Kar\u015f\u0131yaka \u015eemikler\u2019deki 2 bin 500 metrekarelik at\u0131l alan\u0131 ye\u015fil alan, \u00e7ocuk oyun gruplar\u0131, sosyal donat\u0131lar ve 34 ara\u00e7l\u0131k \u00fccretsiz otopark\u0131n yer ald\u0131\u011f\u0131 mahalle park\u0131na d\u00f6n\u00fc\u015ft\u00fcrd\u00fc.<\/p>\n<p>\u0130zmir B\u00fcy\u00fck\u015fehir Belediyesi\u2019nin kent genelinde ba\u015flatt\u0131\u011f\u0131 \u201cYe\u015fil D\u00f6n\u00fc\u015f\u00fcm\u201d \u00e7al\u0131\u015fmalar\u0131 kapsam\u0131nda, Park ve Bah\u00e7eler Dairesi Ba\u015fkanl\u0131\u011f\u0131 yeni bir park\u0131 daha kente kazand\u0131rd\u0131. \u0130zmir B\u00fcy\u00fck\u015fehir Belediye Ba\u015fkan\u0131 Dr. Cemil Tugay\u2019\u0131n 2025 y\u0131l\u0131 eyl\u00fcl ay\u0131nda sahada yapt\u0131\u011f\u0131 incelemeler ve halk\u0131n talepleri do\u011frultusunda Kar\u015f\u0131yaka \u015eemikler Mahallesi 1671. Sokak\u2019ta, yeni imar yolunun yan\u0131nda yer alan 2 bin 500 metrekarelik at\u0131l alan yeniden d\u00fczenlenerek \u015eemikler Mahalle Park\u0131\u2019na d\u00f6n\u00fc\u015ft\u00fcr\u00fcld\u00fc.\u00a0<\/p>\n<p><strong>\u00c7e\u015fit \u00e7e\u015fit bitkilerden olu\u015fan ye\u015fil alan\u00a0<\/strong><br \/>\u0130zmir\u2019in en uzun sokaklar\u0131ndan biri olan alan\u0131n1.130 metrekarelik b\u00f6l\u00fcm\u00fcnde ye\u015fil alan d\u00fczenlemesi yap\u0131ld\u0131. Toprak serimi yap\u0131lan b\u00f6lgeye 24 jakaranda, 6 s\u00fcs eri\u011fi ve 11 \u0131lg\u0131n olmak \u00fczere toplam 41 a\u011fa\u00e7 dikildi. Ayr\u0131ca ard\u0131\u00e7, mahonya, nandina, imperata ve ligustrum t\u00fcrlerinden 2.500\u2019\u00fcn \u00fczerinde \u00e7al\u0131 bitkisiyle peyzaj \u00e7al\u0131\u015fmas\u0131 tamamland\u0131.<\/p>\n<p><strong>\u00dccretsiz otopark ve oyun alan\u0131<\/strong><br \/>\u00c7evresinde \u00e7ok say\u0131da okul bulunan \u015eemikler Mahalle Park\u0131\u2019nda ye\u015fil alan\u0131n yan\u0131 s\u0131ra do\u011fal kum zeminli bir \u00e7ocuk oyun alan\u0131 olu\u015fturuldu. Parka ayr\u0131ca oyun gruplar\u0131, oturma alanlar\u0131 ve sosyal donat\u0131 alanlar\u0131 kazand\u0131r\u0131ld\u0131. Park\u0131n yan\u0131nda yer alan geni\u015f alanda ise 34 ara\u00e7 kapasiteli \u00fccretsiz a\u00e7\u0131k otopark hizmete a\u00e7\u0131ld\u0131.<\/p>\n<p>\u00a0<\/p>\n<p>\u00a0<\/p>\n<p>Kaynak: (BYZHA) Beyaz Haber Ajans\u0131<\/p>\n","protected":false},"excerpt":{"rendered":"<p>\u0130zmir B\u00fcy\u00fck\u015fehir Belediyesi, Kar\u015f\u0131yaka \u015eemikler\u2019deki 2 bin 500 metrekarelik at\u0131l alan\u0131 ye\u015fil alan, \u00e7ocuk oyun gruplar\u0131, sosyal donat\u0131lar ve 34 ara\u00e7l\u0131k \u00fccretsiz otopark\u0131n yer ald\u0131\u011f\u0131 mahalle park\u0131na d\u00f6n\u00fc\u015ft\u00fcrd\u00fc.<\/p>\n","protected":false},"author":1,"featured_media":14381,"comment_status":"open","ping_status":"open","sticky":false,"template":"","format":"standard","meta":{"footnotes":""},"categories":[21],"tags":[],"class_list":["post-14380","post","type-post","status-publish","format-standard","has-post-thumbnail","hentry","category-gundem"],"_links":{"self":[{"href":"https:\/\/busondakika.com.tr\/index.php?rest_route=\/wp\/v2\/posts\/14380","targetHints":{"allow":["GET"]}}],"collection":[{"href":"https:\/\/busondakika.com.tr\/index.php?rest_route=\/wp\/v2\/posts"}],"about":[{"href":"https:\/\/busondakika.com.tr\/index.php?rest_route=\/wp\/v2\/types\/post"}],"author":[{"embeddable":true,"href":"https:\/\/busondakika.com.tr\/index.php?rest_route=\/wp\/v2\/users\/1"}],"replies":[{"embeddable":true,"href":"https:\/\/busondakika.com.tr\/index.php?rest_route=%2Fwp%2Fv2%2Fcomments&post=14380"}],"version-history":[{"count":1,"href":"https:\/\/busondakika.com.tr\/index.php?rest_route=\/wp\/v2\/posts\/14380\/revisions"}],"predecessor-version":[{"id":14382,"href":"https:\/\/busondakika.com.tr\/index.php?rest_route=\/wp\/v2\/posts\/14380\/revisions\/14382"}],"wp:featuredmedia":[{"embeddable":true,"href":"https:\/\/busondakika.com.tr\/index.php?rest_route=\/wp\/v2\/media\/14381"}],"wp:attachment":[{"href":"https:\/\/busondakika.com.tr\/index.php?rest_route=%2Fwp%2Fv2%2Fmedia&parent=14380"}],"wp:term":[{"taxonomy":"category","embeddable":true,"href":"https:\/\/busondakika.com.tr\/index.php?rest_route=%2Fwp%2Fv2%2Fcategories&post=14380"},{"taxonomy":"post_tag","embeddable":true,"href":"https:\/\/busondakika.com.tr\/index.php?rest_route=%2Fwp%2Fv2%2Ftags&post=14380"}],"curies":[{"name":"wp","href":"https:\/\/api.w.org\/{rel}","templated":true}]}}