{"id":14383,"date":"2026-05-01T08:28:19","date_gmt":"2026-05-01T08:28:19","guid":{"rendered":"https:\/\/busondakika.com.tr\/?p=14383"},"modified":"2026-05-01T08:28:20","modified_gmt":"2026-05-01T08:28:20","slug":"niluferde-demokrasi-ve-baris-bulusmasi","status":"publish","type":"post","link":"https:\/\/busondakika.com.tr\/?p=14383","title":{"rendered":"Nil\u00fcfer\u2019de demokrasi ve bar\u0131\u015f bulu\u015fmas\u0131"},"content":{"rendered":"\n<p class=\"cf7a747987be32b5western\" style=\"text-align:start\"><span style=\"font-size:16px\"><span style=\"color:#1a1a1a\"><span style=\", Arial, sans-serif\"><span style=\"font-style:normal\"><span><span style=\"font-weight:400\"><span style=\"white-space:normal\"><span style=\"background-color:#ffffff\"><span><span><span><span style=\"font-size:medium\"><span style=\", times\"><font face=\"Times New Roman, Times, serif\"><font size=\"3\"><b>Nil\u00fcfer Belediyesi taraf\u0131ndan d\u00fczenlenen \u201cM\u00fc\u015fterek Mekan Bulu\u015fmalar\u0131\u201d etkinli\u011fine, \u201cBar\u0131\u015f\u0131n Dili Hukuk ve Demokrasi Olmal\u0131\u201d ba\u015fl\u0131\u011f\u0131yla kat\u0131lan Esenyurt\u2019un se\u00e7ilmi\u015f Belediye Ba\u015fkan\u0131 Prof. Dr. Ahmet \u00d6zer, toplumsal huzurun anahtar\u0131n\u0131n hukuk ve demokrasi oldu\u011funu s\u00f6yledi.<\/b><\/font><\/font><\/span><\/span><\/span><\/span><\/span><\/span><\/span><\/span><\/span><\/span><\/span><\/span><\/span><\/p>\n<p class=\"cf7a747987be32b5western\" style=\"text-align:start\"><span style=\"font-size:16px\"><span style=\"color:#1a1a1a\"><span style=\", Arial, sans-serif\"><span style=\"font-style:normal\"><span><span style=\"font-weight:400\"><span style=\"white-space:normal\"><span style=\"background-color:#ffffff\"><span><span><span><span style=\"font-size:medium\"><span style=\", times\"><font face=\"Times New Roman, Times, serif\"><font size=\"3\">Nil\u00fcfer Belediyesi, \u00fclke g\u00fcndemini \u015fekillendiren konular\u0131n, alan\u0131nda \u00f6nc\u00fc isimlerle ele al\u0131naca\u011f\u0131 \u00f6nemli bir bulu\u015fma zemini olacak \u201cM\u00fc\u015fterek Mekan Bulu\u015fmalar\u0131\u201dn\u0131 ba\u015flatt\u0131. Etkinlik serisinin ilk konu\u011fu olan akademisyen ve siyaset\u00e7i Prof. Dr. Ahmet \u00d6zer, d\u00fczenlenen s\u00f6yle\u015fide; hukukun \u00fcst\u00fcnl\u00fc\u011f\u00fc, demokratik de\u011ferler ve toplumsal bar\u0131\u015f\u0131n \u00f6nemi \u00fczerine kapsaml\u0131 bir perspektif sundu.<\/font><\/font><\/span><\/span><\/span><\/span><\/span><\/span><\/span><\/span><\/span><\/span><\/span><\/span><\/span><\/p>\n<p class=\"cf7a747987be32b5western\" style=\"text-align:start\"><span style=\"font-size:16px\"><span style=\"color:#1a1a1a\"><span style=\", Arial, sans-serif\"><span style=\"font-style:normal\"><span><span style=\"font-weight:400\"><span style=\"white-space:normal\"><span style=\"background-color:#ffffff\"><span><span><span><span style=\"font-size:medium\"><span style=\", times\"><font face=\"Times New Roman, Times, serif\"><font size=\"3\">S\u00f6yle\u015fiye; CHP Bursa \u0130l Ba\u015fkan\u0131 Nihat Ye\u015filta\u015f, CHP Bursa Milletvekili Orhan Sar\u0131bal, Mudanya Belediye Ba\u015fkan\u0131 Deniz Dalg\u0131\u00e7, Gemlik Belediye Ba\u015fkan\u0131 \u015e\u00fckr\u00fc Deviren, CHP Nil\u00fcfer \u0130l\u00e7e Ba\u015fkan\u0131 \u00d6zg\u00fcr \u015eahin, Eski Milli E\u011fitim ve Milli Savunma Bakan\u0131 Turhan Tayan, 24. D\u00f6nem CHP Bursa Milletvekili \u0130lhan Demir\u00f6z, siyasi parti temsilcileri, sivil toplum kurulu\u015flar\u0131n\u0131n y\u00f6neticileri ve \u00e7ok say\u0131da vatanda\u015f kat\u0131l\u0131m sa\u011flad\u0131.<\/font><\/font><\/span><\/span><\/span><\/span><\/span><\/span><\/span><\/span><\/span><\/span><\/span><\/span><\/span><\/p>\n<p class=\"cf7a747987be32b5western\" style=\"text-align:start\"><span style=\"font-size:16px\"><span style=\"color:#1a1a1a\"><span style=\", Arial, sans-serif\"><span style=\"font-style:normal\"><span><span style=\"font-weight:400\"><span style=\"white-space:normal\"><span style=\"background-color:#ffffff\"><span><span><span><span style=\"font-size:medium\"><span style=\", times\"><font face=\"Times New Roman, Times, serif\"><font size=\"3\"><b>GEN\u0130\u015e KATILIMLI DEMOKRAS\u0130 D\u0130YALO\u011eU<\/b><\/font><\/font><\/span><\/span><\/span><\/span><\/span><\/span><\/span><\/span><\/span><\/span><\/span><\/span><\/span><\/p>\n<p class=\"cf7a747987be32b5western\" style=\"text-align:start\"><span style=\"font-size:16px\"><span style=\"color:#1a1a1a\"><span style=\", Arial, sans-serif\"><span style=\"font-style:normal\"><span><span style=\"font-weight:400\"><span style=\"white-space:normal\"><span style=\"background-color:#ffffff\"><span><span><span><span style=\"font-size:medium\"><span style=\", times\"><font face=\"Times New Roman, Times, serif\"><font size=\"3\">Etkinli\u011fin a\u00e7\u0131l\u0131\u015f konu\u015fmas\u0131n\u0131 ger\u00e7ekle\u015ftiren Nil\u00fcfer Belediye Ba\u015fkan\u0131 \u015eadi \u00d6zdemir, Nil\u00fcfer\u2019de uzla\u015fma k\u00fclt\u00fcr\u00fc ve ortak ak\u0131lla hareket ettiklerini belirtti. Nil\u00fcfer Kent Konseyi, mahalle komiteleri ve sivil toplum kurulu\u015flar\u0131yla, her f\u0131rsatta demokrasiyi g\u00fc\u00e7lendirmeyi hedeflediklerini ifade eden Ba\u015fkan \u015eadi \u00d6zdemir, toplumsal bar\u0131\u015f i\u00e7in hukukun ve demokrasinin vazge\u00e7ilmez oldu\u011funu hat\u0131rlatt\u0131.<\/font><\/font><\/span><\/span><\/span><\/span><\/span><\/span><\/span><\/span><\/span><\/span><\/span><\/span><\/span><\/p>\n<p class=\"cf7a747987be32b5western\" style=\"text-align:start\"><span style=\"font-size:16px\"><span style=\"color:#1a1a1a\"><span style=\", Arial, sans-serif\"><span style=\"font-style:normal\"><span><span style=\"font-weight:400\"><span style=\"white-space:normal\"><span style=\"background-color:#ffffff\"><span><span><span><span style=\"font-size:medium\"><span style=\", times\"><font face=\"Times New Roman, Times, serif\"><font size=\"3\"><b>BARI\u015eIN TEMEL\u0130 HUKUK VE ADALETT\u0130R<\/b><\/font><\/font><\/span><\/span><\/span><\/span><\/span><\/span><\/span><\/span><\/span><\/span><\/span><\/span><\/span><\/p>\n<p class=\"cf7a747987be32b5western\" style=\"text-align:start\"><span style=\"font-size:16px\"><span style=\"color:#1a1a1a\"><span style=\", Arial, sans-serif\"><span style=\"font-style:normal\"><span><span style=\"font-weight:400\"><span style=\"white-space:normal\"><span style=\"background-color:#ffffff\"><span><span><span><span style=\"font-size:medium\"><span style=\", times\"><font face=\"Times New Roman, Times, serif\"><font size=\"3\">S\u00f6yle\u015fisinde Bursa\u2019n\u0131n T\u00fcrkiye\u2019nin d\u00f6rd\u00fcnc\u00fc b\u00fcy\u00fck \u015fehri olarak stratejik \u00f6nemine ve potansiyeline de\u011finen Prof. Dr. Ahmet \u00d6zer, demokratik normalle\u015fmenin \u00f6nemine dikkat \u00e7ekti. \u0130nsan akl\u0131n\u0131n \u015fimdiye kadar buldu\u011fu en ideal y\u00f6netim bi\u00e7iminin demokrasi oldu\u011funu ifade eden \u00d6zer, bu sistemin halk\u0131n r\u0131zas\u0131na dayanmas\u0131 gerekti\u011fini belirtti. Prof. Dr. Ahmet \u00d6zer, konu\u015fmas\u0131nda \u015fu temel vurgular\u0131 yapt\u0131: \u201cAdalet devletin temelidir.\u00a0<\/font><\/font><font face=\"Times New Roman, Times, serif\"><font size=\"3\">A<\/font><\/font><font face=\"Times New Roman, Times, serif\"><font size=\"3\">daletin zay\u0131flamas\u0131 durumunda devletin de g\u00fc\u00e7 kaybedece\u011fini unutmamal\u0131y\u0131z. Hukuk, toplumlar\u0131 bir arada tutan en g\u00fc\u00e7l\u00fc \u00e7imentodur. Toplumsal adaletin sa\u011flanmad\u0131\u011f\u0131 bir ortamda ekonomik sorunlar\u0131n da \u00e7\u00f6z\u00fclemeyece\u011fini, kalk\u0131nman\u0131n temelinde g\u00fcvenilir bir hukuk sisteminin yatt\u0131\u011f\u0131n\u0131 her f\u0131rsatta hat\u0131rlamal\u0131y\u0131z. Bar\u0131\u015f ise sadece \u00e7at\u0131\u015fmas\u0131zl\u0131k de\u011fil; huzur, diyalog ve farkl\u0131l\u0131klarla bir arada ya\u015fama k\u00fclt\u00fcr\u00fcd\u00fcr. En k\u00f6t\u00fc bar\u0131\u015f bile en iyi sava\u015ftan bin kat daha iyidir.\u201d<\/font><\/font><\/span><\/span><\/span><\/span><\/span><\/span><\/span><\/span><\/span><\/span><\/span><\/span><\/span><\/p>\n<p class=\"cf7a747987be32b5western\" style=\"text-align:start\"><span style=\"font-size:16px\"><span style=\"color:#1a1a1a\"><span style=\", Arial, sans-serif\"><span style=\"font-style:normal\"><span><span style=\"font-weight:400\"><span style=\"white-space:normal\"><span style=\"background-color:#ffffff\"><span><span><span><span style=\"font-size:medium\"><span style=\", times\"><font face=\"Times New Roman, Times, serif\"><font size=\"3\">Siyasetin temel i\u015flevinin \u00fcretimi art\u0131rmak ve adil b\u00f6l\u00fc\u015f\u00fcm\u00fc sa\u011flamak oldu\u011funu da hat\u0131rlatan \u00d6zer, siyasi partilerin birbirinin d\u00fc\u015fman\u0131 de\u011fil rakibi oldu\u011funu ve bu rekabetin nezaket \u00e7er\u00e7evesinde y\u00fcr\u00fct\u00fclmesinin T\u00fcrkiye\u2019nin demokratik normalle\u015fmesi i\u00e7in elzem oldu\u011funu s\u00f6yledi.<\/font><\/font><\/span><\/span><\/span><\/span><\/span><\/span><\/span><\/span><\/span><\/span><\/span><\/span><\/span><\/p>\n<p class=\"cf7a747987be32b5western\" style=\"text-align:start\"><span style=\"font-size:16px\"><span style=\"color:#1a1a1a\"><span style=\", Arial, sans-serif\"><span style=\"font-style:normal\"><span><span style=\"font-weight:400\"><span style=\"white-space:normal\"><span style=\"background-color:#ffffff\"><span><span><span><span style=\"font-size:medium\"><span style=\", times\"><font face=\"Times New Roman, Times, serif\"><font size=\"3\">Yo\u011fun kat\u0131l\u0131mla ger\u00e7ekle\u015fen etkinlik, soru-cevap b\u00f6l\u00fcm\u00fcn\u00fcn ard\u0131ndan sona erdi. Prof. Dr. Ahmet \u00d6zer, program sonunda kitaplar\u0131n\u0131 imzalad\u0131.<\/font><\/font><\/span><\/span><\/span><\/span><\/span><\/span><\/span><\/span><\/span><\/span><\/span><\/span><\/span><\/p>\n<p class=\"cf7a747987be32b5western\" style=\"text-align:start\">\u00a0<\/p>\n<p>Kaynak: (BYZHA) Beyaz Haber Ajans\u0131<\/p>\n","protected":false},"excerpt":{"rendered":"<p>Nil\u00fcfer Belediyesi taraf\u0131ndan d\u00fczenlenen \u201cM\u00fc\u015fterek Mekan Bulu\u015fmalar\u0131\u201d etkinli\u011fine, \u201cBar\u0131\u015f\u0131n Dili Hukuk ve Demokrasi Olmal\u0131\u201d ba\u015fl\u0131\u011f\u0131yla kat\u0131lan Esenyurt\u2019un se\u00e7ilmi\u015f Belediye Ba\u015fkan\u0131 Prof.<\/p>\n","protected":false},"author":1,"featured_media":14384,"comment_status":"open","ping_status":"open","sticky":false,"template":"","format":"standard","meta":{"footnotes":""},"categories":[21],"tags":[],"class_list":["post-14383","post","type-post","status-publish","format-standard","has-post-thumbnail","hentry","category-gundem"],"_links":{"self":[{"href":"https:\/\/busondakika.com.tr\/index.php?rest_route=\/wp\/v2\/posts\/14383","targetHints":{"allow":["GET"]}}],"collection":[{"href":"https:\/\/busondakika.com.tr\/index.php?rest_route=\/wp\/v2\/posts"}],"about":[{"href":"https:\/\/busondakika.com.tr\/index.php?rest_route=\/wp\/v2\/types\/post"}],"author":[{"embeddable":true,"href":"https:\/\/busondakika.com.tr\/index.php?rest_route=\/wp\/v2\/users\/1"}],"replies":[{"embeddable":true,"href":"https:\/\/busondakika.com.tr\/index.php?rest_route=%2Fwp%2Fv2%2Fcomments&post=14383"}],"version-history":[{"count":1,"href":"https:\/\/busondakika.com.tr\/index.php?rest_route=\/wp\/v2\/posts\/14383\/revisions"}],"predecessor-version":[{"id":14385,"href":"https:\/\/busondakika.com.tr\/index.php?rest_route=\/wp\/v2\/posts\/14383\/revisions\/14385"}],"wp:featuredmedia":[{"embeddable":true,"href":"https:\/\/busondakika.com.tr\/index.php?rest_route=\/wp\/v2\/media\/14384"}],"wp:attachment":[{"href":"https:\/\/busondakika.com.tr\/index.php?rest_route=%2Fwp%2Fv2%2Fmedia&parent=14383"}],"wp:term":[{"taxonomy":"category","embeddable":true,"href":"https:\/\/busondakika.com.tr\/index.php?rest_route=%2Fwp%2Fv2%2Fcategories&post=14383"},{"taxonomy":"post_tag","embeddable":true,"href":"https:\/\/busondakika.com.tr\/index.php?rest_route=%2Fwp%2Fv2%2Ftags&post=14383"}],"curies":[{"name":"wp","href":"https:\/\/api.w.org\/{rel}","templated":true}]}}