{"id":14404,"date":"2026-05-01T08:38:12","date_gmt":"2026-05-01T08:38:12","guid":{"rendered":"https:\/\/busondakika.com.tr\/?p=14404"},"modified":"2026-05-01T08:38:13","modified_gmt":"2026-05-01T08:38:13","slug":"buyuksehirden-emeklilere-ozel-gezi-programi","status":"publish","type":"post","link":"https:\/\/busondakika.com.tr\/?p=14404","title":{"rendered":"B\u00fcy\u00fck\u015fehir\u2019den emeklilere \u00f6zel gezi program\u0131"},"content":{"rendered":"<p> \u0130zmir B\u00fcy\u00fck\u015fehir Belediyesi\u2019nin emeklilere y\u00f6nelik sosyal ve ekonomik destekleri s\u00fcr\u00fcyor. Market, kira ve su deste\u011finden sonra B\u00fcy\u00fck\u015fehir Belediyesi bu kez 30 il\u00e7ede uygulanacak emeklilere \u00f6zel \u00fccretsiz gezi program\u0131 olu\u015fturdu. Tire\u2019yle ba\u015flayan program Kemeralt\u0131 ile devam etti.\u00a0<\/p>\n<p>\u0130zmir B\u00fcy\u00fck\u015fehir Belediyesi, sosyal belediyecilik anlay\u0131\u015f\u0131yla ekonomik zorluklar nedeniyle sosyal hayata kat\u0131lmakta g\u00fc\u00e7l\u00fck \u00e7eken emeklilerin yan\u0131nda olmaya devam ediyor. Sosyal Hizmetler Dairesi Ba\u015fkanl\u0131\u011f\u0131 b\u00fcnyesinde y\u00fcr\u00fct\u00fclen \u201cEmekli Destekleri\u201d program\u0131 kapsam\u0131nda gezi takvimi olu\u015fturuldu. Bu kapsamda kentin 30 il\u00e7esinde d\u00fczenlenecek geziler Tire ile ba\u015flarken, Konak Kemeralt\u0131 ile devam etti.<br \/>\u0130zmir\u2019de ya\u015fayan emekliler, bizvariz.izmir.bel.tr adresi \u00fczerinden ya da Dan\u0131\u015fma ve Dayan\u0131\u015fma Noktalar\u0131 arac\u0131l\u0131\u011f\u0131yla ba\u015fvuru yaparak \u00fccretsiz gezi program\u0131na kat\u0131labiliyor. \u201c\u0130zmir\u2019in Emeklileri \u0130zmir\u2019i Ke\u015ffediyor\u201d slogan\u0131yla d\u00fczenlenen projeyle, emeklilerin kentin k\u00fclt\u00fcrel ve do\u011fal zenginliklerini yeniden ke\u015ffetmesi sa\u011flan\u0131rken, sosyalle\u015fmeleri de te\u015fvik ediliyor. Proje ile ayn\u0131 zamanda emeklilerin b\u00fct\u00e7e ay\u0131rmakta zorland\u0131klar\u0131 sosyal, k\u00fclt\u00fcrel ve turistik faaliyetlere eri\u015fimi art\u0131rmak ve toplumsal dayan\u0131\u015fmay\u0131 g\u00fc\u00e7lendirmek hedefleniyor.<\/p>\n<p><strong>\u201cBa\u015fkan\u0131m\u0131z\u0131n \u00f6nc\u00fcl\u00fc\u011f\u00fcnde t\u00fcm emeklilerimizin yan\u0131nday\u0131z\u201d<\/strong><br \/>Sosyal Hizmetler ve Yard\u0131mlar \u015eube M\u00fcd\u00fcr\u00fc Sultan Tut, bir emekli dayan\u0131\u015fma projesi geli\u015ftirildi\u011fini belirterek \u015funlar\u0131 s\u00f6yledi: \u201cEmeklilerimizin sosyal, k\u00fclt\u00fcrel ve turistik alanlarda gezmek i\u00e7in b\u00fct\u00e7e ay\u0131ramad\u0131klar\u0131n\u0131n fark\u0131nday\u0131z. Bu nedenle gezi program\u0131n\u0131 hayata ge\u00e7irdik. D\u00fcn Tire\u2019deydik, bug\u00fcn Kemeralt\u0131\u2019nday\u0131z. T\u00fcm emeklilerimizi bu turlar\u0131m\u0131za bekliyoruz. Maddi ve manevi olarak yanlar\u0131nda olmaya \u00e7al\u0131\u015f\u0131yoruz. Kira, market ve su faturas\u0131 deste\u011fi sa\u011fl\u0131yoruz. Sosyal faaliyetlerde de yanlar\u0131nday\u0131z. \u015eimdi de gezileri ba\u015flatt\u0131k. Vatanda\u015flar\u0131m\u0131z bizvar\u0131z internet sitesi \u00fczerinden \u2018Destek Al\u2019 b\u00f6l\u00fcm\u00fcnden ya da Dan\u0131\u015fma ve Dayan\u0131\u015fma Noktalar\u0131\u2019ndan ba\u015fvuru yapabilir. \u0130zmir\u2019in t\u00fcm il\u00e7elerinde tarihi ve k\u00fclt\u00fcrel yerleri kapsayan geziler planlad\u0131k. Ba\u015fkan\u0131m\u0131z Dr. Cemil Tugay \u00f6nc\u00fcl\u00fc\u011f\u00fcnde emeklilerimizin her zaman yan\u0131nday\u0131z.\u201d<\/p>\n<p><strong>Emekliler B\u00fcy\u00fck\u015fehir hizmetlerinden memnun<\/strong><br \/>Hizmetten duydu\u011fu memnuniyeti dile getiren Suna Adl\u0131, \u201cKendimi \u00e7ok \u00f6nemli hissettim. \u00c7ok ho\u015fuma gitti, \u00e7ok mutluyum, burada olmaktan keyif ald\u0131m. \u0130zmir B\u00fcy\u00fck\u015fehir Belediyesi\u2019nin hizmetlerini \u00e7ok be\u011feniyorum. Ger\u00e7ekten birilerinin bizi d\u00fc\u015f\u00fcnmesi, ihtiya\u00e7lar\u0131m\u0131z\u0131 d\u00fc\u015f\u00fcnmesi \u00e7ok g\u00fczel bir \u015fey\u201d diye konu\u015ftu.\u00a0<br \/>G\u00fclseren Akan da, \u201cBizim i\u00e7in de\u011fi\u015fik bir g\u00fcn oldu. Evde oturmaktan s\u0131k\u0131l\u0131yoruz. Sosyalle\u015fmek, yeni arkada\u015flarla tan\u0131\u015fmak \u00e7ok g\u00fczel. Bu etkinlikleri bekliyoruz. Tek ba\u015f\u0131m\u0131za gezemiyoruz. Genel anlamda \u0130zmir B\u00fcy\u00fck\u015fehir Belediyesi\u2019nin hizmetlerinden \u00e7ok memnunuz. Bir sorun oldu\u011funda ilgileniyorlar, \u00e7ok te\u015fekk\u00fcrler\u201d dedi.\u00a0<br \/>Emekli Elif \u015eeng\u00fcl ise, \u201cProgram \u00e7ok g\u00fczel ge\u00e7iyor. Tire\u2019de e\u015fimle, o\u011flumla birlikteydim. Kemeralt\u0131 gezisine tek ba\u015f\u0131ma geldim. Devam\u0131 olursa g\u00fczel olacak. Ekonomik sebepler nedeniyle ba\u015fka t\u00fcrl\u00fc geziye gidemiyoruz. \u0130zmir B\u00fcy\u00fck\u015fehir Belediyesi\u2019nin hizmetlerinden memnunum. Yemek, g\u0131da al\u0131yorum. Daha ne isteyeyim, ba\u015fkan\u0131m\u0131z\u0131n sa\u011fl\u0131\u011f\u0131ndan ba\u015fka?\u201d dedi.<\/p>\n<p>\u00a0<\/p>\n<p>\u00a0<\/p>\n<p>Kaynak: (BYZHA) Beyaz Haber Ajans\u0131<\/p>\n","protected":false},"excerpt":{"rendered":"<p>\u0130zmir B\u00fcy\u00fck\u015fehir Belediyesi\u2019nin emeklilere y\u00f6nelik sosyal ve ekonomik destekleri s\u00fcr\u00fcyor.<\/p>\n","protected":false},"author":1,"featured_media":14405,"comment_status":"open","ping_status":"open","sticky":false,"template":"","format":"standard","meta":{"footnotes":""},"categories":[20],"tags":[],"class_list":["post-14404","post","type-post","status-publish","format-standard","has-post-thumbnail","hentry","category-kultur-sanat"],"_links":{"self":[{"href":"https:\/\/busondakika.com.tr\/index.php?rest_route=\/wp\/v2\/posts\/14404","targetHints":{"allow":["GET"]}}],"collection":[{"href":"https:\/\/busondakika.com.tr\/index.php?rest_route=\/wp\/v2\/posts"}],"about":[{"href":"https:\/\/busondakika.com.tr\/index.php?rest_route=\/wp\/v2\/types\/post"}],"author":[{"embeddable":true,"href":"https:\/\/busondakika.com.tr\/index.php?rest_route=\/wp\/v2\/users\/1"}],"replies":[{"embeddable":true,"href":"https:\/\/busondakika.com.tr\/index.php?rest_route=%2Fwp%2Fv2%2Fcomments&post=14404"}],"version-history":[{"count":1,"href":"https:\/\/busondakika.com.tr\/index.php?rest_route=\/wp\/v2\/posts\/14404\/revisions"}],"predecessor-version":[{"id":14406,"href":"https:\/\/busondakika.com.tr\/index.php?rest_route=\/wp\/v2\/posts\/14404\/revisions\/14406"}],"wp:featuredmedia":[{"embeddable":true,"href":"https:\/\/busondakika.com.tr\/index.php?rest_route=\/wp\/v2\/media\/14405"}],"wp:attachment":[{"href":"https:\/\/busondakika.com.tr\/index.php?rest_route=%2Fwp%2Fv2%2Fmedia&parent=14404"}],"wp:term":[{"taxonomy":"category","embeddable":true,"href":"https:\/\/busondakika.com.tr\/index.php?rest_route=%2Fwp%2Fv2%2Fcategories&post=14404"},{"taxonomy":"post_tag","embeddable":true,"href":"https:\/\/busondakika.com.tr\/index.php?rest_route=%2Fwp%2Fv2%2Ftags&post=14404"}],"curies":[{"name":"wp","href":"https:\/\/api.w.org\/{rel}","templated":true}]}}