{"id":14407,"date":"2026-05-01T08:38:17","date_gmt":"2026-05-01T08:38:17","guid":{"rendered":"https:\/\/busondakika.com.tr\/?p=14407"},"modified":"2026-05-01T08:38:18","modified_gmt":"2026-05-01T08:38:18","slug":"turktraktor-2026-yili-ilk-ceyrek-finansal-sonuclarini-acikladi","status":"publish","type":"post","link":"https:\/\/busondakika.com.tr\/?p=14407","title":{"rendered":"T\u00fcrkTrakt\u00f6r 2026 Y\u0131l\u0131 \u0130lk \u00c7eyrek Finansal Sonu\u00e7lar\u0131n\u0131 A\u00e7\u0131klad\u0131"},"content":{"rendered":"<p> <strong>T\u00fcrkiye otomotiv sekt\u00f6r\u00fcn\u00fcn faaliyetteki en k\u00f6kl\u00fc \u00fcreticisi T\u00fcrkTrakt\u00f6r, 2026 y\u0131l\u0131 ilk \u00e7eyrek finansal sonu\u00e7lar\u0131n\u0131 a\u00e7\u0131klad\u0131.<\/strong><\/p>\n<p>Y\u0131l\u0131n ilk \u00fc\u00e7 ay\u0131nda 5 bin 35 adet trakt\u00f6r\u00fc banttan indiren T\u00fcrkTrakt\u00f6r, T\u00fcrkiye\u2019deki trakt\u00f6r \u00fcretiminin y\u00fczde 58\u2019ini, ihracat\u0131n\u0131n ise y\u00fczde 71\u2019ini kar\u015f\u0131layarak liderli\u011fini s\u00fcrd\u00fcrd\u00fc. 2025 y\u0131l\u0131n\u0131n genel performans\u0131yla k\u0131yasland\u0131\u011f\u0131nda, \u015firketin pazar pay\u0131ndaki g\u00fc\u00e7l\u00fc konumunu korudu\u011fu ve \u00fcretim ile ihracattaki g\u00fc\u00e7l\u00fc duru\u015funu s\u00fcrd\u00fcrd\u00fc\u011f\u00fc g\u00f6r\u00fcl\u00fcyor. T\u00fcrkTrakt\u00f6r\u2019\u00fcn 2026 ilk \u00e7eyrek finansal verileri do\u011frultusunda toplam cirosu 10 milyar 55 milyon TL olarak ger\u00e7ekle\u015firken, zorlu piyasa ko\u015fullar\u0131na ra\u011fmen operasyonel disiplin oda\u011f\u0131n\u0131 korudu. \u015eirketin net zarar\u0131 1 milyar 275 milyon TL, FAV\u00d6K marj\u0131 ise y\u00fczde 0,3 olarak ger\u00e7ekle\u015fti.\u00a0<\/p>\n<p>2025 y\u0131l\u0131nda toplam %36 oran\u0131nda daralan T\u00fcrkiye trakt\u00f6r pazar\u0131nda, 2026 y\u0131l\u0131 ilk \u00e7eyre\u011finde ge\u00e7ti\u011fimiz y\u0131l\u0131n ayn\u0131 d\u00f6nemine g\u00f6re %59 oran\u0131nda daralma g\u00f6r\u00fcld\u00fc. Bu daralma e\u011filiminin sebepleri aras\u0131nda talep taraf\u0131ndaki zay\u0131flama, artan girdi maliyetleri ve finansman giderlerinin yan\u0131 s\u0131ra bir \u00f6nceki sezondan kaynaklanan sekt\u00f6rel olumsuzluklar belirleyici oldu.\u00a0<\/p>\n<p>T\u00fcrkTrakt\u00f6r \u015eirket Lideri Matthieu S\u00e9journ\u00e9 sonu\u00e7lara ili\u015fkin de\u011ferlendirmelerde bulunarak, \u201cT\u00fcrkiye trakt\u00f6r pazar\u0131ndaki daralma e\u011filimi, bu y\u0131l\u0131n ilk \u00e7eyre\u011finde de devam etti. Buna kar\u015f\u0131n T\u00fcrkTrakt\u00f6r olarak mart ay\u0131 sonu itibariyle 2 markam\u0131zda toplam %44,7 pazar pay\u0131m\u0131z ile g\u00fc\u00e7l\u00fc pazar konumumuzu korumaya devam ettik. \u00a0Mevcut piyasa ko\u015fullar\u0131nda y\u00f6n\u00fcm\u00fcz\u00fc do\u011fru belirlemek ad\u0131na fiyatland\u0131rma disiplini ve maliyet kontrol\u00fc ba\u015fta olmak \u00fczere kritik alanlarda \u00e7al\u0131\u015fmalar\u0131m\u0131z\u0131 s\u00fcrd\u00fcr\u00fcyoruz. 2026\u2019n\u0131n ilk \u00e7eyre\u011finde operasyonel verimlili\u011fimizi art\u0131rmaya ve maliyet yap\u0131m\u0131z\u0131 daha etkin y\u00f6netmeye odakland\u0131k\u201d dedi.<\/p>\n<p>Bir s\u00fcredir devam eden zorlu piyasa ko\u015fullar\u0131na ra\u011fmen sekt\u00f6r liderliklerini koruduklar\u0131n\u0131 belirten S\u00e9journ\u00e9, \u201cNew Holland ve Case IH markalar\u0131m\u0131zla T\u00fcrkiye\u2019deki trakt\u00f6r \u00fcretiminin y\u00fczde 58\u2019ini, ihracat\u0131n ise y\u00fczde 71\u2019ini kar\u015f\u0131l\u0131yoruz. Bu g\u00fc\u00e7l\u00fc konumumuzu korurken, \u00e7ift\u00e7ilerimizin yan\u0131nda olmaya ve sahadaki varl\u0131\u011f\u0131m\u0131z\u0131 g\u00fc\u00e7lendirmeye devam ediyoruz. Ayn\u0131 \u015fekilde i\u015f makineleri alan\u0131nda da istikrarl\u0131 \u015fekilde faaliyetlerimizi s\u00fcrd\u00fcr\u00fcyoruz. K\u0131sa vadeli planlardan ziyade orta ve uzun vadeli hareket ediyor, gelece\u011fe g\u00fcvenle bak\u0131yoruz. Att\u0131\u011f\u0131m\u0131z stratejik ad\u0131mlar\u0131n y\u0131l\u0131n geri kalan\u0131nda daha da etkili sonu\u00e7lar \u00fcretmesini bekliyoruz\u201d \u015feklinde konu\u015ftu.<\/p>\n<p>\u00a0<\/p>\n<p>Kaynak: (BYZHA) Beyaz Haber Ajans\u0131<\/p>\n","protected":false},"excerpt":{"rendered":"<p>T\u00fcrkiye otomotiv sekt\u00f6r\u00fcn\u00fcn faaliyetteki en k\u00f6kl\u00fc \u00fcreticisi T\u00fcrkTrakt\u00f6r, 2026 y\u0131l\u0131 ilk \u00e7eyrek finansal sonu\u00e7lar\u0131n\u0131 a\u00e7\u0131klad\u0131.<\/p>\n","protected":false},"author":1,"featured_media":14408,"comment_status":"open","ping_status":"open","sticky":false,"template":"","format":"standard","meta":{"footnotes":""},"categories":[26],"tags":[],"class_list":["post-14407","post","type-post","status-publish","format-standard","has-post-thumbnail","hentry","category-otomobil"],"_links":{"self":[{"href":"https:\/\/busondakika.com.tr\/index.php?rest_route=\/wp\/v2\/posts\/14407","targetHints":{"allow":["GET"]}}],"collection":[{"href":"https:\/\/busondakika.com.tr\/index.php?rest_route=\/wp\/v2\/posts"}],"about":[{"href":"https:\/\/busondakika.com.tr\/index.php?rest_route=\/wp\/v2\/types\/post"}],"author":[{"embeddable":true,"href":"https:\/\/busondakika.com.tr\/index.php?rest_route=\/wp\/v2\/users\/1"}],"replies":[{"embeddable":true,"href":"https:\/\/busondakika.com.tr\/index.php?rest_route=%2Fwp%2Fv2%2Fcomments&post=14407"}],"version-history":[{"count":1,"href":"https:\/\/busondakika.com.tr\/index.php?rest_route=\/wp\/v2\/posts\/14407\/revisions"}],"predecessor-version":[{"id":14409,"href":"https:\/\/busondakika.com.tr\/index.php?rest_route=\/wp\/v2\/posts\/14407\/revisions\/14409"}],"wp:featuredmedia":[{"embeddable":true,"href":"https:\/\/busondakika.com.tr\/index.php?rest_route=\/wp\/v2\/media\/14408"}],"wp:attachment":[{"href":"https:\/\/busondakika.com.tr\/index.php?rest_route=%2Fwp%2Fv2%2Fmedia&parent=14407"}],"wp:term":[{"taxonomy":"category","embeddable":true,"href":"https:\/\/busondakika.com.tr\/index.php?rest_route=%2Fwp%2Fv2%2Fcategories&post=14407"},{"taxonomy":"post_tag","embeddable":true,"href":"https:\/\/busondakika.com.tr\/index.php?rest_route=%2Fwp%2Fv2%2Ftags&post=14407"}],"curies":[{"name":"wp","href":"https:\/\/api.w.org\/{rel}","templated":true}]}}