{"id":14410,"date":"2026-05-01T08:49:31","date_gmt":"2026-05-01T08:49:31","guid":{"rendered":"https:\/\/busondakika.com.tr\/?p=14410"},"modified":"2026-05-01T08:49:32","modified_gmt":"2026-05-01T08:49:32","slug":"buyukakindan-cavit-amcayi-sevindiren-surpriz","status":"publish","type":"post","link":"https:\/\/busondakika.com.tr\/?p=14410","title":{"rendered":"B\u00fcy\u00fckak\u0131n\u2019dan Cavit Amca\u2019y\u0131 sevindiren s\u00fcrpriz"},"content":{"rendered":"<p> Kocaeli B\u00fcy\u00fck\u015fehir Belediye Ba\u015fkan\u0131 Tahir B\u00fcy\u00fckak\u0131n, kendisini g\u00f6rmek isteyen ancak rahats\u0131zl\u0131\u011f\u0131 nedeni ile buna imkan\u0131 olmayan 90 ya\u015f\u0131ndaki Cavit S\u00f6nmez\u2019in evine giderek s\u00fcrpriz yapt\u0131.<\/p>\n<p>Kocaeli B\u00fcy\u00fck\u015fehir Belediye Ba\u015fkan\u0131 Tahir B\u00fcy\u00fckak\u0131n, Derince il\u00e7esi \u00c7avu\u015flu Mahallesi\u2019nde d\u00fczenlenen Yem Bitkisi Tohumu Da\u011f\u0131t\u0131m T\u00f6reni\u2019nde Osman S\u00f6nmez ile ilgin\u00e7 bir diyalog ya\u015fad\u0131. T\u00f6ren s\u0131ras\u0131nda Ba\u015fkan B\u00fcy\u00fckak\u0131n\u2019\u0131n yan\u0131na gelen Osman S\u00f6nmez, dedesi Cavit S\u00f6nmez\u2019in kendisini \u00e7ok g\u00f6rmek istedi\u011fini ancak rahats\u0131zl\u0131\u011f\u0131n\u0131n buna izin vermedi\u011fini s\u00f6yledi. Bunun \u00fczerine Ba\u015fkan B\u00fcy\u00fckak\u0131n, t\u00f6renin ard\u0131ndan 90 ya\u015f\u0131ndaki Cavit Amca\u2019y\u0131 evinde ziyaret etti.<\/p>\n<p><b>BA\u015eKAN\u2019A TE\u015eEKK\u00dcR ETT\u0130<\/b><\/p>\n<p>K\u00f6rfez Belediye Ba\u015fkan\u0131 \u015eener S\u00f6\u011f\u00fct ve AK Parti K\u00f6rfez \u0130l\u00e7e Ba\u015fkan\u0131 Nurettin Okudan\u2019\u0131n da e\u015flik etti\u011fi Ba\u015fkan B\u00fcy\u00fckak\u0131n\u2019\u0131 kar\u015f\u0131s\u0131nda g\u00f6r\u00fcnce sevinen Cavit Amca, ziyaret nedeni ile te\u015fekk\u00fcr etti. Cavit Amca, \u201cBa\u015fkan\u0131m\u0131z\u0131 \u00e7ok g\u00f6rmek istiyordum. Ancak rahats\u0131zl\u0131\u011f\u0131m nedeni ile bunu ger\u00e7ekle\u015ftiremiyordum. Torunum da t\u00f6ren i\u00e7in mahallemize gelen ba\u015fkan\u0131m\u0131za ula\u015fm\u0131\u015f ve talebimi iletmi\u015f. Sa\u011f olsun, kendisi de bizi k\u0131rmayarak ziyaretime geldi. \u00c7ok sevindim. Kendisine te\u015fekk\u00fcr ediyorum\u201d s\u00f6zleri ile duydu\u011fu sevinci dile getirdi.<\/p>\n<p><b>CAV\u0130T AMCA\u2019DAN ANILARINI D\u0130NLED\u0130<\/b><\/p>\n<p>Cavit Amca\u2019n\u0131n elini \u00f6pen ve halini hat\u0131r\u0131n\u0131 soran Kocaeli B\u00fcy\u00fck\u015fehir Belediye Ba\u015fkan\u0131 Tahir B\u00fcy\u00fckak\u0131n, S\u00f6nmez ve ailesi ile keyifli bir sohbet ger\u00e7ekle\u015ftirdi. Cavit Amca\u2019dan an\u0131lar\u0131n\u0131 dinleyen Ba\u015fkan B\u00fcy\u00fckak\u0131n, sa\u011fl\u0131kl\u0131 bir \u00f6m\u00fcr diledi\u011fi S\u00f6nmez ailesine, misafirperverliklerinden dolay\u0131 te\u015fekk\u00fcr etti.<\/p>\n<p>\u00a0<\/p>\n<p>Kaynak: (BYZHA) Beyaz Haber Ajans\u0131<\/p>\n","protected":false},"excerpt":{"rendered":"<p>Kocaeli B\u00fcy\u00fck\u015fehir Belediye Ba\u015fkan\u0131 Tahir B\u00fcy\u00fckak\u0131n, kendisini g\u00f6rmek isteyen ancak rahats\u0131zl\u0131\u011f\u0131 nedeni ile buna imkan\u0131 olmayan 90 ya\u015f\u0131ndaki Cavit S\u00f6nmez\u2019in evine giderek s\u00fcrpriz yapt\u0131.<\/p>\n","protected":false},"author":1,"featured_media":14411,"comment_status":"open","ping_status":"open","sticky":false,"template":"","format":"standard","meta":{"footnotes":""},"categories":[21],"tags":[],"class_list":["post-14410","post","type-post","status-publish","format-standard","has-post-thumbnail","hentry","category-gundem"],"_links":{"self":[{"href":"https:\/\/busondakika.com.tr\/index.php?rest_route=\/wp\/v2\/posts\/14410","targetHints":{"allow":["GET"]}}],"collection":[{"href":"https:\/\/busondakika.com.tr\/index.php?rest_route=\/wp\/v2\/posts"}],"about":[{"href":"https:\/\/busondakika.com.tr\/index.php?rest_route=\/wp\/v2\/types\/post"}],"author":[{"embeddable":true,"href":"https:\/\/busondakika.com.tr\/index.php?rest_route=\/wp\/v2\/users\/1"}],"replies":[{"embeddable":true,"href":"https:\/\/busondakika.com.tr\/index.php?rest_route=%2Fwp%2Fv2%2Fcomments&post=14410"}],"version-history":[{"count":1,"href":"https:\/\/busondakika.com.tr\/index.php?rest_route=\/wp\/v2\/posts\/14410\/revisions"}],"predecessor-version":[{"id":14412,"href":"https:\/\/busondakika.com.tr\/index.php?rest_route=\/wp\/v2\/posts\/14410\/revisions\/14412"}],"wp:featuredmedia":[{"embeddable":true,"href":"https:\/\/busondakika.com.tr\/index.php?rest_route=\/wp\/v2\/media\/14411"}],"wp:attachment":[{"href":"https:\/\/busondakika.com.tr\/index.php?rest_route=%2Fwp%2Fv2%2Fmedia&parent=14410"}],"wp:term":[{"taxonomy":"category","embeddable":true,"href":"https:\/\/busondakika.com.tr\/index.php?rest_route=%2Fwp%2Fv2%2Fcategories&post=14410"},{"taxonomy":"post_tag","embeddable":true,"href":"https:\/\/busondakika.com.tr\/index.php?rest_route=%2Fwp%2Fv2%2Ftags&post=14410"}],"curies":[{"name":"wp","href":"https:\/\/api.w.org\/{rel}","templated":true}]}}