{"id":14413,"date":"2026-05-01T08:49:33","date_gmt":"2026-05-01T08:49:33","guid":{"rendered":"https:\/\/busondakika.com.tr\/?p=14413"},"modified":"2026-05-01T08:49:33","modified_gmt":"2026-05-01T08:49:33","slug":"osmangazide-gida-politikasi-genclerle-sekilleniyor","status":"publish","type":"post","link":"https:\/\/busondakika.com.tr\/?p=14413","title":{"rendered":"Osmangazi\u2019de G\u0131da Politikas\u0131 Gen\u00e7lerle \u015eekilleniyor"},"content":{"rendered":"<p> Osmangazi Belediyesi, s\u00fcrd\u00fcr\u00fclebilir kent vizyonu do\u011frultusunda g\u0131da politikalar\u0131na y\u00f6nelik \u00e7al\u0131\u015fmalar\u0131n\u0131 kararl\u0131l\u0131kla s\u00fcrd\u00fcr\u00fcrken, gelece\u011fin g\u0131da sistemini \u015fekillendirecek \u00f6nemli bir projeyi daha hayata ge\u00e7irdi. Avrupa Birli\u011fi\u2019nden de hibe deste\u011fi alan projenin ilk ad\u0131m\u0131nda gen\u00e7ler, g\u0131dan\u0131n \u00fcretiminden sofraya uzanan ser\u00fcveninde il\u00e7enin her bir noktas\u0131n\u0131n avantajlar\u0131 ve dezavantajlar\u0131na y\u00f6nelik fikirler geli\u015ftirdi.<\/p>\n<p>Yerel y\u00f6netim anlay\u0131\u015f\u0131n\u0131 yenilik\u00e7i yakla\u015f\u0131mlarla g\u00fc\u00e7lendiren Osmangazi Belediyesi, hem verimlili\u011fi art\u0131rmak hem de g\u0131dan\u0131n \u00fcretimden sofraya uzanan yolculu\u011funu daha sa\u011fl\u0131kl\u0131, kapsay\u0131c\u0131 ve s\u00fcrd\u00fcr\u00fclebilir hale getirmek amac\u0131yla uluslararas\u0131 \u00f6l\u00e7ekte dikkat \u00e7eken bir \u00e7al\u0131\u015fmaya imza att\u0131. Avrupa Birli\u011fi\u2019nden hibe deste\u011fi almaya hak kazanan proje kapsam\u0131nda d\u00fczenlenen \u201cOsmangazi\u2019yi Beslemek: G\u0131da Sistemi Haritalama At\u00f6lyesi\u201d, gen\u00e7lerin aktif kat\u0131l\u0131m\u0131yla Hamidiye Tar\u0131m Mesleki ve Teknik Anadolu Lisesi\u2019nde ger\u00e7ekle\u015ftirildi. Osmangazi Belediyesi \u00f6nc\u00fcl\u00fc\u011f\u00fcnde; belediye i\u015ftiraki Gazi Tar\u0131m A.\u015e., Hamidiye Tar\u0131m Mesleki ve Teknik Anadolu Lisesi ve Osmangazi Kent Konseyi Gen\u00e7lik Meclisi i\u015f birli\u011fiyle d\u00fczenlenen at\u00f6lyede, ya\u015flar\u0131 15 ile 25 aras\u0131nda de\u011fi\u015fen 30 \u00f6\u011frencinin dinamizmi ve yenilik\u00e7i bak\u0131\u015f a\u00e7\u0131lar\u0131 merkeze al\u0131nd\u0131.<\/p>\n<p>Osmangazi\u2019nin Her Bir Noktas\u0131 G\u0131da Ba\u015fl\u0131\u011f\u0131nda \u0130ncelendi<\/p>\n<p>Farkl\u0131 temalar etraf\u0131nda olu\u015fturulan \u00e7al\u0131\u015fma masalar\u0131nda bir araya gelen kat\u0131l\u0131mc\u0131lar; uzman e\u011fitmenler e\u015fli\u011finde g\u0131dan\u0131n \u00fcretiminden i\u015flenmesine, ta\u015f\u0131nmas\u0131ndan t\u00fcketiciye ula\u015fmas\u0131na kadar uzanan s\u00fcreci \u00e7ok boyutlu olarak i\u015fledi. At\u00f6lye s\u00fcresince Osmangazi\u2019nin 136 mahallesini kapsayan geni\u015f bir perspektifle \u00e7al\u0131\u015fmalar y\u00fcr\u00fcten gen\u00e7ler, hangi b\u00f6lgede hangi \u00fcr\u00fcnlerin yeti\u015ftirilmesinin daha verimli olaca\u011f\u0131, tedarik zincirlerinin nas\u0131l daha etkin kurulabilece\u011fi, \u00fcretim ve temin s\u00fcre\u00e7lerindeki avantaj ve dezavantajlar ile \u00fcr\u00fcnlerin sunum a\u015famalar\u0131na kadar pek \u00e7ok ba\u015fl\u0131kta kapsaml\u0131 fikirler geli\u015ftirdi. Yap\u0131lan t\u00fcm \u00e7al\u0131\u015fmalar not al\u0131n\u0131rken, at\u00f6lye sonunda kat\u0131l\u0131mc\u0131lar Osmangazi haritas\u0131 \u00fczerinde i\u015faretlemeler yaparak, saptamalar\u0131n\u0131 payla\u015ft\u0131. Kat\u0131l\u0131mc\u0131 gen\u00e7lere, at\u00f6lye sonunda sertifikalar\u0131 takdim edildi.<\/p>\n<p>At\u00f6lye, uzun soluklu bir s\u00fcrecin ilk ad\u0131m\u0131 olma \u00f6zelli\u011fi ta\u015f\u0131rken, proje kapsam\u0131nda \u00f6n\u00fcm\u00fczdeki d\u00f6nemde d\u00f6rt ayr\u0131 etkinlik daha d\u00fczenlenecek. S\u00fcrecin sonunda ise gen\u00e7lerin katk\u0131lar\u0131yla haz\u0131rlanacak olan \u201cg\u0131da politikas\u0131 bildirisi\u201dnin, yerel y\u00f6neticilere sunularak Osmangazi\u2019nin g\u0131da politikalar\u0131n\u0131n \u015fekillendirilmesinde aktif rol oynamas\u0131 hedefleniyor.<\/p>\n<p>Gen\u00e7lerin Fikirleri G\u0131da Politikas\u0131na Entegre Edilecek<\/p>\n<p>Gazi Tar\u0131m A.\u015e. Genel M\u00fcd\u00fcr\u00fc Arca Atay, Osmangazi Belediyesi\u2019nin g\u0131da politikas\u0131 olu\u015fturma hedefini g\u00fc\u00e7lendirmek ad\u0131na gen\u00e7lerin s\u00fcrece dahil edilmesinin \u00f6nemine dikkat \u00e7ekerek, Avrupa Birli\u011fi projesi neticesinde toplamda 30 lise ve \u00fcniversite \u00f6\u011frencisiyle, her bir masada bir kolayla\u015ft\u0131r\u0131c\u0131 e\u011fitmenin de katk\u0131lar\u0131yla \u00f6nemli bir at\u00f6lye ger\u00e7ekle\u015ftirdiklerine de\u011findi. Atay, \u201cOsmangazi\u2019nin toplam 60-62 bin hektarl\u0131k arazisinin yakla\u015f\u0131k 16 bin hektar\u0131 tar\u0131msal \u00fcretimin, bitkisel ve hayvansal \u00fcretimlerin yap\u0131ld\u0131\u011f\u0131 bir yer. Burada g\u0131dan\u0131n \u00fcretimiyle, ta\u015f\u0131nmas\u0131yla, i\u015flenmesiyle ve sofram\u0131za gelene kadar ki a\u015famalarda gen\u00e7lerin konuya bak\u0131\u015f\u0131n\u0131, ne d\u00fc\u015f\u00fcnd\u00fc\u011f\u00fcn\u00fc, ne olmas\u0131n\u0131 istedi\u011fini belirleyerek, daha sonra olu\u015fturaca\u011f\u0131m\u0131z Osmangazi g\u0131da politikam\u0131za entegre etmeyi d\u00fc\u015f\u00fcn\u00fcyoruz.\u201d ifadelerini kulland\u0131.<\/p>\n<p>G\u0131daya B\u00fct\u00fcnsel Bir Bak\u0131\u015f A\u00e7\u0131s\u0131<\/p>\n<p>At\u00f6lyede kat\u0131l\u0131mc\u0131lara y\u00f6nelik bir sunum ger\u00e7ekle\u015ftiren Osmangazi Belediyesi Proje Y\u00f6neticisi Merve S\u00fcn\u00f6r ise y\u00fcr\u00fct\u00fclen \u00e7al\u0131\u015fman\u0131n uluslararas\u0131 boyutuna dikkat \u00e7ekerek, \u015funlar\u0131 kaydetti;<\/p>\n<p>\u201cAvrupa Birli\u011fi\u2019nden hibe alan, uluslararas\u0131 bir projenin ilk ad\u0131m\u0131 i\u00e7in burada bulunuyoruz. Konumuz g\u0131da politikas\u0131. Osmangazi g\u0131da politikas\u0131n\u0131n ilk ad\u0131mlar\u0131n\u0131, gen\u00e7lerle birlikte atmak istedik. \u2018Gen\u00e7lik G\u0131da Politikas\u0131 Laboratuvar\u0131\u2019 projemizin ismi, bu kapsamda gen\u00e7lerimizle birlikte G\u0131da Sistemi Haritalama At\u00f6lyesi\u2019ni yap\u0131yoruz. Her bir masada Osmangazi mahallelerinde g\u0131dan\u0131n ser\u00fcveni konu\u015fuluyor, bundan sonra 4 etkinli\u011fimiz daha olacak ve Ekim ay\u0131 ba\u015f\u0131na kadar devam edecek. Projemizin en nihayetinde gen\u00e7lerimizden bir politika bildirisi \u00e7\u0131karmalar\u0131n\u0131 umuyoruz ve bunu, yerel y\u00f6neticilerimize sunmalar\u0131n\u0131. G\u0131dan\u0131n b\u00fct\u00fcnsel bir bak\u0131\u015f a\u00e7\u0131s\u0131na ihtiya\u00e7 var, bu Avrupa\u2019da ve d\u00fcnyada yerel y\u00f6netimlerce ele al\u0131n\u0131yor \u00e7\u00fcnk\u00fc \u00f6yle daha ba\u015far\u0131l\u0131 oldu\u011fu g\u00f6r\u00fcld\u00fc. Her ilin, hatta il\u00e7enin ihtiya\u00e7lar\u0131 farkl\u0131, zorluklar\u0131 farkl\u0131. Biz de T\u00fcrkiye\u2019de ulusal bir g\u0131da politikam\u0131z olsa bile, bu konuda \u00e7al\u0131\u015fan \u00f6nc\u00fc belediyelerden biri olmak istiyoruz.\u201d<\/p>\n<p>Proje kapsam\u0131nda elde edilecek bilgiler do\u011frultusunda t\u00fcm payda\u015flar\u0131n kat\u0131l\u0131m\u0131yla \u201cOsmangazi G\u0131da Konseyi\u201dnin kurulmas\u0131 da hedeflenirken, \u00fcreticiden t\u00fcketiciye kadar uzanan geni\u015f bir payda\u015f a\u011f\u0131yla, s\u00fcrd\u00fcr\u00fclebilir ve diren\u00e7li bir g\u0131da sistemi in\u015fa edilmesi ama\u00e7lan\u0131yor.<\/p>\n<p>\u00a0<\/p>\n<p>Kaynak: (BYZHA) Beyaz Haber Ajans\u0131<\/p>\n","protected":false},"excerpt":{"rendered":"<p>Osmangazi Belediyesi, s\u00fcrd\u00fcr\u00fclebilir kent vizyonu do\u011frultusunda g\u0131da politikalar\u0131na y\u00f6nelik \u00e7al\u0131\u015fmalar\u0131n\u0131 kararl\u0131l\u0131kla s\u00fcrd\u00fcr\u00fcrken, gelece\u011fin g\u0131da sistemini \u015fekillendirecek \u00f6nemli bir projeyi daha hayata ge\u00e7irdi.<\/p>\n","protected":false},"author":1,"featured_media":14414,"comment_status":"open","ping_status":"open","sticky":false,"template":"","format":"standard","meta":{"footnotes":""},"categories":[21],"tags":[],"class_list":["post-14413","post","type-post","status-publish","format-standard","has-post-thumbnail","hentry","category-gundem"],"_links":{"self":[{"href":"https:\/\/busondakika.com.tr\/index.php?rest_route=\/wp\/v2\/posts\/14413","targetHints":{"allow":["GET"]}}],"collection":[{"href":"https:\/\/busondakika.com.tr\/index.php?rest_route=\/wp\/v2\/posts"}],"about":[{"href":"https:\/\/busondakika.com.tr\/index.php?rest_route=\/wp\/v2\/types\/post"}],"author":[{"embeddable":true,"href":"https:\/\/busondakika.com.tr\/index.php?rest_route=\/wp\/v2\/users\/1"}],"replies":[{"embeddable":true,"href":"https:\/\/busondakika.com.tr\/index.php?rest_route=%2Fwp%2Fv2%2Fcomments&post=14413"}],"version-history":[{"count":1,"href":"https:\/\/busondakika.com.tr\/index.php?rest_route=\/wp\/v2\/posts\/14413\/revisions"}],"predecessor-version":[{"id":14415,"href":"https:\/\/busondakika.com.tr\/index.php?rest_route=\/wp\/v2\/posts\/14413\/revisions\/14415"}],"wp:featuredmedia":[{"embeddable":true,"href":"https:\/\/busondakika.com.tr\/index.php?rest_route=\/wp\/v2\/media\/14414"}],"wp:attachment":[{"href":"https:\/\/busondakika.com.tr\/index.php?rest_route=%2Fwp%2Fv2%2Fmedia&parent=14413"}],"wp:term":[{"taxonomy":"category","embeddable":true,"href":"https:\/\/busondakika.com.tr\/index.php?rest_route=%2Fwp%2Fv2%2Fcategories&post=14413"},{"taxonomy":"post_tag","embeddable":true,"href":"https:\/\/busondakika.com.tr\/index.php?rest_route=%2Fwp%2Fv2%2Ftags&post=14413"}],"curies":[{"name":"wp","href":"https:\/\/api.w.org\/{rel}","templated":true}]}}