{"id":14416,"date":"2026-05-01T08:49:36","date_gmt":"2026-05-01T08:49:36","guid":{"rendered":"https:\/\/busondakika.com.tr\/?p=14416"},"modified":"2026-05-01T08:49:37","modified_gmt":"2026-05-01T08:49:37","slug":"kucukcekmecede-universitelerle-guclu-is-birligi-adimi","status":"publish","type":"post","link":"https:\/\/busondakika.com.tr\/?p=14416","title":{"rendered":"K\u00fc\u00e7\u00fck\u00e7ekmece\u2019de \u00dcniversitelerle G\u00fc\u00e7l\u00fc \u0130\u015f Birli\u011fi Ad\u0131m\u0131"},"content":{"rendered":"<p> K\u00fc\u00e7\u00fck\u00e7ekmece Belediyesi il\u00e7ede bulunan d\u00f6rt \u00fcniversite ile kapsaml\u0131 bir i\u015f birli\u011fi protokol\u00fcne imza att\u0131.<\/p>\n<p>\u0130stanbul Arel \u00dcniversitesi, \u0130stanbul Ayd\u0131n \u00dcniversitesi, \u0130stanbul K\u00fclt\u00fcr \u00dcniversitesi ve \u0130stanbul Sabahattin Zaim \u00dcniversitesi ile e\u011fitimden, \u00e7evreye, dijital d\u00f6n\u00fc\u015f\u00fcmden afet y\u00f6netimine kadar geni\u015f bir alanda i\u015f birli\u011fini kapsayan protokol imzaland\u0131.<\/p>\n<p>\u201cYerel Y\u00f6netim ve \u00dcniversiteler \u0130\u015f Birli\u011fi Protokol\u00fc\u201d imza t\u00f6reni Cennet K\u00fclt\u00fcr ve Sanat Merkezi\u2019nde ger\u00e7ekle\u015ftirildi. T\u00f6rene; K\u00fc\u00e7\u00fck\u00e7ekmece Belediye Ba\u015fkan\u0131 Kemal \u00c7ebi, \u0130stanbul Arel \u00dcniversitesi Rekt\u00f6r\u00fc Prof. Dr. Ersin G\u00f6se, \u0130stanbul Ayd\u0131n \u00dcniversitesi Rekt\u00f6r\u00fc Prof. Dr. \u0130brahim Hakk\u0131 Ayd\u0131n, \u0130stanbul K\u00fclt\u00fcr \u00dcniversitesi Rekt\u00f6r\u00fc Prof. Dr. Fadime \u00dcney Y\u00fcksektepe ve \u0130stanbul Sabahattin Zaim \u00dcniversitesi Rekt\u00f6r\u00fc Prof. Dr. \u0130smail K\u00fc\u00e7\u00fck, K\u00fc\u00e7\u00fck\u00e7ekmece Belediyesi Meclis \u00fcyeleri, birim m\u00fcd\u00fcrleri, akademisyenler ve \u00f6\u011frenciler kat\u0131ld\u0131.<\/p>\n<p><b>Kemal \u00c7ebi:Akademinin sahaya ve kente dokunmas\u0131n\u0131 \u00e7ok k\u0131ymetli buluyorum<\/b><\/p>\n<p>\u0130mza t\u00f6reninde konu\u015fan K\u00fc\u00e7\u00fck\u00e7ekmece Belediye Ba\u015fkan\u0131 Kemal \u00c7ebi, \u00fcniversitelerle kurulan i\u015f birli\u011finin do\u011frudan kent ya\u015fam\u0131na katk\u0131 sa\u011flayaca\u011f\u0131na dikkat \u00e7ekerek, \u201cBug\u00fcn att\u0131\u011f\u0131m\u0131z imza; bilginin, deneyimin ve ortak akl\u0131n K\u00fc\u00e7\u00fck\u00e7ekmece\u2019de bulu\u015fmas\u0131n\u0131n g\u00fc\u00e7l\u00fc bir ifadesidir. \u0130\u015f birli\u011fi yapt\u0131\u011f\u0131m\u0131z \u00fcniversitelerimizin tamam\u0131 il\u00e7emizde yer al\u0131yor. Bu manada \u015fansl\u0131y\u0131z. Akademinin sahaya, kente ve toplumsal ya\u015fama dokunmas\u0131n\u0131 \u00e7ok de\u011ferli buluyorum. Gen\u00e7lerimiz de daha fazla f\u0131rsata eri\u015fecek, belediye olarak da bilimin \u0131\u015f\u0131\u011f\u0131nda daha nitelikli projeler \u00fcretme f\u0131rsat\u0131na sahip olaca\u011f\u0131z. Amac\u0131m\u0131z, akademik birikimi sahayla bulu\u015fturmak ve ayn\u0131 kentin payda\u015flar\u0131 olarak \u00fcretme k\u00fclt\u00fcr\u00fcn\u00fc b\u00fcy\u00fctmektir\u201d diye konu\u015ftu.<\/p>\n<p><b>\u00dcniversitelerden Ortak Mesaj: \u0130\u015f Birli\u011fi G\u00fc\u00e7lenecek<\/b><\/p>\n<p>\u0130stanbul Arel \u00dcniversitesi Rekt\u00f6r\u00fc Prof. Dr. Ersin G\u00f6se bu i\u015f birli\u011fini \u00e7ok k\u0131ymetli buldu\u011funu ifade ederek, il\u00e7edeki \u00fcniversiteleri bir araya getiren bu protokol\u00fcn haz\u0131rlanmas\u0131nda \u00f6nc\u00fc olan Belediye Ba\u015fkan\u0131 Kemal \u00c7ebi ve eme\u011fi ge\u00e7enlere te\u015fekk\u00fcr etti.<\/p>\n<p>\u0130stanbul Ayd\u0131n \u00dcniversitesi Rekt\u00f6r\u00fc Prof. Dr. \u0130brahim Hakk\u0131 Ayd\u0131n, \u201cBu protokol\u00fc \u00e7ok \u00f6nemli bir bulu\u015fma olarak g\u00f6r\u00fcyoruz. Belediye bize uygulama alan\u0131 sunarken, biz de bu b\u00f6lgedeki insan\u0131m\u0131za e\u011fitim anlam\u0131nda katk\u0131 sunaca\u011f\u0131z. Akademiyi sahaya d\u00e2hil ederek, bilime verdi\u011fi \u00f6nem i\u00e7in Ba\u015fkan \u00c7ebi\u2019ye ve ekibine te\u015fekk\u00fcr ediyorum\u201d diye konu\u015ftu.<\/p>\n<p>K\u00fc\u00e7\u00fck\u00e7ekmece Belediyesi\u2019ni \u00a0\u0130stanbul K\u00fclt\u00fcr \u00dcniversitesi\u2019nin \u00f6nemli bir payda\u015f\u0131 olarak g\u00f6rd\u00fcklerini belirten \u0130stanbul K\u00fclt\u00fcr \u00dcniversitesi Rekt\u00f6r\u00fc Prof. Dr. Fadime \u00dcney Y\u00fcksektepe de i\u015f birliklerini protokolle kay\u0131t alt\u0131na almaktan ve \u00fcniversite olarak bundan sonras\u0131nda toplumsal ya\u015fama katk\u0131 sa\u011fl\u0131yor olmaktan duyduklar\u0131 memnuniyeti dile getirdi. \u00a0<\/p>\n<p>\u0130stanbul Sabahattin Zaim \u00dcniversitesi Rekt\u00f6r\u00fc Prof. Dr. \u0130smail K\u00fc\u00e7\u00fck ise protokol\u00fcn \u00fcniversiteler i\u00e7in \u00f6nemli bir kaynak olaca\u011f\u0131n\u0131 ifade ederek Ba\u015fkan \u00c7ebi ve ekibine te\u015fekk\u00fcr etti.<\/p>\n<p><b>Kent ya\u015fam\u0131na katk\u0131 sunulacak<\/b><\/p>\n<p>\u0130mzalanan protokol \u00e7er\u00e7evesinde \u00fcniversiteler ve belediye aras\u0131nda e\u011fitim, ara\u015ft\u0131rma, \u00e7evre, iklim de\u011fi\u015fikli\u011fi, \u015fehir planlama, afet y\u00f6netimi, spor ile sosyal ve k\u00fclt\u00fcrel alanlarda ortak projeler hayata ge\u00e7irilecek. Ayr\u0131ca seminer, panel, at\u00f6lye ve bilimsel \u00e7al\u0131\u015fmalarla hem \u00f6\u011frencilerin hem de il\u00e7e halk\u0131n\u0131n bilgi ve becerilerinin geli\u015ftirilmesi hedefleniyor.<\/p>\n<p>\u00a0<\/p>\n<p>Kaynak: (BYZHA) Beyaz Haber Ajans\u0131<\/p>\n","protected":false},"excerpt":{"rendered":"<p>K\u00fc\u00e7\u00fck\u00e7ekmece Belediyesi il\u00e7ede bulunan d\u00f6rt \u00fcniversite ile kapsaml\u0131 bir i\u015f birli\u011fi protokol\u00fcne imza att\u0131.<\/p>\n","protected":false},"author":1,"featured_media":14417,"comment_status":"open","ping_status":"open","sticky":false,"template":"","format":"standard","meta":{"footnotes":""},"categories":[21],"tags":[],"class_list":["post-14416","post","type-post","status-publish","format-standard","has-post-thumbnail","hentry","category-gundem"],"_links":{"self":[{"href":"https:\/\/busondakika.com.tr\/index.php?rest_route=\/wp\/v2\/posts\/14416","targetHints":{"allow":["GET"]}}],"collection":[{"href":"https:\/\/busondakika.com.tr\/index.php?rest_route=\/wp\/v2\/posts"}],"about":[{"href":"https:\/\/busondakika.com.tr\/index.php?rest_route=\/wp\/v2\/types\/post"}],"author":[{"embeddable":true,"href":"https:\/\/busondakika.com.tr\/index.php?rest_route=\/wp\/v2\/users\/1"}],"replies":[{"embeddable":true,"href":"https:\/\/busondakika.com.tr\/index.php?rest_route=%2Fwp%2Fv2%2Fcomments&post=14416"}],"version-history":[{"count":1,"href":"https:\/\/busondakika.com.tr\/index.php?rest_route=\/wp\/v2\/posts\/14416\/revisions"}],"predecessor-version":[{"id":14418,"href":"https:\/\/busondakika.com.tr\/index.php?rest_route=\/wp\/v2\/posts\/14416\/revisions\/14418"}],"wp:featuredmedia":[{"embeddable":true,"href":"https:\/\/busondakika.com.tr\/index.php?rest_route=\/wp\/v2\/media\/14417"}],"wp:attachment":[{"href":"https:\/\/busondakika.com.tr\/index.php?rest_route=%2Fwp%2Fv2%2Fmedia&parent=14416"}],"wp:term":[{"taxonomy":"category","embeddable":true,"href":"https:\/\/busondakika.com.tr\/index.php?rest_route=%2Fwp%2Fv2%2Fcategories&post=14416"},{"taxonomy":"post_tag","embeddable":true,"href":"https:\/\/busondakika.com.tr\/index.php?rest_route=%2Fwp%2Fv2%2Ftags&post=14416"}],"curies":[{"name":"wp","href":"https:\/\/api.w.org\/{rel}","templated":true}]}}