{"id":14428,"date":"2026-05-01T08:58:11","date_gmt":"2026-05-01T08:58:11","guid":{"rendered":"https:\/\/busondakika.com.tr\/?p=14428"},"modified":"2026-05-01T08:58:11","modified_gmt":"2026-05-01T08:58:11","slug":"guzelbahcede-cifte-bayram","status":"publish","type":"post","link":"https:\/\/busondakika.com.tr\/?p=14428","title":{"rendered":"G\u00fczelbah\u00e7e\u2019de \u00c7ifte Bayram"},"content":{"rendered":"<p> G\u00fczelbah\u00e7e Belediyesi\u2019ne ba\u011fl\u0131 G\u00dcZBEL Limited \u015eirketi b\u00fcnyesinde faaliyet g\u00f6steren market, kafe ve restoranlarda g\u00f6rev yapan 127 i\u015f\u00e7i sendikal\u0131 oldu. M\u00fcjde, 1 May\u0131s Emek ve Dayan\u0131\u015fma G\u00fcn\u00fc\u2019nde G\u00fczelbah\u00e7e Belediye Ba\u015fkan\u0131 Mustafa G\u00fcnay taraf\u0131ndan a\u00e7\u0131kland\u0131.<br \/>G\u00fczelbah\u00e7e Belediyesi\u2019nin geleneksel hale getirdi\u011fi 1 May\u0131s kahvalt\u0131s\u0131nda i\u015f\u00e7ilerle bir araya gelen Ba\u015fkan G\u00fcnay, Kaan Y\u00fcce Spor Salonu\u2019ndaki bulu\u015fmada \u00e7al\u0131\u015fanlar\u0131n bayram\u0131n\u0131 tek tek \u00e7i\u00e7ek takdim ederek kutlad\u0131. Programa CHP G\u00fczelbah\u00e7e \u0130l\u00e7e Ba\u015fkan\u0131 Devrim Seyrek, il\u00e7e y\u00f6neticileri, belediye meclis \u00fcyeleri ve belediye personeli de kat\u0131ld\u0131.<br \/>Ba\u015fkan G\u00fcnay M\u00fcjdeyi Verdi \u0130\u015f\u00e7iler Bayram\u0131 Ya\u015fad\u0131<br \/>Konu\u015fmas\u0131nda G\u00dcZBEL\u2019in istihdamdaki rol\u00fcne dikkat \u00e7eken Ba\u015fkan G\u00fcnay, projenin sosyal belediyecilik anlay\u0131\u015f\u0131n\u0131n \u00f6nemli bir \u00f6rne\u011fi oldu\u011funu vurgulad\u0131. Ba\u015fkan G\u00fcnay, \u201cBiz bir yola \u00e7\u0131kt\u0131k ve bug\u00fcn \u00e7ok b\u00fcy\u00fck bir aile olduk. \u0130n\u015fallah bu aile daha da b\u00fcy\u00fcmeye devam edecek. \u0130\u015fsiz karde\u015flerimizi belediyemizde istihdam edemiyorsak, onlara nas\u0131l i\u015f imk\u00e2n\u0131 sa\u011flayabiliriz diye d\u00fc\u015f\u00fcnd\u00fck ve bu do\u011frultuda projeler geli\u015ftirdik. G\u00dcZBEL projesiyle 8 olan \u00e7al\u0131\u015fan say\u0131m\u0131z\u0131 bug\u00fcn 127\u2019ye \u00e7\u0131kard\u0131k; 119 gencimize i\u015f imk\u00e2n\u0131 sunduk.<br \/>Sendikala\u015fmay\u0131 erteleyerek daha fazla k\u00e2r elde etmek bizim anlay\u0131\u015f\u0131m\u0131za asla yak\u0131\u015fmaz. Benim babam da sendikas\u0131z \u00e7al\u0131\u015fman\u0131n zorluklar\u0131n\u0131 ya\u015fam\u0131\u015f biriydi ve bunun ne kadar zor oldu\u011funu \u00e7ok iyi biliyorum. Bug\u00fcn art\u0131k G\u00dcZBEL\u2019de \u00e7al\u0131\u015fan karde\u015flerimizin bir sendikas\u0131 var. Haklar\u0131n\u0131n hay\u0131rl\u0131 ve u\u011furlu olmas\u0131n\u0131 diliyorum.<br \/>Bizim hedefimiz; eme\u011fin de\u011fer g\u00f6rd\u00fc\u011f\u00fc, \u00e7al\u0131\u015fanlar\u0131m\u0131z\u0131n gelece\u011finin g\u00fcvence alt\u0131nda oldu\u011fu bir d\u00fczen kurmakt\u0131r. Hi\u00e7bir emek\u00e7inin gelece\u011fi birilerinin iki duda\u011f\u0131 aras\u0131nda olmayacak.<br \/>1 May\u0131s\u2019\u0131 sadece bir g\u00fcn olarak de\u011fil, bir bilin\u00e7 ve dayan\u0131\u015fma ruhu olarak g\u00f6rmeliyiz. Bu ruhu her g\u00fcn ya\u015fatmal\u0131, eme\u011fin ve al\u0131n terinin de\u011ferini her zaman korumal\u0131y\u0131z. Ya\u015fas\u0131n 1 May\u0131s! T\u00fcm emek\u00e7ilerimizin Emek ve Dayan\u0131\u015fma G\u00fcn\u00fc\u2019n\u00fc kutluyorum.<br \/>Cumhuriyet Halk Partisi Geliyor Arkada\u015flar<br \/>De\u011ferli yolda\u015flar, bug\u00fcn burada, daha d\u0131\u015far\u0131da beklerken bir d\u00fc\u015f\u00fcnce ge\u00e7ti akl\u0131mdan. Hi\u00e7bir i\u015fveren, kar\u015f\u0131s\u0131nda \u00f6rg\u00fctl\u00fc, gerekti\u011finde hakk\u0131n\u0131 arayabilen bir yap\u0131 varken mutlu olmaz. Ancak bir istisna vard\u0131r; o da sosyal belediyecilik anlay\u0131\u015f\u0131yla y\u00f6netilen, eme\u011fi ve \u00e7al\u0131\u015fan\u0131n\u0131 de\u011ferli g\u00f6ren Cumhuriyet Halk Partili belediyelerdir. \u00c7\u00fcnk\u00fc bizler \u00e7al\u0131\u015fanlar\u0131m\u0131z\u0131 yaln\u0131zca bir i\u015f g\u00fcc\u00fc olarak de\u011fil, b\u00fcy\u00fck bir ailenin par\u00e7as\u0131 olarak g\u00f6r\u00fcyoruz. Bu anlay\u0131\u015f\u0131n yaratt\u0131\u011f\u0131 heyecan\u0131 sabah saatlerinden itibaren hep birlikte ya\u015fad\u0131k. \u0130nan\u0131n, burada bulunan siz de\u011ferli emek\u00e7i karde\u015flerimiz kadar heyecanl\u0131yd\u0131k.<br \/>Unutmamal\u0131y\u0131z ki i\u015f\u00e7ilerin \u00f6rg\u00fctlenmesi, dayan\u0131\u015fma i\u00e7inde olmas\u0131 ve cumhuriyet\u00e7i, Atat\u00fcrk\u00e7\u00fc de\u011ferler etraf\u0131nda birle\u015fmesi, daha adil bir gelece\u011fin temelidir. Bu birlik ve beraberlikle, hi\u00e7bir emek\u00e7i sendikas\u0131z kalmayacak. Biz inan\u0131yoruz ki bu de\u011fi\u015fim \u00e7ok uzak de\u011fil. \u00dclkemiz; i\u015f\u00e7isinden \u00f6\u011frencisine, emeklisinden memuruna kadar herkes i\u00e7in daha adil bir d\u00fczene kavu\u015facakt\u0131r. Birlikte m\u00fccadele ederek, dayan\u0131\u015fmay\u0131 b\u00fcy\u00fcterek bu s\u00fcreci hep birlikte ba\u015faraca\u011f\u0131z. CHP iktidar\u0131 geliyor arkada\u015flar\u2019\u2019 dedi.<br \/>G\u00fcndo\u011fdu\u2019ya co\u015fkulu kat\u0131l\u0131m<br \/>Program\u0131n ard\u0131ndan i\u015f\u00e7iler hep birlikte kahvalt\u0131 yapt\u0131. Etkinlik, kat\u0131l\u0131mc\u0131lar\u0131n ara\u00e7larla G\u00fcndo\u011fdu Meydan\u0131\u2019ndaki 1 May\u0131s kutlamalar\u0131na hareket etmesiyle sona erdi.<\/p>\n<p>Kaynak: (BYZHA) Beyaz Haber Ajans\u0131<\/p>\n","protected":false},"excerpt":{"rendered":"<p>G\u00fczelbah\u00e7e Belediyesi\u2019ne ba\u011fl\u0131 G\u00dcZBEL Limited \u015eirketi b\u00fcnyesinde faaliyet g\u00f6steren market, kafe ve restoranlarda g\u00f6rev yapan 127 i\u015f\u00e7i sendikal\u0131 oldu.<\/p>\n","protected":false},"author":1,"featured_media":14429,"comment_status":"open","ping_status":"open","sticky":false,"template":"","format":"standard","meta":{"footnotes":""},"categories":[21],"tags":[],"class_list":["post-14428","post","type-post","status-publish","format-standard","has-post-thumbnail","hentry","category-gundem"],"_links":{"self":[{"href":"https:\/\/busondakika.com.tr\/index.php?rest_route=\/wp\/v2\/posts\/14428","targetHints":{"allow":["GET"]}}],"collection":[{"href":"https:\/\/busondakika.com.tr\/index.php?rest_route=\/wp\/v2\/posts"}],"about":[{"href":"https:\/\/busondakika.com.tr\/index.php?rest_route=\/wp\/v2\/types\/post"}],"author":[{"embeddable":true,"href":"https:\/\/busondakika.com.tr\/index.php?rest_route=\/wp\/v2\/users\/1"}],"replies":[{"embeddable":true,"href":"https:\/\/busondakika.com.tr\/index.php?rest_route=%2Fwp%2Fv2%2Fcomments&post=14428"}],"version-history":[{"count":1,"href":"https:\/\/busondakika.com.tr\/index.php?rest_route=\/wp\/v2\/posts\/14428\/revisions"}],"predecessor-version":[{"id":14430,"href":"https:\/\/busondakika.com.tr\/index.php?rest_route=\/wp\/v2\/posts\/14428\/revisions\/14430"}],"wp:featuredmedia":[{"embeddable":true,"href":"https:\/\/busondakika.com.tr\/index.php?rest_route=\/wp\/v2\/media\/14429"}],"wp:attachment":[{"href":"https:\/\/busondakika.com.tr\/index.php?rest_route=%2Fwp%2Fv2%2Fmedia&parent=14428"}],"wp:term":[{"taxonomy":"category","embeddable":true,"href":"https:\/\/busondakika.com.tr\/index.php?rest_route=%2Fwp%2Fv2%2Fcategories&post=14428"},{"taxonomy":"post_tag","embeddable":true,"href":"https:\/\/busondakika.com.tr\/index.php?rest_route=%2Fwp%2Fv2%2Ftags&post=14428"}],"curies":[{"name":"wp","href":"https:\/\/api.w.org\/{rel}","templated":true}]}}