{"id":14431,"date":"2026-05-01T08:58:18","date_gmt":"2026-05-01T08:58:18","guid":{"rendered":"https:\/\/busondakika.com.tr\/?p=14431"},"modified":"2026-05-01T08:58:18","modified_gmt":"2026-05-01T08:58:18","slug":"genclerin-renkleri-kartepede-hayat-buldu","status":"publish","type":"post","link":"https:\/\/busondakika.com.tr\/?p=14431","title":{"rendered":"Gen\u00e7lerin Renkleri Kartepe\u2019de Hayat Buldu"},"content":{"rendered":"<p> Kartepe Belediyesi Sanat Evi, Ertu\u011frulgazi Anadolu Lisesi \u00f6\u011frencilerinin haz\u0131rlad\u0131\u011f\u0131 \u201cGen\u00e7lerin Renkleri\u201d adl\u0131 karma resim sergisine kap\u0131lar\u0131n\u0131 a\u00e7t\u0131. Gen\u00e7 yeteneklerin f\u0131r\u00e7as\u0131ndan \u00e7\u0131kan eserler, a\u00e7\u0131l\u0131\u015f g\u00fcn\u00fcnde sanatseverlerden tam not ald\u0131.<\/p>\n<p><strong>Ba\u015fkan Kocaman Gen\u00e7 Sanat\u00e7\u0131lar\u0131 Yaln\u0131z B\u0131rakmad\u0131<\/strong><\/p>\n<p>Ertu\u011frulgazi Anadolu Lisesi \u00f6\u011frencilerinin y\u0131l boyu s\u00fcren emeklerini ta\u00e7land\u0131ran serginin a\u00e7\u0131l\u0131\u015f\u0131na; Kartepe Belediye Ba\u015fkan\u0131 Av. M. Mustafa Kocaman, Belediye Ba\u015fkan Yard\u0131mc\u0131s\u0131 Enes Emengen, Okul M\u00fcd\u00fcr\u00fc Mesut Tekin, \u00f6\u011fretmenler ve \u00e7ok say\u0131da \u00f6\u011frenci kat\u0131ld\u0131. Protokol \u00fcyeleri, sergi alan\u0131n\u0131 gezerek eser sahibi \u00f6\u011frencilerle sohbet etti ve \u00e7al\u0131\u015fmalar\u0131n teknik detaylar\u0131 hakk\u0131nda bilgi ald\u0131.<\/p>\n<p><strong>Ba\u015fkan Kocaman \u201cGen\u00e7ler sanatla i\u00e7 i\u00e7e olsunlar istiyoruz\u201d<\/strong><\/p>\n<p>Gen\u00e7lerin sanatla i\u00e7 i\u00e7e olmas\u0131ndan dolay\u0131 gurur duydu\u011funu ifade eden Kartepe Belediye Ba\u015fkan\u0131 Av. M. Mustafa Kocaman \u201cSanat Evi\u2019ni a\u00e7arken tam ta bunu hayal ettik. Gen\u00e7ler sanatla i\u00e7 i\u00e7e olsunlar sanat\u0131 sevsinler istiyoruz. Bu g\u00fczel salondan sadece profesyonel de\u011fil amat\u00f6r sanat\u00e7\u0131lar\u0131m\u0131z da faydalan\u0131yor. Bug\u00fcn burada sergide eseri bulunan b\u00fct\u00fcn gen\u00e7lerimize te\u015fekk\u00fcr ediyorum\u201d dedi.<\/p>\n<p><strong>Sanat Arac\u0131l\u0131\u011f\u0131yla Kendilerini \u0130fade Ettiler<\/strong><\/p>\n<p>Farkl\u0131 tekniklerin harmanland\u0131\u011f\u0131 sergide; kara kalemden ya\u011fl\u0131 boyaya, desenden modern \u00e7al\u0131\u015fmalara kadar geni\u015f bir yelpazede eserler yer al\u0131yor. Kartepe\u2019nin k\u00fclt\u00fcrel hayat\u0131na renk katan \u201cGen\u00e7lerin Renkleri\u201d sergisi, 8 May\u0131s tarihine kadar Kartepe Belediyesi Sanat Evi\u2019nde ziyaret\u00e7ilerini a\u011f\u0131rlamaya devam edecek. T\u00fcm sanatseverler, gen\u00e7 yeteneklerin bu \u00f6zel sergisini yak\u0131ndan g\u00f6rmek i\u00e7in davetli.<\/p>\n<p>\u00a0<\/p>\n<p>Kaynak: (BYZHA) Beyaz Haber Ajans\u0131<\/p>\n","protected":false},"excerpt":{"rendered":"<p>Kartepe Belediyesi Sanat Evi, Ertu\u011frulgazi Anadolu Lisesi \u00f6\u011frencilerinin haz\u0131rlad\u0131\u011f\u0131 \u201cGen\u00e7lerin Renkleri\u201d adl\u0131 karma resim sergisine kap\u0131lar\u0131n\u0131 a\u00e7t\u0131.<\/p>\n","protected":false},"author":1,"featured_media":14432,"comment_status":"open","ping_status":"open","sticky":false,"template":"","format":"standard","meta":{"footnotes":""},"categories":[20],"tags":[],"class_list":["post-14431","post","type-post","status-publish","format-standard","has-post-thumbnail","hentry","category-kultur-sanat"],"_links":{"self":[{"href":"https:\/\/busondakika.com.tr\/index.php?rest_route=\/wp\/v2\/posts\/14431","targetHints":{"allow":["GET"]}}],"collection":[{"href":"https:\/\/busondakika.com.tr\/index.php?rest_route=\/wp\/v2\/posts"}],"about":[{"href":"https:\/\/busondakika.com.tr\/index.php?rest_route=\/wp\/v2\/types\/post"}],"author":[{"embeddable":true,"href":"https:\/\/busondakika.com.tr\/index.php?rest_route=\/wp\/v2\/users\/1"}],"replies":[{"embeddable":true,"href":"https:\/\/busondakika.com.tr\/index.php?rest_route=%2Fwp%2Fv2%2Fcomments&post=14431"}],"version-history":[{"count":1,"href":"https:\/\/busondakika.com.tr\/index.php?rest_route=\/wp\/v2\/posts\/14431\/revisions"}],"predecessor-version":[{"id":14433,"href":"https:\/\/busondakika.com.tr\/index.php?rest_route=\/wp\/v2\/posts\/14431\/revisions\/14433"}],"wp:featuredmedia":[{"embeddable":true,"href":"https:\/\/busondakika.com.tr\/index.php?rest_route=\/wp\/v2\/media\/14432"}],"wp:attachment":[{"href":"https:\/\/busondakika.com.tr\/index.php?rest_route=%2Fwp%2Fv2%2Fmedia&parent=14431"}],"wp:term":[{"taxonomy":"category","embeddable":true,"href":"https:\/\/busondakika.com.tr\/index.php?rest_route=%2Fwp%2Fv2%2Fcategories&post=14431"},{"taxonomy":"post_tag","embeddable":true,"href":"https:\/\/busondakika.com.tr\/index.php?rest_route=%2Fwp%2Fv2%2Ftags&post=14431"}],"curies":[{"name":"wp","href":"https:\/\/api.w.org\/{rel}","templated":true}]}}