{"id":14446,"date":"2026-05-01T12:18:14","date_gmt":"2026-05-01T12:18:14","guid":{"rendered":"https:\/\/busondakika.com.tr\/?p=14446"},"modified":"2026-05-01T12:18:15","modified_gmt":"2026-05-01T12:18:15","slug":"afete-direncli-kadinlar-projesi-buyuyor","status":"publish","type":"post","link":"https:\/\/busondakika.com.tr\/?p=14446","title":{"rendered":"\u201cAfete Diren\u00e7li Kad\u0131nlar Projesi\u201d b\u00fcy\u00fcyor"},"content":{"rendered":"<p> Kocaeli B\u00fcy\u00fck\u015fehir Belediyesi taraf\u0131ndan y\u00fcr\u00fct\u00fclen \u201cAfete Diren\u00e7li Kad\u0131nlar Projesi\u201d, d\u00fczenlenen e\u011fitim programlar\u0131 ile \u015fuana kadar 318 kad\u0131na ula\u015ft\u0131. Afet \u0130\u015fleri ve Risk Y\u00f6netimi Dairesi Ba\u015fkanl\u0131\u011f\u0131 ile Gen\u00e7lik ve Spor Hizmetleri Dairesi Ba\u015fkanl\u0131\u011f\u0131 i\u015f birli\u011finde ger\u00e7ekle\u015ftirilen e\u011fitimler, toplum genelinde s\u00fcrd\u00fcr\u00fclebilir afet bilinci olu\u015fturmay\u0131 hedefliyor.<\/p>\n<p><b>UYGULAMALI VE KAPSAMLI E\u011e\u0130T\u0130MLER VER\u0130LD\u0130<\/b><br \/>Kocaeli B\u00fcy\u00fck\u015fehir Belediyesi, afete diren\u00e7li bir \u015fehir vizyonu do\u011frultusunda bilin\u00e7li ve haz\u0131rl\u0131kl\u0131 bir toplum olu\u015fturmak amac\u0131yla \u00e7al\u0131\u015fmalar\u0131n\u0131 aral\u0131ks\u0131z s\u00fcrd\u00fcr\u00fcyor. Bu kapsamda hayata ge\u00e7en \u201cAfete Diren\u00e7li Kad\u0131nlar Projesi\u201d, kad\u0131nlar\u0131n afetlerdeki rol\u00fcn\u00fc vurguluyor.<\/p>\n<p>Kocaeli genelindeki Bilgievleri\u2019nde d\u00fczenlenen programlarda; deprem, sel, heyelan, yang\u0131n ve KBRN olaylar\u0131 gibi b\u00f6lgenin risk profiline uygun afet t\u00fcrleri ele al\u0131nd\u0131. Kat\u0131l\u0131mc\u0131lara afet \u00f6ncesi haz\u0131rl\u0131k, afet an\u0131nda do\u011fru karar verme ve afet sonras\u0131 ilk m\u00fcdahale s\u00fcre\u00e7leri uygulamal\u0131 olarak anlat\u0131ld\u0131. E\u011fitimlerde ayr\u0131ca acil durum \u00e7antas\u0131 haz\u0131rlama, ev i\u00e7indeki risklerin azalt\u0131lmas\u0131, g\u00fcvenli alanlar\u0131n belirlenmesi ve aile afet plan\u0131 olu\u015fturulmas\u0131 gibi konularda pratik bilgiler payla\u015f\u0131ld\u0131.<\/p>\n<p><b>KADINLARIN AFETLERDEK\u0130 ROL\u00dc VURGULANDI<\/b><br \/>Programda kad\u0131nlar\u0131n aile i\u00e7indeki y\u00f6nlendirici rol\u00fc \u00f6n plana \u00e7\u0131kar\u0131ld\u0131. \u00d6zellikle \u00e7ocuklar, ya\u015fl\u0131lar ve \u00f6zel gereksinimli bireylerin korunmas\u0131na y\u00f6nelik yakla\u015f\u0131mlar detayl\u0131 \u015fekilde ele al\u0131nd\u0131. Kriz an\u0131nda do\u011fru davran\u0131\u015f bi\u00e7imleri ve afet sonras\u0131 psikososyal destek s\u00fcre\u00e7leri de e\u011fitimlerin \u00f6nemli ba\u015fl\u0131klar\u0131 aras\u0131nda yer ald\u0131.<\/p>\n<p><b>DAVRANI\u015e DE\u011e\u0130\u015e\u0130KL\u0130\u011e\u0130 HEDEFLEND\u0130<\/b><br \/>E\u011fitimler sadece teorik bilgiyle s\u0131n\u0131rl\u0131 kalmayarak, g\u00fcnl\u00fck ya\u015fama uyarlanabilir davran\u0131\u015f de\u011fi\u015fikliklerini hedefledi. Kat\u0131l\u0131mc\u0131lar, edindikleri bilgiler sayesinde hem kendi g\u00fcvenlikleri hem de ailelerinin g\u00fcvenli\u011fi konusunda daha bilin\u00e7li hale geldiklerini ifade etti.<\/p>\n<p><b>HEDEF, DAHA D\u0130REN\u00c7L\u0130 B\u0130R TOPLUM<\/b><br \/>Kocaeli B\u00fcy\u00fck\u015fehir Belediyesi, afetlere kar\u015f\u0131 toplumsal diren\u00e7lili\u011fi art\u0131rmak amac\u0131yla bu t\u00fcr e\u011fitimleri \u00f6n\u00fcm\u00fczdeki d\u00f6nemde daha geni\u015f kitlelere ula\u015ft\u0131rmay\u0131 planl\u0131yor. Kad\u0131nlar arac\u0131l\u0131\u011f\u0131yla evlerden ba\u015flayarak t\u00fcm topluma yay\u0131lan bilin\u00e7lenme ile daha haz\u0131rl\u0131kl\u0131 ve diren\u00e7li bir kent yap\u0131s\u0131 olu\u015fturulmas\u0131 hedefleniyor.<\/p>\n<p>\u00a0<\/p>\n<p>\u00a0<\/p>\n<p>\u00a0<\/p>\n<p>Kaynak: (BYZHA) Beyaz Haber Ajans\u0131<\/p>\n","protected":false},"excerpt":{"rendered":"<p>Kocaeli B\u00fcy\u00fck\u015fehir Belediyesi taraf\u0131ndan y\u00fcr\u00fct\u00fclen \u201cAfete Diren\u00e7li Kad\u0131nlar Projesi\u201d, d\u00fczenlenen e\u011fitim programlar\u0131 ile \u015fuana kadar 318 kad\u0131na ula\u015ft\u0131.<\/p>\n","protected":false},"author":1,"featured_media":14447,"comment_status":"open","ping_status":"open","sticky":false,"template":"","format":"standard","meta":{"footnotes":""},"categories":[21],"tags":[],"class_list":["post-14446","post","type-post","status-publish","format-standard","has-post-thumbnail","hentry","category-gundem"],"_links":{"self":[{"href":"https:\/\/busondakika.com.tr\/index.php?rest_route=\/wp\/v2\/posts\/14446","targetHints":{"allow":["GET"]}}],"collection":[{"href":"https:\/\/busondakika.com.tr\/index.php?rest_route=\/wp\/v2\/posts"}],"about":[{"href":"https:\/\/busondakika.com.tr\/index.php?rest_route=\/wp\/v2\/types\/post"}],"author":[{"embeddable":true,"href":"https:\/\/busondakika.com.tr\/index.php?rest_route=\/wp\/v2\/users\/1"}],"replies":[{"embeddable":true,"href":"https:\/\/busondakika.com.tr\/index.php?rest_route=%2Fwp%2Fv2%2Fcomments&post=14446"}],"version-history":[{"count":1,"href":"https:\/\/busondakika.com.tr\/index.php?rest_route=\/wp\/v2\/posts\/14446\/revisions"}],"predecessor-version":[{"id":14448,"href":"https:\/\/busondakika.com.tr\/index.php?rest_route=\/wp\/v2\/posts\/14446\/revisions\/14448"}],"wp:featuredmedia":[{"embeddable":true,"href":"https:\/\/busondakika.com.tr\/index.php?rest_route=\/wp\/v2\/media\/14447"}],"wp:attachment":[{"href":"https:\/\/busondakika.com.tr\/index.php?rest_route=%2Fwp%2Fv2%2Fmedia&parent=14446"}],"wp:term":[{"taxonomy":"category","embeddable":true,"href":"https:\/\/busondakika.com.tr\/index.php?rest_route=%2Fwp%2Fv2%2Fcategories&post=14446"},{"taxonomy":"post_tag","embeddable":true,"href":"https:\/\/busondakika.com.tr\/index.php?rest_route=%2Fwp%2Fv2%2Ftags&post=14446"}],"curies":[{"name":"wp","href":"https:\/\/api.w.org\/{rel}","templated":true}]}}