{"id":14449,"date":"2026-05-01T12:18:15","date_gmt":"2026-05-01T12:18:15","guid":{"rendered":"https:\/\/busondakika.com.tr\/?p=14449"},"modified":"2026-05-01T12:18:16","modified_gmt":"2026-05-01T12:18:16","slug":"baskan-altay-faturalarinda-tasarruf-saglayan-hanelere-cekilisle-3-togg-hediye-edeceklerini-acikladi","status":"publish","type":"post","link":"https:\/\/busondakika.com.tr\/?p=14449","title":{"rendered":"Ba\u015fkan Altay, Faturalar\u0131nda Tasarruf Sa\u011flayan Hanelere \u00c7ekili\u015fle 3 TOGG Hediye Edeceklerini A\u00e7\u0131klad\u0131"},"content":{"rendered":"\n<p data-asw-org-font-size=\"14\"><strong>Konya B\u00fcy\u00fck\u015fehir Belediye Ba\u015fkan\u0131 U\u011fur \u0130brahim Altay, \u00e7evreye duyarl\u0131, s\u00fcrd\u00fcr\u00fclebilir bir gelecek i\u00e7in enerji tasarrufu noktas\u0131nda \u00f6nemli bir ad\u0131m daha atarak, &#8220;Benim \u0130klimim\u201d projesini hayata ge\u00e7irdiklerini duyurdu. Ba\u015fkan Altay, t\u00fcm Konyal\u0131lar\u0131 projeye kat\u0131lmaya davet ederek, \u201cKaratay, Meram ve Sel\u00e7uklu\u2019da ba\u015flayacak kampanyam\u0131zda, su, elektrik ve do\u011falgaz kullan\u0131mlar\u0131nda tasarruf eden hanelerimizin puanlar\u0131 toplanarak; \u00e7ekili\u015f sonunda 3 ailemize TOGG hediye edece\u011fiz\u201d dedi. Projeye kat\u0131lmak isteyen vatanda\u015flar, ba\u015fvuru ekran\u0131na ve detayl\u0131 bilgiye \u201cbenimiklimim.konya.bel.tr\u201d adresinden ula\u015fabiliyor.<\/strong><\/p>\n<hr \/>\n<p data-asw-org-font-size=\"14\">Konya B\u00fcy\u00fck\u015fehir Belediyesi, \u00e7evreye duyarl\u0131 ve s\u00fcrd\u00fcr\u00fclebilir bir gelecek hedefi do\u011frultusunda enerji tasarrufu bilincini art\u0131racak \u00f6nemli bir projeyi daha hayata ge\u00e7iriyor.<\/p>\n<p data-asw-org-font-size=\"14\">Konya B\u00fcy\u00fck\u015fehir Belediye Ba\u015fkan\u0131 U\u011fur \u0130brahim Altay, bilin\u00e7li t\u00fcketim al\u0131\u015fkanl\u0131klar\u0131n\u0131n, s\u00fcrd\u00fcr\u00fclebilir bir gelecek i\u00e7in b\u00fcy\u00fck bir ad\u0131m oldu\u011funu vurgulayarak, k\u00fc\u00e7\u00fck gibi g\u00f6r\u00fcnen bireysel eylemlerin, toplu olarak de\u011ferlendirildi\u011finde b\u00fcy\u00fck bir fark olu\u015fturaca\u011f\u0131n\u0131 s\u00f6yledi.<\/p>\n<p data-asw-org-font-size=\"14\">\u0130klim de\u011fi\u015fikli\u011fi ile m\u00fccadelede bireysel tasarruf \u00f6nlemlerinin g\u00f6z ard\u0131 edilmemesi gerekti\u011fini, B\u00fcy\u00fck\u015fehir Belediyesi olarak bu alanda yeni bir \u00e7al\u0131\u015fma haz\u0131rlad\u0131klar\u0131n\u0131 belirten Ba\u015fkan Altay, \u201c\u00c7evreye duyarl\u0131, s\u00fcrd\u00fcr\u00fclebilir bir gelecek i\u00e7in enerji tasarrufu noktas\u0131nda \u00f6nemli bir ad\u0131m daha at\u0131yoruz. \u201cBenim \u0130klimim\u201d kampanyam\u0131zla Konya\u2019m\u0131zda enerji tasarrufu bilincini g\u00fc\u00e7lendiriyor, hem\u015fehrilerimizi daha bilin\u00e7li ve daha s\u00fcrd\u00fcr\u00fclebilir bir ya\u015fam i\u00e7in harekete davet ediyorum. Karatay, Meram ve Sel\u00e7uklu\u2019da ba\u015flayacak kampanyam\u0131zda, su, elektrik ve do\u011falgaz kullan\u0131mlar\u0131nda tasarruf eden hanelerimizin puanlar\u0131 toplanarak; \u00e7ekili\u015f sonunda 3 ailemize TOGG hediye edece\u011fiz\u201d ifadelerini kulland\u0131.<\/p>\n<p data-asw-org-font-size=\"14\">Projeye kat\u0131lmak isteyen vatanda\u015flar, ba\u015fvuru ekran\u0131na ve detayl\u0131 bilgiye \u201cbenimiklimim.konya.bel.tr\u201d adresinden ula\u015fabiliyor.<\/p>\n<p data-asw-org-font-size=\"14\">\u00a0<\/p>\n<p data-asw-org-font-size=\"14\">\u00a0<\/p>\n<p>Kaynak: (BYZHA) Beyaz Haber Ajans\u0131<\/p>\n","protected":false},"excerpt":{"rendered":"<p>Konya B\u00fcy\u00fck\u015fehir Belediye Ba\u015fkan\u0131 U\u011fur \u0130brahim Altay, \u00e7evreye duyarl\u0131, s\u00fcrd\u00fcr\u00fclebilir bir gelecek i\u00e7in enerji tasarrufu noktas\u0131nda \u00f6nemli bir ad\u0131m daha atarak, &#8220;Benim \u0130klimim\u201d projesini hayata ge\u00e7irdiklerini duyurdu.<\/p>\n","protected":false},"author":1,"featured_media":14450,"comment_status":"open","ping_status":"open","sticky":false,"template":"","format":"standard","meta":{"footnotes":""},"categories":[21],"tags":[],"class_list":["post-14449","post","type-post","status-publish","format-standard","has-post-thumbnail","hentry","category-gundem"],"_links":{"self":[{"href":"https:\/\/busondakika.com.tr\/index.php?rest_route=\/wp\/v2\/posts\/14449","targetHints":{"allow":["GET"]}}],"collection":[{"href":"https:\/\/busondakika.com.tr\/index.php?rest_route=\/wp\/v2\/posts"}],"about":[{"href":"https:\/\/busondakika.com.tr\/index.php?rest_route=\/wp\/v2\/types\/post"}],"author":[{"embeddable":true,"href":"https:\/\/busondakika.com.tr\/index.php?rest_route=\/wp\/v2\/users\/1"}],"replies":[{"embeddable":true,"href":"https:\/\/busondakika.com.tr\/index.php?rest_route=%2Fwp%2Fv2%2Fcomments&post=14449"}],"version-history":[{"count":1,"href":"https:\/\/busondakika.com.tr\/index.php?rest_route=\/wp\/v2\/posts\/14449\/revisions"}],"predecessor-version":[{"id":14451,"href":"https:\/\/busondakika.com.tr\/index.php?rest_route=\/wp\/v2\/posts\/14449\/revisions\/14451"}],"wp:featuredmedia":[{"embeddable":true,"href":"https:\/\/busondakika.com.tr\/index.php?rest_route=\/wp\/v2\/media\/14450"}],"wp:attachment":[{"href":"https:\/\/busondakika.com.tr\/index.php?rest_route=%2Fwp%2Fv2%2Fmedia&parent=14449"}],"wp:term":[{"taxonomy":"category","embeddable":true,"href":"https:\/\/busondakika.com.tr\/index.php?rest_route=%2Fwp%2Fv2%2Fcategories&post=14449"},{"taxonomy":"post_tag","embeddable":true,"href":"https:\/\/busondakika.com.tr\/index.php?rest_route=%2Fwp%2Fv2%2Ftags&post=14449"}],"curies":[{"name":"wp","href":"https:\/\/api.w.org\/{rel}","templated":true}]}}