{"id":14458,"date":"2026-05-01T13:18:26","date_gmt":"2026-05-01T13:18:26","guid":{"rendered":"https:\/\/busondakika.com.tr\/?p=14458"},"modified":"2026-05-01T13:18:27","modified_gmt":"2026-05-01T13:18:27","slug":"ahmed-arif-parkinda-1-mayis-isci-bayrami-kutlandi","status":"publish","type":"post","link":"https:\/\/busondakika.com.tr\/?p=14458","title":{"rendered":"Ahmed Arif Park\u0131\u2019nda 1 May\u0131s \u0130\u015f\u00e7i Bayram\u0131 Kutland\u0131"},"content":{"rendered":"<p> <b>\u00c7ankaya Belediye Ba\u015fkan\u0131 H\u00fcseyin Can G\u00fcner, Ahmed Arif Park\u0131\u2019nda d\u00fczenlenen, Halk TV\u2019nin Serhan Asker\u2019le G\u00f6rkemli Hat\u0131ralar 1 May\u0131s \u0130\u015f\u00e7i Bayram\u0131 \u00f6zel yay\u0131n\u0131na ev sahipli\u011fi yapt\u0131.<\/b><\/p>\n<p><b>G\u00fcner, canl\u0131 yay\u0131nda \u00c7ankaya\u2019n\u0131n, Ankara\u2019n\u0131n, T\u00fcrkiye\u2019nin her k\u00f6\u015fesini g\u00fczelle\u015ftirmek i\u00e7in al\u0131n teri d\u00f6ken t\u00fcm emek\u00e7ilerin bayram\u0131n\u0131 \u201cYa\u015fas\u0131n 1 May\u0131s!\u201d diyerek kutlad\u0131.<\/b><\/p>\n<p><b>\u00a0Programda, Karde\u015f T\u00fcrk\u00fcler de parkta bulunan izleyicilerle birlikte 1 May\u0131s\u2019\u0131 kutlad\u0131.<\/b><\/p>\n<p>H\u00fcseyin Can G\u00fcner,\u00a0Halk TV\u00a0taraf\u0131ndan\u00a0Ahmed Arif Park\u0131\u2019nda d\u00fczenlenen 1 May\u0131s \u00f6zel yay\u0131n\u0131nda emek\u00e7ilere seslendi. \u201cYa\u015fas\u0131n 1 May\u0131s!\u201d s\u00f6zleriyle t\u00fcm \u00e7al\u0131\u015fanlar\u0131n bayram\u0131n\u0131 kutlayan G\u00fcner, \u00c7ankaya\u2019dan T\u00fcrkiye\u2019nin d\u00f6rt bir yan\u0131na emek vurgusu yapt\u0131. Programa kat\u0131lan\u00a0Karde\u015f T\u00fcrk\u00fcler\u00a0ise park\u0131 dolduran vatanda\u015flarla birlikte \u0130\u015f\u00e7i Bayram\u0131 co\u015fkusunu sahneye ta\u015f\u0131d\u0131. Madencilerin eme\u011fini, al\u0131n terini ve ya\u015fam\u0131n\u0131 yitiren i\u015f\u00e7ilerin an\u0131s\u0131n\u0131 simgeleyen Madenci An\u0131t\u0131\u2019n\u0131n heykelt\u0131ra\u015f\u0131\u00a0Metin Yurdanur\u00a0da programa kat\u0131ld\u0131. Yurdanur da, t\u00fcm d\u00fcnya halklar\u0131n\u0131n tek ortak bayram\u0131 olarak niteledi\u011fi 1 May\u0131s \u0130\u015f\u00e7i Bayram\u0131\u2019n\u0131 kutlad\u0131. Yay\u0131n\u0131, \u00c7ankaya Belediyesi emek\u00e7ileriyle a\u00e7an ve her birine mikrofon uzatan Serhan Asker, \u2018Sizlerin sayesinde temiz bir \u00fclkede ya\u015f\u0131yoruz\u2019 diyerek al\u0131n terine ve eme\u011fe vurgu yapt\u0131. \u00c7ankaya Belediyesi HOYTUR Halk Danslar\u0131 Toplulu\u011funun da k\u0131sa bir g\u00f6steri sundu\u011fu programda Ba\u015fkan H\u00fcseyin Can G\u00fcner i\u015f\u00e7ilerle birlikte halay \u00e7ekti. \u00a0\u00a0<\/p>\n<p><b>YASAKLAMAK KOLAY, ZOR OLAN \u00d6ZG\u00dcRLE\u015eT\u0130RMEK<\/b><\/p>\n<p>Program s\u0131ras\u0131nda ekrana yans\u0131yan, 1 May\u0131s&#8217;\u0131 Taksim&#8217;de kutlamak isteyen i\u015f\u00e7ilere yap\u0131lan m\u00fcdahale hakk\u0131nda konu\u015fan Ba\u015fkan\u00a0H\u00fcseyin Can G\u00fcner, \u201cMeydanlardan, sokaktan, halktan korkman\u0131n bir anlam\u0131 yok; yasaklamak kolay, zor olan \u00f6zg\u00fcrle\u015ftirmektir ve birle\u015ftirmektir. Bu \u00fclke yasaklarla de\u011fil; \u00f6zg\u00fcrl\u00fck, adalet ve demokrasiyle geli\u015fir, daha g\u00fczel g\u00fcnleri hep birlikte yakalayaca\u011f\u0131z\u201d dedi.<\/p>\n<p>H\u00fcseyin Can G\u00fcner, alanlardaki 1 May\u0131s y\u00fcr\u00fcy\u00fc\u015f g\u00f6r\u00fcnt\u00fclerine ili\u015fkin duygular\u0131n\u0131 payla\u015farak Ankara\u2019daki 1 May\u0131s y\u00fcr\u00fcy\u00fc\u015flerine gen\u00e7lik kollar\u0131ndan bu yana kat\u0131ld\u0131\u011f\u0131n\u0131, g\u00f6revde olsun ya da olmas\u0131n her y\u0131l alanda bulundu\u011funu belirtti. G\u00fcner, \u201cBu y\u0131l herhalde benim ilk kez 1 May\u0131s\u2019ta alana gidemedi\u011fim g\u00fcn oldu; canl\u0131 yay\u0131na kat\u0131ld\u0131\u011f\u0131m i\u00e7in bunu ancak Serhan Asker ba\u015far\u0131rd\u0131, bir alk\u0131\u015f da ona alal\u0131m\u201d ifadeleriyle buna ra\u011fmen alandaki co\u015fkunun kendisini heyecanland\u0131rd\u0131\u011f\u0131n\u0131 s\u00f6yledi.<\/p>\n<p><b>KAMU KAYNAKLARI B\u0130ZE EMANET; HER A\u011eACA HER TA\u015eA G\u00d6Z\u00dcM\u00dcZ G\u0130B\u0130 BAKIYORUZ<\/b><\/p>\n<p>Program\u0131n yap\u0131ld\u0131\u011f\u0131 Ahmed Arif Park\u0131\u2019n\u0131n 30 y\u0131l\u0131 a\u015fk\u0131n bir zamanda \u00c7ankayal\u0131lara hizmet verdi\u011fini kaydeden Ba\u015fkan H\u00fcseyin Can G\u00fcner, \u00a0\u201cAnkara\u2019da yurtta\u015flar\u0131m\u0131z\u0131n nefes ald\u0131\u011f\u0131 park\u0131m\u0131z\u0131 bu b\u00f6lge \u00e7ok iyi tan\u0131yor ama bug\u00fcn t\u00fcm T\u00fcrkiye\u2019ye de tan\u0131tm\u0131\u015f olduk. Ahmed Arif\u2019in ad\u0131yla hemen biraz yukar\u0131da k\u00fct\u00fcphanemiz var. Ye\u015fil alanlar\u0131m\u0131za g\u00f6z\u00fcm\u00fcz gibi bak\u0131yoruz. \u00a0Biraz \u00f6nce g\u00f6rd\u00fck emek\u00e7ilerimiz ger\u00e7ekten g\u00f6z\u00fc gibi sak\u0131n\u0131yor. Bir s\u00fcp\u00fcrgeyi \u2018bana zimmetli\u2019 diyor ve size bile vermiyor, asl\u0131nda bu bir bak\u0131\u015f\u0131 yans\u0131t\u0131yor, yani kamu kaynaklar\u0131 belediye imkanlar\u0131 sonu\u00e7ta bizde zimmetli. Ne i\u00e7in vatanda\u015fa hizmet etmek i\u00e7in biz de g\u00f6z\u00fcm\u00fcz gibi bak\u0131yoruz her bir a\u011fac\u0131m\u0131za.\u00a0 Her bir ta\u015f\u0131m\u0131z\u0131 bile esirgeyerek park\u0131m\u0131z daha da g\u00fczelle\u015fsin istiyoruz\u201d dedi. G\u00fcner, yurtta\u015flara \u00e7evreyi temiz tutma \u00e7a\u011fr\u0131s\u0131 yaparak, emek\u00e7ilerin \u00fclkeyi g\u00fczelle\u015ftirmek i\u00e7in b\u00fcy\u00fck \u00e7aba g\u00f6sterdi\u011fini ve herkesin bu \u00e7abaya destek olmas\u0131 gerekti\u011fini vurgulad\u0131.<\/p>\n<p><b>GE\u00c7\u0130M SIKINTISI GEN\u0130\u015e KES\u0130MLER\u0130 ETK\u0130L\u0130YOR<\/b><\/p>\n<p>Emek\u00e7ilerin \u00fccret ve hak m\u00fccadelesi verdi\u011fini, asgari \u00fccretin a\u00e7l\u0131k s\u0131n\u0131r\u0131n\u0131n alt\u0131na geriledi\u011fini belirten G\u00fcner, \u00c7ankaya Belediyesi olarak y\u00fcksek \u00fccret politikas\u0131 izlediklerini ancak bunun da yeterli olmad\u0131\u011f\u0131n\u0131 ifade etti. Ba\u015fkan G\u00fcner, \u201cBiz \u00c7ankaya Belediyesi olarak T\u00fcrkiye\u2019de belki en y\u00fcksek \u00fccreti veriyoruz, yeter mi yetmez ge\u00e7ti\u011fimiz g\u00fcnlerde toplu s\u00f6zle\u015fmemizi de imzalad\u0131k; halaylarla, yeter mi yetmez elbette. Bilmiyorum ama T\u00fcrkiye\u2019de en y\u00fckse\u011fi oldu\u011fu s\u00f6yleniyor sendika taraf\u0131ndan da ama buna ra\u011fmen de bug\u00fcn ge\u00e7imin zorla\u015ft\u0131\u011f\u0131 bir d\u00f6nemdeyiz\u201d a\u00e7\u0131klamalar\u0131nda bulundu.<\/p>\n<p><b>H\u0130ZMETLER\u0130N TEMEL\u0130NDE EMEK VAR<\/b><\/p>\n<p>Emeklilerden gen\u00e7lere kadar geni\u015f kesimlerin ge\u00e7im s\u0131k\u0131nt\u0131s\u0131 ya\u015fad\u0131\u011f\u0131na dikkat \u00e7eken G\u00fcner, belediye olarak yurtta\u015flar\u0131n ya\u015fam\u0131n\u0131 kolayla\u015ft\u0131rmak i\u00e7in kent lokantas\u0131, A\u015f\u0131k Veysel Engelsiz Ya\u015fam Merkezi, \u00f6\u011frenci yurdu ve k\u00fct\u00fcphane gibi hizmetleri hayata ge\u00e7irdiklerini s\u00f6yledi; t\u00fcm bu \u00e7al\u0131\u015fmalar\u0131n emek sayesinde m\u00fcmk\u00fcn oldu\u011funu belirterek hem \u00e7al\u0131\u015fanlara hem de destek veren yurtta\u015flara te\u015fekk\u00fcr etti.<\/p>\n<p>H\u00fcseyin Can G\u00fcner, belediye ba\u015fkan\u0131n\u0131n yapt\u0131klar\u0131n\u0131n hesab\u0131n\u0131 ilk kez saydam bir \u015fekilde halkla birlikte payla\u015ft\u0131\u011f\u0131 \u201c\u0130kinci Y\u0131l\u0131m\u0131zda Hesap Veriyoruz\u201d toplant\u0131s\u0131n\u0131 hat\u0131rlatan programc\u0131 Serhan Asker\u2019in sorular\u0131n\u0131 yan\u0131tlad\u0131.\u00a0G\u00f6rev s\u00fcrecinde \u00e7ar\u015f\u0131 pazardan park bulu\u015fmalar\u0131na, sivil toplum ziyaretlerinden a\u00e7\u0131k alan etkinliklerine kadar her f\u0131rsatta vatanda\u015fla bir arada olduklar\u0131n\u0131 belirten G\u00fcner, proje kitap\u00e7\u0131\u011f\u0131yla s\u00f6z verdikleri \u00e7al\u0131\u015fmalar\u0131 iki y\u0131l i\u00e7inde yine binlerce \u00c7ankayal\u0131yla payla\u015farak hayata ge\u00e7irdiklerini s\u00f6yledi.\u00a0Atat\u00fcrk Sanat Merkezi ba\u015fta olmak \u00fczere k\u00fclt\u00fcr ve sanat alanlar\u0131n\u0131 g\u00fc\u00e7lendirdiklerini, gen\u00e7lik merkezleri ve ekolojik kre\u015f modelini hayata ge\u00e7irdiklerini ifade eden G\u00fcner, \u00e7ocuklar\u0131n do\u011fayla i\u00e7 i\u00e7e e\u011fitim ald\u0131\u011f\u0131 bu kre\u015flerin yeni \u00f6rneklerinin de yap\u0131m a\u015famas\u0131nda oldu\u011funu belirtti.<\/p>\n<p><b>HALKIN B\u00dcT\u00c7ES\u0130N\u0130 KULLANIYORUZ, HALKA HESAP VER\u0130YORUZ<\/b><\/p>\n<p>K\u0131z \u00f6\u011frenci yurdu, emekli lokalleri ve kent lokantalar\u0131 gibi sosyal projeleri de vatanda\u015flarla birlikte de\u011ferlendirdiklerini vurgulayan G\u00fcner, t\u00fcm yat\u0131r\u0131mlar\u0131n \u015feffaf bir hesap verme anlay\u0131\u015f\u0131yla y\u00fcr\u00fct\u00fcld\u00fc\u011f\u00fcn\u00fc dile getirerek, \u201cBu b\u00fct\u00e7e halk\u0131n b\u00fct\u00e7esi, biz de yapt\u0131\u011f\u0131m\u0131z her i\u015fi halka hesap vererek anlat\u0131yoruz\u201d dedi.<\/p>\n<p>Belediye olarak emek\u00e7ilerin katk\u0131s\u0131yla bir\u00e7ok hizmet \u00fcrettiklerini s\u00f6yleyen G\u00fcner, Alzheimer ve Demans Merkezi, yeni kre\u015fler, pazar evi ve spor salonu gibi projelerin de tamamlanaca\u011f\u0131n\u0131 ifade ederek \u00c7ankayal\u0131lara destekleri i\u00e7in te\u015fekk\u00fcr etti.<\/p>\n<p>\u00a0<\/p>\n<p>Kaynak: (BYZHA) Beyaz Haber Ajans\u0131<\/p>\n","protected":false},"excerpt":{"rendered":"<p>\u00c7ankaya Belediye Ba\u015fkan\u0131 H\u00fcseyin Can G\u00fcner, Ahmed Arif Park\u0131\u2019nda d\u00fczenlenen, Halk TV\u2019nin Serhan Asker\u2019le G\u00f6rkemli Hat\u0131ralar 1 May\u0131s \u0130\u015f\u00e7i Bayram\u0131 \u00f6zel yay\u0131n\u0131na ev sahipli\u011fi yapt\u0131.<\/p>\n","protected":false},"author":1,"featured_media":14459,"comment_status":"open","ping_status":"open","sticky":false,"template":"","format":"standard","meta":{"footnotes":""},"categories":[21],"tags":[],"class_list":["post-14458","post","type-post","status-publish","format-standard","has-post-thumbnail","hentry","category-gundem"],"_links":{"self":[{"href":"https:\/\/busondakika.com.tr\/index.php?rest_route=\/wp\/v2\/posts\/14458","targetHints":{"allow":["GET"]}}],"collection":[{"href":"https:\/\/busondakika.com.tr\/index.php?rest_route=\/wp\/v2\/posts"}],"about":[{"href":"https:\/\/busondakika.com.tr\/index.php?rest_route=\/wp\/v2\/types\/post"}],"author":[{"embeddable":true,"href":"https:\/\/busondakika.com.tr\/index.php?rest_route=\/wp\/v2\/users\/1"}],"replies":[{"embeddable":true,"href":"https:\/\/busondakika.com.tr\/index.php?rest_route=%2Fwp%2Fv2%2Fcomments&post=14458"}],"version-history":[{"count":1,"href":"https:\/\/busondakika.com.tr\/index.php?rest_route=\/wp\/v2\/posts\/14458\/revisions"}],"predecessor-version":[{"id":14460,"href":"https:\/\/busondakika.com.tr\/index.php?rest_route=\/wp\/v2\/posts\/14458\/revisions\/14460"}],"wp:featuredmedia":[{"embeddable":true,"href":"https:\/\/busondakika.com.tr\/index.php?rest_route=\/wp\/v2\/media\/14459"}],"wp:attachment":[{"href":"https:\/\/busondakika.com.tr\/index.php?rest_route=%2Fwp%2Fv2%2Fmedia&parent=14458"}],"wp:term":[{"taxonomy":"category","embeddable":true,"href":"https:\/\/busondakika.com.tr\/index.php?rest_route=%2Fwp%2Fv2%2Fcategories&post=14458"},{"taxonomy":"post_tag","embeddable":true,"href":"https:\/\/busondakika.com.tr\/index.php?rest_route=%2Fwp%2Fv2%2Ftags&post=14458"}],"curies":[{"name":"wp","href":"https:\/\/api.w.org\/{rel}","templated":true}]}}