{"id":14476,"date":"2026-05-01T13:28:07","date_gmt":"2026-05-01T13:28:07","guid":{"rendered":"https:\/\/busondakika.com.tr\/?p=14476"},"modified":"2026-05-01T13:28:07","modified_gmt":"2026-05-01T13:28:07","slug":"selcuklu-belediyesinden-anlamli-veda-programi","status":"publish","type":"post","link":"https:\/\/busondakika.com.tr\/?p=14476","title":{"rendered":"Sel\u00e7uklu Belediyesi\u2019nden anlaml\u0131 veda program\u0131"},"content":{"rendered":"<p> Kurumlar aras\u0131 i\u015f birli\u011finin sahada en iyi \u00f6rneklerini ya\u015fatan Sel\u00e7uklu Belediyesi, 4 y\u0131ll\u0131k g\u00f6rev s\u00fcresince Sel\u00e7uklu i\u00e7in gayret eden ve g\u00f6rev s\u00fcresini doldurarak emekli olan Sel\u00e7uklu Kaymakam\u0131 Eflatun Can Tortop i\u00e7in veda program\u0131 d\u00fczenleyerek vefas\u0131n\u0131 g\u00f6sterdi.<\/p>\n<p>Kaymakam Tortop i\u00e7in d\u00fczenlenen veda program\u0131na il\u00e7e protokol\u00fc, meclis \u00fcyeleri, kurum amirleri ve muhtarlar kat\u0131ld\u0131.<\/p>\n<p><b>Ba\u015fkan Pekyat\u0131rmac\u0131: \u201cOrtak ak\u0131l ve g\u00fc\u00e7l\u00fc i\u015f birli\u011fiyle Sel\u00e7uklumuzda kal\u0131c\u0131 izler b\u0131rakt\u0131k\u201d<\/b><\/p>\n<p>\u0130z b\u0131rakm\u0131\u015f bir hizmet yolculu\u011funa \u015fahitlik etmek i\u00e7in topland\u0131klar\u0131n\u0131 ifade eden Sel\u00e7uklu Belediye Ba\u015fkan\u0131 Ahmet Pekyat\u0131rmac\u0131, \u201c2022 y\u0131l\u0131nda Sel\u00e7uklu Kaymakaml\u0131\u011f\u0131 g\u00f6revine ba\u015flayan ve 4 y\u0131l boyunca bu g\u00f6revi b\u00fcy\u00fck bir \u00f6zveriyle s\u00fcrd\u00fcren Kaymakam\u0131m\u0131z Eflatun Can Tortop\u2019a bug\u00fcn \u2018elveda\u2019 demiyoruz; \u2018iyi ki yollar\u0131m\u0131z kesi\u015fti\u2019 diyoruz. \u00c7\u00fcnk\u00fc baz\u0131 g\u00f6revler vard\u0131r, sadece makamla yap\u0131lmaz. Baz\u0131 insanlar vard\u0131r, bulunduklar\u0131 yere sadece g\u00f6revleriyle de\u011fil; g\u00f6n\u00fclleriyle, samimiyetleriyle ve duru\u015flar\u0131yla de\u011fer katar. Kaymakam\u0131m\u0131z da Sel\u00e7uklumuzda tam olarak bunu yapm\u0131\u015ft\u0131r. G\u00f6rev s\u00fcresi boyunca devlet ciddiyetini, insani yakla\u015f\u0131m\u0131yla harmanlayan; vatanda\u015f odakl\u0131 hizmet anlay\u0131\u015f\u0131n\u0131 her zaman \u00f6n planda tutan, \u00e7\u00f6z\u00fcm \u00fcreten, yol g\u00f6steren, birle\u015ftiren bir y\u00f6netim anlay\u0131\u015f\u0131 sergilemi\u015ftir.\u00a0 Sel\u00e7uklumuz gibi h\u0131zla b\u00fcy\u00fcyen, geli\u015fen ve her ge\u00e7en g\u00fcn yeni hedeflere y\u00fcr\u00fcyen bir il\u00e7ede g\u00f6rev yapmak elbette b\u00fcy\u00fck bir sorumluluk gerektirir. Kaymakam\u0131m\u0131z bu sorumlulu\u011fu en g\u00fczel \u015fekilde yerine getirirken; kurumlar aras\u0131 uyumu g\u00fc\u00e7lendirmi\u015f, i\u015f birli\u011fini art\u0131rm\u0131\u015f ve birlikte \u00fcretmenin en g\u00fczel \u00f6rneklerini de ortaya koymu\u015ftur. Bizler Sel\u00e7uklu Belediyesi olarak, kendisiyle her zaman uyum i\u00e7erisinde \u00e7al\u0131\u015ft\u0131k. Ortak ak\u0131lla hareket ettik, isti\u015fareyle yol ald\u0131k\u201d dedi.<\/p>\n<p><b>\u201cG\u00f6revler gelip ge\u00e7icidir ama g\u00fczel hat\u0131ralar, kurulan dostluklar ve b\u0131rak\u0131lan izler kal\u0131c\u0131d\u0131r\u201d<\/b><\/p>\n<p>Sel\u00e7uklu\u2019nun geli\u015fimi i\u00e7in att\u0131klar\u0131 her ad\u0131mda Kaymakam Eflatun Can tortop\u2019un katk\u0131s\u0131n\u0131, deste\u011fini ve yap\u0131c\u0131 yakla\u015f\u0131m\u0131n\u0131 yanlar\u0131nda hissettiklerini belirten Ba\u015fkan Pekyat\u0131rmac\u0131, \u201cKimi zaman bir projenin\u00a0temelinde, kimi zaman bir sosyal \u00e7al\u0131\u015fman\u0131n i\u00e7inde, kimi zaman da bir vatanda\u015f\u0131m\u0131z\u0131n derdine \u00e7\u00f6z\u00fcm ararken hep ayn\u0131 hassasiyeti, ayn\u0131 gayreti g\u00f6rd\u00fck. Bug\u00fcn geriye d\u00f6n\u00fcp bakt\u0131\u011f\u0131m\u0131zda,\u00a0Sel\u00e7uklumuzda\u00a0iz b\u0131rakan pek \u00e7ok hizmette kaymakam\u0131m\u0131z\u0131n eme\u011finin oldu\u011funu memnuniyetle ifade ediyorum. Ama en k\u0131ymetlisi \u015fudur ki; kendisi sadece g\u00f6revini yapan bir idareci de\u011fil, ayn\u0131 zamanda g\u00f6n\u00fcllerde yer edinen bir devlet insan\u0131 olmu\u015ftur. G\u00f6revler gelip ge\u00e7icidir, makamlar bir g\u00fcn devredilir ama g\u00fczel hat\u0131ralar, kurulan dostluklar ve b\u0131rak\u0131lan izler kal\u0131c\u0131d\u0131r. Kaymakam\u0131m\u0131z, Sel\u00e7uklu\u2019dan ayr\u0131l\u0131rken arkas\u0131nda g\u00fc\u00e7l\u00fc bir hizmet miras\u0131, g\u00fczel dostluklar ve hay\u0131rla an\u0131lacak bir d\u00f6nem b\u0131rakm\u0131\u015ft\u0131r. Bizler inan\u0131yoruz ki kaymakam\u0131m\u0131z bundan sonraki hayat\u0131nda da bilgi ve tecr\u00fcbesiyle topluma katk\u0131 sunmaya devam edecektir. Sel\u00e7uklumuza yapt\u0131\u011f\u0131n\u0131z hizmetler i\u00e7in, il\u00e7emize katt\u0131\u011f\u0131n\u0131z de\u011ferler i\u00e7in ve en \u00f6nemlisi bizlere kazand\u0131rd\u0131\u011f\u0131n\u0131z g\u00fczel hat\u0131ralar i\u00e7in \u015fahs\u0131m ve Sel\u00e7uklu Belediyesi ad\u0131na sizlere g\u00f6n\u00fclden te\u015fekk\u00fcr ediyorum. K\u0131ymetli kaymakam\u0131m\u0131za ailesiyle birlikte sa\u011fl\u0131kl\u0131, huzurlu ve mutlu bir emeklilik hayat\u0131 diliyor yeni hayat\u0131n\u0131n kendisine ve sevdiklerine g\u00fczellikler getirmesini y\u00fcce rabbimden niyaz ediyorum. Kap\u0131m\u0131z\u0131n, g\u00f6nl\u00fcm\u00fcz\u00fcn size her zaman a\u00e7\u0131k oldu\u011funu da \u00f6zellikle ifade etmek istiyorum. Sel\u00e7uklu sizi her zaman g\u00fczel hat\u0131rlayacak bizler de sizi bir dost, yol arkada\u015f\u0131 olarak anaca\u011f\u0131z\u201d \u015feklinde konu\u015ftu.<\/p>\n<p><b>Kaymakam Tortop: \u201cKonya&#8217;y\u0131, Sel\u00e7uklu&#8217;yu \u00e7ok \u00f6zleyece\u011fim\u201d<\/b><\/p>\n<p>Ba\u015fkan Ahmet Pekyat\u0131rmac\u0131\u2019ya bu g\u00fczel veda program\u0131 i\u00e7in \u015f\u00fckranlar\u0131n\u0131 sunan Sel\u00e7uklu Kaymakam\u0131 Eflatun Can tortop, \u201cBug\u00fcnleri g\u00f6sterdi\u011fi ve sa\u011fl\u0131k, s\u0131hhat, afiyet i\u00e7inde emekli olmay\u0131 bana nasip etti\u011fi i\u00e7in Allah\u0131ma \u015f\u00fckrediyor sizlerin de yeri ve zaman\u0131 gelince sa\u011fl\u0131k i\u00e7inde emeklili\u011finize eri\u015fmenizi diliyorum. Memurluk ya\u015fam\u0131n\u0131n do\u011fal bir gere\u011fi olarak sizlere veda etmek durumunda kald\u0131\u011f\u0131m \u015fu anda \u00e7ok duygu y\u00fckl\u00fc oldu\u011fumu daha sizlerden ayr\u0131lmadan h\u00fcz\u00fcnle kar\u0131\u015f\u0131k bir i\u015f buruklu\u011fu ya\u015fad\u0131\u011f\u0131m\u0131 da itiraf etmeliyim. Meslek ya\u015fam\u0131m boyunca valilerimizin, belediye ba\u015fkanlar\u0131m\u0131z\u0131n, g\u00fcvenlik birimlerimizin, sivil, sosyal ve siyasal kesimin her d\u00fczeydeki amir ve memurlar\u0131m\u0131z\u0131n vatanda\u015flar\u0131m\u0131z\u0131n muhtarlar\u0131m\u0131z\u0131n b\u00fcy\u00fck yard\u0131m ve desteklerini g\u00f6rd\u00fcm. Her birine ayr\u0131 ayr\u0131 te\u015fekk\u00fcr ederim. Burada da b\u00f6yle oldu. 3,5 y\u0131ll\u0131k mesai birlikteli\u011fimiz esnas\u0131nda her birinizin destekleri hep yan\u0131mdayd\u0131. Yap\u0131m itibariyle pek \u00f6yle k\u0131ran d\u00f6ken biri de\u011filim. Ama buna ra\u011fmen sizleri \u00fczd\u00fc\u011f\u00fcm anlar olduysa a\u00e7\u0131k\u00e7as\u0131 aff\u0131m\u0131 da dilerim. Her zaman herkes el i\u015finin en iyisini yapmak ister. Ben de yeteneklerimin ve sizlerin destekleriyle elimden gelenin en iyisini yapmaya \u00e7al\u0131\u015ft\u0131m. \u0130dare dinamik bir s\u00fcre\u00e7 oldu\u011funa g\u00f6re yerimize gelenler de bizim eksik b\u0131rakt\u0131\u011f\u0131m\u0131z i\u015fleri bizlerden \u00e7ok daha g\u00fczel bir \u015fekilde tamamlay\u0131p sizlere hizmet verecektir. D\u00fcnya bir ayr\u0131l\u0131klar diyar\u0131. Ebedi beraberlikler, saadetler, mutluluklar bu d\u00fcnyada ne yaz\u0131k ki olmuyor. Her birimiz sahnede bir rol oynamaya \u00e7al\u0131\u015f\u0131yoruz. Rol ya da oyun bitince de sahneden ayr\u0131l\u0131yoruz. \u00d6nemli olan kalp huzuru ile devlete ve millete bor\u00e7lu kalmadan ve g\u00f6n\u00fcl rahatl\u0131\u011f\u0131 ile sahneden ayr\u0131labilmek. Ben kendi \u00e7ap\u0131mda iyi k\u00f6t\u00fc bunu yapabildi\u011fimi d\u00fc\u015f\u00fcn\u00fcyorum. \u0130n\u015fallah \u00e7ok daha iyisini y\u00fcce Allah sizlere de nasip eder. Biliyorsunuz her \u015feyin ilki ve sonu \u00e7ok \u00f6zeldir. \u00dclkemizin \u00f6nemli il\u00e7elerinden biri olan payitaht bakiyesi Sel\u00e7uklu&#8217;nun ilk emekli olan eylemli kaymakam\u0131 olman\u0131n mutlulu\u011funu, 38 y\u0131ll\u0131k meslek kariyerimin burada, Sel\u00e7uklu&#8217;da sona ermesi, memuriyet ya\u015fam\u0131n\u0131n unutulmaz\u0131 olacakt\u0131r. Buradan\u00a0\u00f6mr\u00fcm\u00fcn sonuna dek hat\u0131rlayaca\u011f\u0131m ve dilimden d\u00fc\u015f\u00fcrmeyece\u011fim an\u0131larla ayr\u0131l\u0131yor olmam, Konya ve Sel\u00e7uklu&#8217;ya duydu\u011fum muhabbeti anlatmaya kafidir. Konya&#8217;y\u0131,\u00a0Sel\u00e7uklu&#8217;yu\u00a0\u00e7ok \u00f6zleyece\u011fim. Bu duygularla belediye ba\u015fkan\u0131m\u0131za, il\u00e7e ba\u015fkan\u0131m\u0131za, \u00e7al\u0131\u015fma arkada\u015flar\u0131ma, kendilerine hizmet etmekten b\u00fcy\u00fck onur duydu\u011fum de\u011ferli hem\u015fehrilerime, muhtarlar\u0131ma en i\u00e7ten duygular\u0131mla \u015f\u00fckranlar\u0131m\u0131 sunuyorum. Allah&#8217;a \u0131smarlad\u0131k\u201d ifadelerini kulland\u0131.<\/p>\n<p><b>AK Parti Sel\u00e7uklu \u0130l\u00e7e Ba\u015fkan\u0131 Ba\u011fc\u0131: \u201cKaymakam\u0131m\u0131z g\u00f6revi boyunca \u00e7ok g\u00fczel hizmetler yapm\u0131\u015ft\u0131r\u201d<\/b><\/p>\n<p>AK Parti Sel\u00e7uklu \u0130l\u00e7e Ba\u015fkan\u0131 Arif Ba\u011fc\u0131 da, Kaymakam Tortop\u2019a yapm\u0131\u015f oldu\u011fu hizmetlerden dolay\u0131 te\u015fekk\u00fcr ederek, \u201cBu bir veda, ayr\u0131l\u0131k de\u011fil. Sel\u00e7uklu&#8217;da 4 y\u0131ll\u0131k hizmetleri boyunca herkesin g\u00f6nl\u00fcne girmi\u015f, herkese dokunmu\u015f, \u00e7ok g\u00fczel hizmetler etmi\u015f olan kaymakam\u0131m\u0131zla herkesin a\u011fabey olarak bundan sonra da muhabbetini, birlikteli\u011fini devam ettirece\u011fine inan\u0131yorum. Bu duygusal bir an, ger\u00e7ekten \u00e7ok zor. Ama kaymakam\u0131m\u0131z 40 y\u0131ll\u0131k hizmetin kar\u015f\u0131l\u0131\u011f\u0131nda da emekli olacak. Bunlar hepimizin ba\u015f\u0131na gelecek. Bug\u00fcne kadar devletimize, \u00f6zellikle 40 y\u0131l boyunca \u00fclkemize yapm\u0131\u015f oldu\u011fu hizmetlerden sonra da Sel\u00e7uklumuza yapm\u0131\u015f oldu\u011fu hizmetlerden dolay\u0131 \u00e7ok te\u015fekk\u00fcr ediyorum. Bundan sonraki hayat\u0131nda sa\u011fl\u0131k, mutluluk, huzur diliyorum. Rabbim kaymakam\u0131m\u0131z\u0131n baht\u0131n\u0131 a\u00e7\u0131k eylesin in\u015fallah\u201d diye konu\u015ftu.<\/p>\n<p>Konu\u015fmalar\u0131n ard\u0131ndan Kaymakam Tortop\u2019a hediye takdimi yap\u0131ld\u0131 ve program g\u00fcn\u00fcn an\u0131s\u0131na \u00e7ekilen hat\u0131ra foto\u011fraf\u0131 ile sona erdi.<\/p>\n<p>\u00a0<\/p>\n<p>\u00a0<\/p>\n<p>Kaynak: (BYZHA) Beyaz Haber Ajans\u0131<\/p>\n","protected":false},"excerpt":{"rendered":"<p>Kurumlar aras\u0131 i\u015f birli\u011finin sahada en iyi \u00f6rneklerini ya\u015fatan Sel\u00e7uklu Belediyesi, 4 y\u0131ll\u0131k g\u00f6rev s\u00fcresince Sel\u00e7uklu i\u00e7in gayret eden ve g\u00f6rev s\u00fcresini doldurarak emekli olan Sel\u00e7uklu Kaymakam\u0131 Eflatun Can Tortop i\u00e7in veda program\u0131 d\u00fczenleyerek vefas\u0131n\u0131 g\u00f6sterdi.<\/p>\n","protected":false},"author":1,"featured_media":14477,"comment_status":"open","ping_status":"open","sticky":false,"template":"","format":"standard","meta":{"footnotes":""},"categories":[21],"tags":[],"class_list":["post-14476","post","type-post","status-publish","format-standard","has-post-thumbnail","hentry","category-gundem"],"_links":{"self":[{"href":"https:\/\/busondakika.com.tr\/index.php?rest_route=\/wp\/v2\/posts\/14476","targetHints":{"allow":["GET"]}}],"collection":[{"href":"https:\/\/busondakika.com.tr\/index.php?rest_route=\/wp\/v2\/posts"}],"about":[{"href":"https:\/\/busondakika.com.tr\/index.php?rest_route=\/wp\/v2\/types\/post"}],"author":[{"embeddable":true,"href":"https:\/\/busondakika.com.tr\/index.php?rest_route=\/wp\/v2\/users\/1"}],"replies":[{"embeddable":true,"href":"https:\/\/busondakika.com.tr\/index.php?rest_route=%2Fwp%2Fv2%2Fcomments&post=14476"}],"version-history":[{"count":1,"href":"https:\/\/busondakika.com.tr\/index.php?rest_route=\/wp\/v2\/posts\/14476\/revisions"}],"predecessor-version":[{"id":14478,"href":"https:\/\/busondakika.com.tr\/index.php?rest_route=\/wp\/v2\/posts\/14476\/revisions\/14478"}],"wp:featuredmedia":[{"embeddable":true,"href":"https:\/\/busondakika.com.tr\/index.php?rest_route=\/wp\/v2\/media\/14477"}],"wp:attachment":[{"href":"https:\/\/busondakika.com.tr\/index.php?rest_route=%2Fwp%2Fv2%2Fmedia&parent=14476"}],"wp:term":[{"taxonomy":"category","embeddable":true,"href":"https:\/\/busondakika.com.tr\/index.php?rest_route=%2Fwp%2Fv2%2Fcategories&post=14476"},{"taxonomy":"post_tag","embeddable":true,"href":"https:\/\/busondakika.com.tr\/index.php?rest_route=%2Fwp%2Fv2%2Ftags&post=14476"}],"curies":[{"name":"wp","href":"https:\/\/api.w.org\/{rel}","templated":true}]}}