{"id":14479,"date":"2026-05-01T13:28:14","date_gmt":"2026-05-01T13:28:14","guid":{"rendered":"https:\/\/busondakika.com.tr\/?p=14479"},"modified":"2026-05-01T13:28:15","modified_gmt":"2026-05-01T13:28:15","slug":"edremitte-1-mayis-coskuyla-kutlandi","status":"publish","type":"post","link":"https:\/\/busondakika.com.tr\/?p=14479","title":{"rendered":"Edremit\u2019te 1 May\u0131s co\u015fkuyla kutland\u0131"},"content":{"rendered":"<p> Edremit\u2019te 1 May\u0131s Emek ve Dayan\u0131\u015fma G\u00fcn\u00fc, binlerce ki\u015finin kat\u0131l\u0131m\u0131yla co\u015fku i\u00e7inde kutland\u0131. Edremit Belediye Ba\u015fkan\u0131 Mehmet Erta\u015f da belediye i\u015f\u00e7ileriyle birlikte hizmet binas\u0131 \u00f6n\u00fcnde toplanarak kutlamalara kat\u0131ld\u0131.<\/p>\n<p>1 May\u0131s etkinlikleri kapsam\u0131nda sabah saatlerinde Vergi Dairesi \u00f6n\u00fcnde bir araya gelen sendikalar, siyasi partiler, sivil toplum kurulu\u015flar\u0131, i\u015f\u00e7iler ve vatanda\u015flar kortej y\u00fcr\u00fcy\u00fc\u015f\u00fc ger\u00e7ekle\u015ftirdi. Edremit Belediye Ba\u015fkan\u0131 Mehmet Erta\u015f, CHP Edremit \u0130l\u00e7e Ba\u015fkan\u0131 Emin Yal\u00e7\u0131nta\u015f, belediye ba\u015fkan yard\u0131mc\u0131lar\u0131 ve meclis \u00fcyeleri de y\u00fcr\u00fcy\u00fc\u015fte yer ald\u0131.<\/p>\n<p>Baraj Caddesi\u2019nden ba\u015flayan kortej, Azerbaycan Bulvar\u0131 \u00fczerinden \u015eehit Hamdibey Meydan\u0131\u2019na kadar sloganlar, mar\u015flar ve \u015fark\u0131lar e\u015fli\u011finde ilerledi. Y\u00fcr\u00fcy\u00fc\u015f boyunca emek, dayan\u0131\u015fma ve adalet vurgusu \u00f6n plana \u00e7\u0131kt\u0131.<\/p>\n<p>Meydanda sona eren y\u00fcr\u00fcy\u00fc\u015f\u00fcn ard\u0131ndan D\u0130SK\/Genel-\u0130\u015f Sendikas\u0131 Ba\u015f Temsilcisi \u00d6\u011f\u00fct \u00c7elik, KESK Temsilcisi Bahad\u0131r Y\u0131ld\u0131r\u0131m ve Birle\u015fik Kamu-\u0130\u015f Temsilcisi \u0130smail Hasar taraf\u0131ndan g\u00fcn\u00fcn anlam ve \u00f6nemine ili\u015fkin konu\u015fmalar yap\u0131ld\u0131. Konu\u015fmalarda emek, adalet, demokrasi, e\u015fitlik ve \u00f6rg\u00fctlenme vurgusu \u00f6ne \u00e7\u0131karken, \u00e7al\u0131\u015fanlar\u0131n haklar\u0131na y\u00f6nelik talepler dile getirildi.<\/p>\n<p>Program, sanat\u00e7\u0131lar\u0131n sahne alarak kat\u0131l\u0131mc\u0131lara m\u00fczik dinletisi sunmas\u0131yla sona erdi.<\/p>\n<p>Edremit Belediye Ba\u015fkan\u0131 Mehmet Erta\u015f, belediye personeliyle birlikte kortejde yer alarak i\u015f\u00e7ilerin bayram\u0131n\u0131 kutlad\u0131. Eme\u011fin ve al\u0131n terinin her zaman yan\u0131nda olduklar\u0131n\u0131 belirten Erta\u015f, \u201c\u0130\u015f\u00e7ilerimizin haklar\u0131n\u0131 her ko\u015fulda savunmaya devam edece\u011fiz. Dayan\u0131\u015fmay\u0131 b\u00fcy\u00fcterek, alanlarda ve meydanlarda omuz omuza y\u00fcr\u00fcmeyi s\u00fcrd\u00fcrece\u011fiz\u201d dedi.<\/p>\n<p>\u00a0<\/p>\n<p>Kaynak: (BYZHA) Beyaz Haber Ajans\u0131<\/p>\n","protected":false},"excerpt":{"rendered":"<p>Edremit\u2019te 1 May\u0131s Emek ve Dayan\u0131\u015fma G\u00fcn\u00fc, binlerce ki\u015finin kat\u0131l\u0131m\u0131yla co\u015fku i\u00e7inde kutland\u0131.<\/p>\n","protected":false},"author":1,"featured_media":14480,"comment_status":"open","ping_status":"open","sticky":false,"template":"","format":"standard","meta":{"footnotes":""},"categories":[20],"tags":[],"class_list":["post-14479","post","type-post","status-publish","format-standard","has-post-thumbnail","hentry","category-kultur-sanat"],"_links":{"self":[{"href":"https:\/\/busondakika.com.tr\/index.php?rest_route=\/wp\/v2\/posts\/14479","targetHints":{"allow":["GET"]}}],"collection":[{"href":"https:\/\/busondakika.com.tr\/index.php?rest_route=\/wp\/v2\/posts"}],"about":[{"href":"https:\/\/busondakika.com.tr\/index.php?rest_route=\/wp\/v2\/types\/post"}],"author":[{"embeddable":true,"href":"https:\/\/busondakika.com.tr\/index.php?rest_route=\/wp\/v2\/users\/1"}],"replies":[{"embeddable":true,"href":"https:\/\/busondakika.com.tr\/index.php?rest_route=%2Fwp%2Fv2%2Fcomments&post=14479"}],"version-history":[{"count":1,"href":"https:\/\/busondakika.com.tr\/index.php?rest_route=\/wp\/v2\/posts\/14479\/revisions"}],"predecessor-version":[{"id":14481,"href":"https:\/\/busondakika.com.tr\/index.php?rest_route=\/wp\/v2\/posts\/14479\/revisions\/14481"}],"wp:featuredmedia":[{"embeddable":true,"href":"https:\/\/busondakika.com.tr\/index.php?rest_route=\/wp\/v2\/media\/14480"}],"wp:attachment":[{"href":"https:\/\/busondakika.com.tr\/index.php?rest_route=%2Fwp%2Fv2%2Fmedia&parent=14479"}],"wp:term":[{"taxonomy":"category","embeddable":true,"href":"https:\/\/busondakika.com.tr\/index.php?rest_route=%2Fwp%2Fv2%2Fcategories&post=14479"},{"taxonomy":"post_tag","embeddable":true,"href":"https:\/\/busondakika.com.tr\/index.php?rest_route=%2Fwp%2Fv2%2Ftags&post=14479"}],"curies":[{"name":"wp","href":"https:\/\/api.w.org\/{rel}","templated":true}]}}