{"id":14485,"date":"2026-05-01T14:49:01","date_gmt":"2026-05-01T14:49:01","guid":{"rendered":"https:\/\/busondakika.com.tr\/?p=14485"},"modified":"2026-05-01T14:49:02","modified_gmt":"2026-05-01T14:49:02","slug":"inegolde-lise-ogrencileri-hitabet-yetenegini-konusturdu","status":"publish","type":"post","link":"https:\/\/busondakika.com.tr\/?p=14485","title":{"rendered":"\u0130neg\u00f6l\u2019de Lise \u00d6\u011frencileri Hitabet Yetene\u011fini Konu\u015fturdu"},"content":{"rendered":"<p> \u0130neg\u00f6l Belediyesi ile \u0130l\u00e7e Milli E\u011fitim M\u00fcd\u00fcrl\u00fc\u011f\u00fc i\u015f birli\u011finde bu y\u0131l 2\u2019ncisi d\u00fczenlenen Liseler Aras\u0131 Hitabet Yar\u0131\u015fmas\u0131nda, 17 okuldan \u00f6\u011frenci hitabeti ve hatipli\u011fini konu\u015fturdu. \u0130neg\u00f6l Belediyesi Gen\u00e7lik Y\u0131l\u0131 kapsam\u0131nda Nurettin Top\u00e7u temas\u0131yla k\u00fcrs\u00fcye \u00e7\u0131kan \u00f6\u011frencilerin performanslar\u0131, b\u00fcy\u00fck be\u011feni toplad\u0131.<\/p>\n<p>\u0130neg\u00f6l Belediyesi ile \u0130l\u00e7e Milli E\u011fitim M\u00fcd\u00fcrl\u00fc\u011f\u00fc taraf\u0131ndan lise \u00f6\u011frencilerinin hitabet yeteneklerini geli\u015ftirmek, tarih ve kimlik bilinci kazanmalar\u0131na katk\u0131 sa\u011flamak ve sosyal y\u00f6nlerini g\u00fc\u00e7lendirmek amac\u0131yla d\u00fczenlenen Liseler Aras\u0131 Hitabet Yar\u0131\u015fmas\u0131, bu y\u0131l ikinci kez ger\u00e7ekle\u015ftirildi. \u0130neg\u00f6l Belediyesi\u2019nin 2026 y\u0131l\u0131n\u0131 Gen\u00e7lik Y\u0131l\u0131 ilan etmesiyle bu y\u0131l Gen\u00e7lik Y\u0131l\u0131 kapsam\u0131nda yap\u0131lan yar\u0131\u015fman\u0131n bu y\u0131lki temas\u0131 ise T\u00fcrk d\u00fc\u015f\u00fcnce hayat\u0131n\u0131n \u00f6nemli isimlerinden Nurettin Top\u00e7u olarak belirlendi. \u00d6\u011frenciler, Top\u00e7u\u2019nun fikir d\u00fcnyas\u0131n\u0131 ve d\u00fc\u015f\u00fcncelerini kendi yorumlar\u0131yla sahneye ta\u015f\u0131d\u0131.<\/p>\n<p>17 OKULDAN \u00d6\u011eRENC\u0130LER KATILDI<br \/>Be\u015finci Mevsim K\u00fclt\u00fcr Sanat Merkezinde ger\u00e7ekle\u015ftirilen Liseler Aras\u0131 Hitabet Yar\u0131\u015fmas\u0131na, \u0130neg\u00f6l genelindeki 17 farkl\u0131 liseden birer \u00f6\u011frenci kat\u0131ld\u0131. Yar\u0131\u015fmada her \u00f6\u011frenciye dan\u0131\u015fmanl\u0131k yapan bir \u00f6\u011fretmen de s\u00fcrece e\u015flik etti. Kat\u0131l\u0131mc\u0131lar, 7 ila 10 dakika aras\u0131nda de\u011fi\u015fen s\u00fcrelerde hitabetlerini sergileyerek j\u00fcri kar\u015f\u0131s\u0131nda performanslar\u0131n\u0131 ortaya koydular. Alan\u0131nda deneyimli isimlerden olu\u015fan j\u00fcri heyetinde ise Emekli \u00d6\u011fretmen \u015eahin Akta\u015f, T\u00fcrk\u00e7e \u00f6\u011fretmenleri Onur Ak\u00e7akaya ve \u015eeng\u00fcl \u00c7oban, Din Hizmetleri Uzman\u0131 Tevfik Cihat Ko\u00e7ak ile Uzman Vaiz Faik O\u011fuz yer ald\u0131. Gen\u00e7lerin kendilerini ifade etme becerilerini geli\u015ftirmeyi hedefleyen yar\u0131\u015fma ayn\u0131 zamanda \u00f6\u011frencilerin d\u00fc\u015f\u00fcnce d\u00fcnyalar\u0131n\u0131 zenginle\u015ftirmelerine ve toplumsal konulara daha bilin\u00e7li yakla\u015fmalar\u0131na katk\u0131 sa\u011flarken, yar\u0131\u015fman\u0131n bir b\u00f6l\u00fcm\u00fcn\u00fc Kaymakam Eren Arslan ve Belediye Ba\u015fkan\u0131 Alper Taban ile beraberindeki protokol \u00fcyeleri de takip etti.<\/p>\n<p>DERECEYE G\u0130REN OKULLAR<br \/>Yar\u0131\u015fman\u0131n sonunda dereceye giren \u00f6\u011frencileri k\u00fcrs\u00fcye protokol \u00fcyeleri duyurdu. Hitabet yar\u0131\u015fmas\u0131n\u0131n birincisi Turgutalp Anadolu Lisesi olurken, Halil \u0130nalc\u0131k Sosyal Bilimler Lisesi ikinci, K\u0131z Anadolu \u0130mam Hatip Lisesi ise yar\u0131\u015fmay\u0131 \u00fc\u00e7\u00fcnc\u00fc olarak tamamlad\u0131. Dereceye giren okulun \u00f6\u011frenci ve dan\u0131\u015fman \u00f6\u011fretmenlerine ba\u015far\u0131 belgesi ve hediye takdimleri yap\u0131ld\u0131.<\/p>\n<p>BURAYA KATILMA CESARET\u0130 G\u00d6STEREN T\u00dcM \u00d6\u011eRENC\u0130LER G\u00d6NL\u00dcM\u00dcZ\u00dcN KAZANANIDIR<br \/>Hitabet Yar\u0131\u015fmas\u0131n\u0131n \u00f6d\u00fcl t\u00f6reninde k\u00fcrs\u00fcye gelen Belediye Ba\u015fkan\u0131 Alper Taban, burada k\u0131sa bir selamlama konu\u015fmas\u0131 da yapt\u0131. Ba\u015fkan Taban, \u201c\u0130neg\u00f6l\u2019de ben kendimi \u00e7ok \u015fansl\u0131 hissediyorum. \u00c7\u00fcnk\u00fc b\u00f6ylesine g\u00fczel bir \u00f6\u011frenci toplulu\u011funa sahibiz, \u00e7ok de\u011ferli idare ve \u00f6\u011fretmenlerimiz var. Bug\u00fcn de \u00f6\u011frencilerimizin hitabet performanslar\u0131n\u0131 dinleme f\u0131rsat\u0131m\u0131z oldu. Emeklerine sa\u011fl\u0131k. T\u00fcm \u00f6\u011frencilerimizi kutluyorum. Bu vesileyle \u00f6nemli \u015fahsiyetlerimizi de anm\u0131\u015f oluyoruz. Onlar\u0131n fikir ve fikriyatlar\u0131 noktas\u0131nda neler yapt\u0131\u011f\u0131n\u0131 g\u00f6rm\u00fc\u015f oluyoruz. \u0130n\u015fallah bizler de bug\u00fcn\u00fcn g\u00fczel insanlar\u0131 olmay\u0131 ba\u015faral\u0131m. Yar\u0131\u015fmada emek veren herkese, kat\u0131lan \u00f6\u011frencilerimize, okullar\u0131m\u0131za te\u015fekk\u00fcr ediyorum. Buraya kat\u0131lan t\u00fcm \u00f6\u011frenciler g\u00f6nl\u00fcm\u00fcz\u00fcn birincisi. Bir s\u0131ralama olacak mutlaka ama \u00f6nemli olan o cesareti g\u00f6sterip buraya \u00e7\u0131kman\u0131z. Sizler kendinize g\u00fcvenmeye devam edin. Hedeflerimize mutlaka varaca\u011f\u0131z\u201d dedi.<\/p>\n<p>S\u0130ZLER BU \u00dcLKEN\u0130N GELECE\u011e\u0130S\u0130N\u0130Z<br \/>Kaymakam Eren Arslan da k\u00fcrs\u00fcde yapt\u0131\u011f\u0131 konu\u015fmada \u00e7ok mutlu oldu\u011fu bir programda oldu\u011funu ifade ederek; \u201c\u00c7\u00fcnk\u00fc zaman zaman bir\u00e7ok yerde gen\u00e7likle ilgili yak\u0131nmalar duyuyoruz. Bir k\u0131sm\u0131 do\u011fru olabilir ama \u00f6nemli bir k\u0131sm\u0131n\u0131n da haks\u0131z oldu\u011funu bug\u00fcn burada sizin gibi k\u0131ymetli gen\u00e7leri g\u00f6r\u00fcnce bir kez daha anlad\u0131k. Sizleri yeti\u015ftiren de\u011ferli ailelerinize ve \u00f6\u011fretmenlerinize te\u015fekk\u00fcr ediyorum. Bu de\u011ferli konsepti haz\u0131rlayan Belediye Ba\u015fkan\u0131m\u0131za ve Milli E\u011fitim M\u00fcd\u00fcr\u00fcm\u00fcze de te\u015fekk\u00fcr ediyorum. Biz gen\u00e7lerimizle gurur duyuyoruz. \u0130\u00e7erisinde Gen\u00e7lik ve Spor Bayram\u0131 ile Gen\u00e7lik Haftas\u0131n\u0131n bulundu\u011fu May\u0131s ay\u0131na giriyoruz. Neden bir \u00fclke gen\u00e7lerine, \u00e7ocuklar\u0131na bayram arma\u011fan eder? \u00c7\u00fcnk\u00fc sizler ger\u00e7ek manada geleceksiniz. Bu \u00fclkenin gelece\u011fisiniz. Ne kadar donan\u0131ml\u0131 yeti\u015firseniz, \u00fclkemizin gelece\u011fi de o kadar emin ellerde demektir. Biz sizlere \u00e7ok g\u00fcveniyoruz. Sadece \u00fclkemizi de\u011fil, insanl\u0131\u011f\u0131 da sizler kurtaracaks\u0131n\u0131z\u201d diye konu\u015ftu.<\/p>\n<p>\u00a0<\/p>\n<p>Kaynak: (BYZHA) Beyaz Haber Ajans\u0131<\/p>\n","protected":false},"excerpt":{"rendered":"<p>\u0130neg\u00f6l Belediyesi ile \u0130l\u00e7e Milli E\u011fitim M\u00fcd\u00fcrl\u00fc\u011f\u00fc i\u015f birli\u011finde bu y\u0131l 2\u2019ncisi d\u00fczenlenen Liseler Aras\u0131 Hitabet Yar\u0131\u015fmas\u0131nda, 17 okuldan \u00f6\u011frenci hitabeti ve hatipli\u011fini konu\u015fturdu.<\/p>\n","protected":false},"author":1,"featured_media":14486,"comment_status":"open","ping_status":"open","sticky":false,"template":"","format":"standard","meta":{"footnotes":""},"categories":[21],"tags":[],"class_list":["post-14485","post","type-post","status-publish","format-standard","has-post-thumbnail","hentry","category-gundem"],"_links":{"self":[{"href":"https:\/\/busondakika.com.tr\/index.php?rest_route=\/wp\/v2\/posts\/14485","targetHints":{"allow":["GET"]}}],"collection":[{"href":"https:\/\/busondakika.com.tr\/index.php?rest_route=\/wp\/v2\/posts"}],"about":[{"href":"https:\/\/busondakika.com.tr\/index.php?rest_route=\/wp\/v2\/types\/post"}],"author":[{"embeddable":true,"href":"https:\/\/busondakika.com.tr\/index.php?rest_route=\/wp\/v2\/users\/1"}],"replies":[{"embeddable":true,"href":"https:\/\/busondakika.com.tr\/index.php?rest_route=%2Fwp%2Fv2%2Fcomments&post=14485"}],"version-history":[{"count":1,"href":"https:\/\/busondakika.com.tr\/index.php?rest_route=\/wp\/v2\/posts\/14485\/revisions"}],"predecessor-version":[{"id":14487,"href":"https:\/\/busondakika.com.tr\/index.php?rest_route=\/wp\/v2\/posts\/14485\/revisions\/14487"}],"wp:featuredmedia":[{"embeddable":true,"href":"https:\/\/busondakika.com.tr\/index.php?rest_route=\/wp\/v2\/media\/14486"}],"wp:attachment":[{"href":"https:\/\/busondakika.com.tr\/index.php?rest_route=%2Fwp%2Fv2%2Fmedia&parent=14485"}],"wp:term":[{"taxonomy":"category","embeddable":true,"href":"https:\/\/busondakika.com.tr\/index.php?rest_route=%2Fwp%2Fv2%2Fcategories&post=14485"},{"taxonomy":"post_tag","embeddable":true,"href":"https:\/\/busondakika.com.tr\/index.php?rest_route=%2Fwp%2Fv2%2Ftags&post=14485"}],"curies":[{"name":"wp","href":"https:\/\/api.w.org\/{rel}","templated":true}]}}