{"id":14491,"date":"2026-05-01T18:18:32","date_gmt":"2026-05-01T18:18:32","guid":{"rendered":"https:\/\/busondakika.com.tr\/?p=14491"},"modified":"2026-05-01T18:18:33","modified_gmt":"2026-05-01T18:18:33","slug":"milli-iradede-ortacag-turk-dunyasina-yolculuk","status":"publish","type":"post","link":"https:\/\/busondakika.com.tr\/?p=14491","title":{"rendered":"Milli \u0130rade\u2019de Orta\u00e7a\u011f T\u00fcrk d\u00fcnyas\u0131na yolculuk"},"content":{"rendered":"<p> Kocaeli B\u00fcy\u00fck\u015fehir Belediyesi taraf\u0131ndan d\u00fczenlenen \u201cMilli \u0130rade Sohbetleri\u201d bu kez \u201cOrta\u00e7a\u011f T\u00fcrk D\u00fcnyas\u0131\u2019nda Ya\u015fam\u201d ba\u015fl\u0131\u011f\u0131yla kat\u0131l\u0131mc\u0131lara kapsaml\u0131 bir tarih yolculu\u011fu sundu. S\u00f6yle\u015finin bu haftaki konu\u015fmac\u0131s\u0131 Do\u00e7. Dr. Meryem G\u00fcrb\u00fcz, T\u00fcrklerin Orta Asya\u2019dan ba\u015flayarak Anadolu, \u0130ran, Kafkasya ve Do\u011fu Avrupa\u2019ya uzanan geni\u015f co\u011frafyadaki varl\u0131\u011f\u0131n\u0131 ele ald\u0131.<\/p>\n<p><b>ORTA\u00c7A\u011e T\u00dcRK D\u00dcNYASININ GEN\u0130\u015e CO\u011eRAFYASI ANLATILDI<\/b><\/p>\n<p>Kocaeli B\u00fcy\u00fck\u015fehir Belediyesi\u2019nin tarih ve k\u00fclt\u00fcr bilincini a\u015f\u0131lamak amac\u0131yla d\u00fczenledi\u011fi \u201cMilli \u0130rade Sohbetleri\u201d bu hafta da yo\u011fun ilgi g\u00f6rd\u00fc. Gen\u00e7lere tarihsel bir yolculu\u011fa \u00e7\u0131karan program\u0131n 2. oturumu \u201cK\u00fct\u00fcphanem Kocaeli\u201d \u00e7at\u0131s\u0131 alt\u0131nda Alev Alatl\u0131 K\u00fct\u00fcphanesi S\u00f6yle\u015fi Salonu\u2019nda yo\u011fun kat\u0131l\u0131mla ger\u00e7ekle\u015fti. Do\u00e7. Dr. Meryem G\u00fcrb\u00fcz\u2019\u00fcn konu\u015fmac\u0131 olarak yer ald\u0131\u011f\u0131 programda, T\u00fcrklerin Orta Asya\u2019dan ba\u015flayarak Anadolu, \u0130ran, Kafkasya ve Do\u011fu Avrupa\u2019ya uzanan geni\u015f co\u011frafyadaki varl\u0131\u011f\u0131 ele al\u0131nd\u0131. Karahanl\u0131lar, Gazneliler ve B\u00fcy\u00fck Sel\u00e7uklular gibi \u00f6nemli devletlerin siyasi yap\u0131lar\u0131 ve y\u00f6netim anlay\u0131\u015flar\u0131n\u0131 detayl\u0131 \u015fekilde aktaran G\u00fcrb\u00fcz, kat\u0131l\u0131mc\u0131lara kapsaml\u0131 bir tarih yolculu\u011fu sundu.<\/p>\n<p><b>GEN\u00c7LERE TAR\u0130H B\u0130L\u0130NC\u0130 A\u015eILANDI<\/b><\/p>\n<p>Programda Orta\u00e7a\u011f T\u00fcrk d\u00fcnyas\u0131nda g\u00f6\u00e7ler, devletle\u015fme s\u00fcre\u00e7leri ve Sel\u00e7uklular\u0131n y\u00fckseli\u015fi \u00fczerinden T\u00fcrk boylar\u0131n\u0131n tarih sahnesindeki hareketlili\u011fi ele al\u0131n\u0131rken, \u0130pek Yolu\u2019nun ekonomik ve k\u00fclt\u00fcrel etkileri de kat\u0131l\u0131mc\u0131lara aktar\u0131ld\u0131. Sosyal yap\u0131, g\u00f6\u00e7ebe ve yerle\u015fik ya\u015fam, inan\u00e7 d\u00f6n\u00fc\u015f\u00fcmleri ve s\u00f6zl\u00fc k\u00fclt\u00fcr gibi ba\u015fl\u0131klarla zengin bir perspektif sunan programda gen\u00e7lerin T\u00fcrk d\u00fcnyas\u0131 hakk\u0131nda daha fazla bilgi edinmeleri sa\u011fland\u0131.<\/p>\n<p><b>B\u0130R SONRAK\u0130 S\u00d6YLE\u015e\u0130 15 MAYIS\u2019TA<\/b><\/p>\n<p>S\u00f6yle\u015fi, Orta\u00e7a\u011f T\u00fcrk d\u00fcnyas\u0131n\u0131n g\u00fcn\u00fcm\u00fcz T\u00fcrk kimli\u011fi, sosyal ya\u015fam\u0131, devlet anlay\u0131\u015f\u0131 ve k\u00fclt\u00fcrel yap\u0131s\u0131 \u00fczerindeki etkilerinin de\u011ferlendirilmesiyle sona erdi. Kocaeli B\u00fcy\u00fck\u015fehir Belediyesi\u2019nin \u201cMilli \u0130rade Sohbetleri: Buyur Buradan Dinle, Tarih Projesi\u201d kapsam\u0131nda d\u00fczenledi\u011fi etkinlikler, vatanda\u015flar\u0131 alan\u0131nda uzman isimlerle bulu\u015fturmaya devam ediyor. Serinin bir sonraki s\u00f6yle\u015fisi 15 May\u0131s Cuma g\u00fcn\u00fc Alev Alatl\u0131 K\u00fct\u00fcphanesi\u2019nde Prof. Dr. Mehmet Topal\u2019\u0131n \u201cOsmanl\u0131\u2019da G\u00fcndelik Ya\u015fam\u201d konulu konu\u015fmas\u0131yla ger\u00e7ekle\u015ftirilecek.<\/p>\n<p>\u00a0<\/p>\n<p>Kaynak: (BYZHA) Beyaz Haber Ajans\u0131<\/p>\n","protected":false},"excerpt":{"rendered":"<p>Kocaeli B\u00fcy\u00fck\u015fehir Belediyesi taraf\u0131ndan d\u00fczenlenen \u201cMilli \u0130rade Sohbetleri\u201d bu kez \u201cOrta\u00e7a\u011f T\u00fcrk D\u00fcnyas\u0131\u2019nda Ya\u015fam\u201d ba\u015fl\u0131\u011f\u0131yla kat\u0131l\u0131mc\u0131lara kapsaml\u0131 bir tarih yolculu\u011fu sundu.<\/p>\n","protected":false},"author":1,"featured_media":14492,"comment_status":"open","ping_status":"open","sticky":false,"template":"","format":"standard","meta":{"footnotes":""},"categories":[20],"tags":[],"class_list":["post-14491","post","type-post","status-publish","format-standard","has-post-thumbnail","hentry","category-kultur-sanat"],"_links":{"self":[{"href":"https:\/\/busondakika.com.tr\/index.php?rest_route=\/wp\/v2\/posts\/14491","targetHints":{"allow":["GET"]}}],"collection":[{"href":"https:\/\/busondakika.com.tr\/index.php?rest_route=\/wp\/v2\/posts"}],"about":[{"href":"https:\/\/busondakika.com.tr\/index.php?rest_route=\/wp\/v2\/types\/post"}],"author":[{"embeddable":true,"href":"https:\/\/busondakika.com.tr\/index.php?rest_route=\/wp\/v2\/users\/1"}],"replies":[{"embeddable":true,"href":"https:\/\/busondakika.com.tr\/index.php?rest_route=%2Fwp%2Fv2%2Fcomments&post=14491"}],"version-history":[{"count":1,"href":"https:\/\/busondakika.com.tr\/index.php?rest_route=\/wp\/v2\/posts\/14491\/revisions"}],"predecessor-version":[{"id":14493,"href":"https:\/\/busondakika.com.tr\/index.php?rest_route=\/wp\/v2\/posts\/14491\/revisions\/14493"}],"wp:featuredmedia":[{"embeddable":true,"href":"https:\/\/busondakika.com.tr\/index.php?rest_route=\/wp\/v2\/media\/14492"}],"wp:attachment":[{"href":"https:\/\/busondakika.com.tr\/index.php?rest_route=%2Fwp%2Fv2%2Fmedia&parent=14491"}],"wp:term":[{"taxonomy":"category","embeddable":true,"href":"https:\/\/busondakika.com.tr\/index.php?rest_route=%2Fwp%2Fv2%2Fcategories&post=14491"},{"taxonomy":"post_tag","embeddable":true,"href":"https:\/\/busondakika.com.tr\/index.php?rest_route=%2Fwp%2Fv2%2Ftags&post=14491"}],"curies":[{"name":"wp","href":"https:\/\/api.w.org\/{rel}","templated":true}]}}