{"id":14524,"date":"2026-05-02T07:28:20","date_gmt":"2026-05-02T07:28:20","guid":{"rendered":"https:\/\/busondakika.com.tr\/?p=14524"},"modified":"2026-05-02T07:28:21","modified_gmt":"2026-05-02T07:28:21","slug":"menderes-belediyesinden-kadinlara-doga-yuruyusu","status":"publish","type":"post","link":"https:\/\/busondakika.com.tr\/?p=14524","title":{"rendered":"Menderes Belediyesi\u2019nden Kad\u0131nlara Do\u011fa Y\u00fcr\u00fcy\u00fc\u015f\u00fc"},"content":{"rendered":"\n<p style=\"margin-bottom:11px\"><span style=\"font-size:11pt\"><span style=\"line-height:107%\"><span style=\"font-family:Calibri,sans-serif\">Menderes Belediyesi kad\u0131nlar i\u00e7in pilates kursuna kat\u0131lan kad\u0131nlar i\u00e7in do\u011fa y\u00fcr\u00fcy\u00fc\u015f\u00fc d\u00fczenledi.<\/span><\/span><\/span><\/p>\n<p style=\"margin-bottom:11px\"><span style=\"font-size:11pt\"><span style=\"line-height:107%\"><span style=\"font-family:Calibri,sans-serif\">Menderes Belediyesi pilates kurslar\u0131na kat\u0131lan kad\u0131nlar\u0131 do\u011fa y\u00fcr\u00fcy\u00fc\u015f\u00fcne g\u00f6t\u00fcrd\u00fc. E\u011fitmen Fatma Bark\u0131n\u2019\u0131n kursiyerleri ile \u00e7\u0131kt\u0131\u011f\u0131 gezi parkurunda y\u00fcr\u00fcy\u00fc\u015f Balaban G\u00f6leti\u2019ne do\u011fru yap\u0131ld\u0131. Y\u00fcr\u00fcy\u00fc\u015fe kat\u0131lan kad\u0131nlar Balaban G\u00f6leti\u2019nde mangalda sucuk ekmek molas\u0131 verdi. E\u011flenceli anlar\u0131n ya\u015fand\u0131\u011f\u0131 y\u00fcr\u00fcy\u00fc\u015f program\u0131nda kad\u0131nlar, Balaban G\u00f6leti etraf\u0131nda \u00e7\u00f6pleri de temizleyerek \u00f6rnek bir davran\u0131\u015f sergiledi. <\/span><\/span><\/span><\/p>\n<p style=\"margin-bottom:11px\"><span style=\"font-size:11pt\"><span style=\"line-height:107%\"><span style=\"font-family:Calibri,sans-serif\">Sa\u011fl\u0131kl\u0131 bir ya\u015fam i\u00e7in spor<\/span><\/span><\/span><\/p>\n<p style=\"margin-bottom:11px\"><span style=\"font-size:11pt\"><span style=\"line-height:107%\"><span style=\"font-family:Calibri,sans-serif\">Do\u011fa y\u00fcr\u00fcy\u00fc\u015f\u00fc program\u0131 hakk\u0131nda konu\u015fan Menderes Belediye Ba\u015fkan\u0131 \u0130lkay \u00c7i\u00e7ek, \u201cKad\u0131nlar\u0131m\u0131z i\u00e7in e\u011flenceli bir program ger\u00e7ekle\u015ftirdik. Hocam\u0131z \u00f6nc\u00fcl\u00fc\u011f\u00fcnde g\u00fczel do\u011fam\u0131z\u0131n i\u00e7inde spor dolu bir etkinlik oldu. T\u00fcm vatanda\u015flar\u0131m\u0131z\u0131n sa\u011fl\u0131kl\u0131 bir ya\u015fam i\u00e7in spor yapmas\u0131n\u0131, uzun y\u00fcr\u00fcy\u00fc\u015flere \u00e7\u0131kmas\u0131n\u0131 \u00f6neriyoruz. Kad\u0131nlar\u0131m\u0131z\u0131 da pilates kurslar\u0131m\u0131za bekliyoruz. Buna benzer etkinlikleri art\u0131rmak ad\u0131na \u00e7al\u0131\u015fmalar ger\u00e7ekle\u015ftiriyoruz\u201d dedi.<\/span><\/span><\/span><\/p>\n<p style=\"margin-bottom:11px\">\u00a0<\/p>\n<p>Kaynak: (BYZHA) Beyaz Haber Ajans\u0131<\/p>\n","protected":false},"excerpt":{"rendered":"<p>Menderes Belediyesi kad\u0131nlar i\u00e7in pilates kursuna kat\u0131lan kad\u0131nlar i\u00e7in do\u011fa y\u00fcr\u00fcy\u00fc\u015f\u00fc d\u00fczenledi.<\/p>\n","protected":false},"author":1,"featured_media":14525,"comment_status":"open","ping_status":"open","sticky":false,"template":"","format":"standard","meta":{"footnotes":""},"categories":[20],"tags":[],"class_list":["post-14524","post","type-post","status-publish","format-standard","has-post-thumbnail","hentry","category-kultur-sanat"],"_links":{"self":[{"href":"https:\/\/busondakika.com.tr\/index.php?rest_route=\/wp\/v2\/posts\/14524","targetHints":{"allow":["GET"]}}],"collection":[{"href":"https:\/\/busondakika.com.tr\/index.php?rest_route=\/wp\/v2\/posts"}],"about":[{"href":"https:\/\/busondakika.com.tr\/index.php?rest_route=\/wp\/v2\/types\/post"}],"author":[{"embeddable":true,"href":"https:\/\/busondakika.com.tr\/index.php?rest_route=\/wp\/v2\/users\/1"}],"replies":[{"embeddable":true,"href":"https:\/\/busondakika.com.tr\/index.php?rest_route=%2Fwp%2Fv2%2Fcomments&post=14524"}],"version-history":[{"count":1,"href":"https:\/\/busondakika.com.tr\/index.php?rest_route=\/wp\/v2\/posts\/14524\/revisions"}],"predecessor-version":[{"id":14526,"href":"https:\/\/busondakika.com.tr\/index.php?rest_route=\/wp\/v2\/posts\/14524\/revisions\/14526"}],"wp:featuredmedia":[{"embeddable":true,"href":"https:\/\/busondakika.com.tr\/index.php?rest_route=\/wp\/v2\/media\/14525"}],"wp:attachment":[{"href":"https:\/\/busondakika.com.tr\/index.php?rest_route=%2Fwp%2Fv2%2Fmedia&parent=14524"}],"wp:term":[{"taxonomy":"category","embeddable":true,"href":"https:\/\/busondakika.com.tr\/index.php?rest_route=%2Fwp%2Fv2%2Fcategories&post=14524"},{"taxonomy":"post_tag","embeddable":true,"href":"https:\/\/busondakika.com.tr\/index.php?rest_route=%2Fwp%2Fv2%2Ftags&post=14524"}],"curies":[{"name":"wp","href":"https:\/\/api.w.org\/{rel}","templated":true}]}}