{"id":14527,"date":"2026-05-02T08:58:16","date_gmt":"2026-05-02T08:58:16","guid":{"rendered":"https:\/\/busondakika.com.tr\/?p=14527"},"modified":"2026-05-02T08:58:18","modified_gmt":"2026-05-02T08:58:18","slug":"18-haftada-106-cocuga-umut-oldular","status":"publish","type":"post","link":"https:\/\/busondakika.com.tr\/?p=14527","title":{"rendered":"18 haftada 106 \u00e7ocu\u011fa umut oldular"},"content":{"rendered":"<p> \u0130zmir\u2019de sosyal imk\u00e2nlar\u0131 k\u0131s\u0131tl\u0131 mahallelerde y\u00fcr\u00fct\u00fclen proje, 68 aile ve 159 g\u00f6n\u00fcll\u00fcyle b\u00fcy\u00fcd\u00fc. At\u00f6lyelerden gezilere uzanan desteklerle \u00e7ocuklar hem \u00f6\u011frendi hem g\u00fc\u00e7lendi. Kapan\u0131\u015f etkinli\u011fi ise \u201cdayan\u0131\u015fma devam edecek\u201d mesaj\u0131 verdi.<\/p>\n<p>\u0130zmir B\u00fcy\u00fck\u015fehir Belediye Ba\u015fkan\u0131 Dr. Cemil Tugay\u2019\u0131n \u00e7ocuk ve gen\u00e7 dostu kent, e\u015fit yurtta\u015fl\u0131k ve kapsay\u0131c\u0131 sosyal belediyecilik hedefleri do\u011frultusunda hayata ge\u00e7irilen Mahallede Dayan\u0131\u015fma Var Projesi, \u00e7ocuklar\u0131n sosyal hayata kat\u0131l\u0131m\u0131n\u0131 g\u00fc\u00e7lendirmeyi ve mahalle \u00f6l\u00e7e\u011finde dayan\u0131\u015fma k\u00fclt\u00fcr\u00fcn\u00fc yayg\u0131nla\u015ft\u0131rmay\u0131 ama\u00e7l\u0131yor. \u0130zmir B\u00fcy\u00fck\u015fehir Belediyesi Kad\u0131n ve Aile Hizmetleri Dairesi Ba\u015fkanl\u0131\u011f\u0131\u2019na ba\u011fl\u0131 Gen\u00e7lik \u00c7al\u0131\u015fmalar\u0131 M\u00fcd\u00fcrl\u00fc\u011f\u00fc taraf\u0131ndan y\u00fcr\u00fct\u00fclen \u00e7al\u0131\u015fman\u0131n kapan\u0131\u015f program\u0131, proje s\u00fcresince kurulan ba\u011flar\u0131n, payla\u015f\u0131lan eme\u011fin ve g\u00fc\u00e7lenen dayan\u0131\u015fman\u0131n bir araya geldi\u011fi anlaml\u0131 bir bulu\u015fma oldu. \u00c7ocuklar, g\u00f6n\u00fcll\u00fc gen\u00e7ler ve ailelerin kat\u0131l\u0131m\u0131yla ger\u00e7ekle\u015ftirilen etkinlik, g\u00fcn boyu s\u00fcren \u00e7e\u015fitli programlarla tamamland\u0131. Sokak oyunlar\u0131 ve yar\u0131\u015fmalar, \u00e7ocuklar\u0131n aktif kat\u0131l\u0131m\u0131yla ger\u00e7ekle\u015ftirildi. G\u00f6n\u00fcll\u00fc gen\u00e7lerin haz\u0131rlad\u0131\u011f\u0131 at\u00f6lye \u00e7al\u0131\u015fmalar\u0131 ise \u00e7ocuklar\u0131n e\u011fitsel ve yarat\u0131c\u0131 s\u00fcre\u00e7lere d\u00e2hil olmas\u0131na olanak sa\u011flad\u0131. Gen\u00e7 \u0130zmir Pop Orkestras\u0131\u2019n\u0131n performans\u0131 ve sihirbaz g\u00f6sterisi ilgi \u00e7ekti. G\u00fcn\u00fcn sonunda projeye kat\u0131lan \u00e7ocuklara ve g\u00f6n\u00fcll\u00fc gen\u00e7lere kat\u0131l\u0131m belgeleri verildi.<\/p>\n<p><strong>18 haftal\u0131k kapsaml\u0131 \u00e7al\u0131\u015fma\u00a0<\/strong><br \/>Kas\u0131m ay\u0131nda ba\u015flayan ve 18 hafta s\u00fcren proje kapsam\u0131nda \u00c7i\u011fli Balat\u00e7\u0131k, Bayrakl\u0131 Do\u011fan\u00e7ay ile Onur-Yamanlar mahallelerinde toplam 68 aile, 106 \u00e7ocuk ve 159 g\u00f6n\u00fcll\u00fc ile \u00e7al\u0131\u015fmalar ger\u00e7ekle\u015ftirildi. Proje s\u00fcresince \u00e7ocuklar\u0131n sosyal, k\u00fclt\u00fcrel ve e\u011fitsel geli\u015fimlerini desteklemeye y\u00f6nelik \u00e7ok say\u0131da etkinlik d\u00fczenlendi. Bu kapsamda \u0130zmir Do\u011fal Ya\u015fam Park\u0131 gezisi, \u0130zmir Bilim M\u00fczesi ziyareti ve buz pisti etkinli\u011fi gibi programlarla \u00e7ocuklar\u0131n farkl\u0131 deneyimler kazanmas\u0131 sa\u011fland\u0131.<\/p>\n<p><strong>Sosyal destek \u00e7al\u0131\u015fmalar\u0131 \u00f6ne \u00e7\u0131kt\u0131\u00a0<\/strong><br \/>Mahallelerde ger\u00e7ekle\u015ftirilen ev ziyaretleri ve bulu\u015fmalar kapsam\u0131nda \u00e7ocuklara y\u00f6nelik akran zorbal\u0131\u011f\u0131na kar\u015f\u0131 fark\u0131ndal\u0131k, empati ve dayan\u0131\u015fma, a\u011f\u0131z ve di\u015f sa\u011fl\u0131\u011f\u0131, sa\u011fl\u0131kl\u0131 beslenme, ki\u015fisel hijyen ve \u00f6z bak\u0131m konular\u0131nda at\u00f6lye ve bilgilendirme \u00e7al\u0131\u015fmalar\u0131 yap\u0131ld\u0131. G\u00f6n\u00fcll\u00fc gen\u00e7ler, y\u00fcr\u00fct\u00fclen \u00e7al\u0131\u015fmalar kapsam\u0131nda \u00e7ocuklar\u0131n derslerine destek olarak akademik geli\u015fimlerine de katk\u0131 sundu.<\/p>\n<p><strong>S\u00fcrd\u00fcr\u00fclebilir dayan\u0131\u015fma<\/strong><br \/>\u0130zmir B\u00fcy\u00fck\u015fehir Belediyesi\u2019nin \u00e7ocuk dostu kent yakla\u015f\u0131m\u0131 do\u011frultusunda y\u00fcr\u00fct\u00fclen proje, yaln\u0131zca belirli bir d\u00f6neme yay\u0131lan faaliyetler b\u00fct\u00fcn\u00fc olman\u0131n \u00f6tesine ge\u00e7erek mahallelerde kal\u0131c\u0131 bir dayan\u0131\u015fma zemini olu\u015fturdu. E\u015fit yurtta\u015fl\u0131k ilkesi temelinde \u00e7ocuklar\u0131n sosyal hayata kat\u0131l\u0131m\u0131n\u0131 g\u00fc\u00e7lendiren \u00e7al\u0131\u015fmalar, g\u00f6n\u00fcll\u00fcl\u00fck mekanizmalar\u0131yla desteklenerek s\u00fcrd\u00fcr\u00fclebilir bir yap\u0131ya kavu\u015fturuldu. Kapan\u0131\u015f program\u0131 da yaln\u0131zca bir d\u00f6nemin sonu de\u011fil, mahallelerde filizlenen dayan\u0131\u015fman\u0131n, kurulan ili\u015fkilerin ve birlikte \u00fcretme k\u00fclt\u00fcr\u00fcn\u00fcn devam edece\u011fine i\u015faret eden g\u00fc\u00e7l\u00fc bir bulu\u015fma olarak \u00f6ne \u00e7\u0131kt\u0131.<\/p>\n<p>\u00a0<\/p>\n<p>\u00a0<\/p>\n<p>Kaynak: (BYZHA) Beyaz Haber Ajans\u0131<\/p>\n","protected":false},"excerpt":{"rendered":"<p>\u0130zmir\u2019de sosyal imk\u00e2nlar\u0131 k\u0131s\u0131tl\u0131 mahallelerde y\u00fcr\u00fct\u00fclen proje, 68 aile ve 159 g\u00f6n\u00fcll\u00fcyle b\u00fcy\u00fcd\u00fc.<\/p>\n","protected":false},"author":1,"featured_media":14528,"comment_status":"open","ping_status":"open","sticky":false,"template":"","format":"standard","meta":{"footnotes":""},"categories":[21],"tags":[],"class_list":["post-14527","post","type-post","status-publish","format-standard","has-post-thumbnail","hentry","category-gundem"],"_links":{"self":[{"href":"https:\/\/busondakika.com.tr\/index.php?rest_route=\/wp\/v2\/posts\/14527","targetHints":{"allow":["GET"]}}],"collection":[{"href":"https:\/\/busondakika.com.tr\/index.php?rest_route=\/wp\/v2\/posts"}],"about":[{"href":"https:\/\/busondakika.com.tr\/index.php?rest_route=\/wp\/v2\/types\/post"}],"author":[{"embeddable":true,"href":"https:\/\/busondakika.com.tr\/index.php?rest_route=\/wp\/v2\/users\/1"}],"replies":[{"embeddable":true,"href":"https:\/\/busondakika.com.tr\/index.php?rest_route=%2Fwp%2Fv2%2Fcomments&post=14527"}],"version-history":[{"count":1,"href":"https:\/\/busondakika.com.tr\/index.php?rest_route=\/wp\/v2\/posts\/14527\/revisions"}],"predecessor-version":[{"id":14529,"href":"https:\/\/busondakika.com.tr\/index.php?rest_route=\/wp\/v2\/posts\/14527\/revisions\/14529"}],"wp:featuredmedia":[{"embeddable":true,"href":"https:\/\/busondakika.com.tr\/index.php?rest_route=\/wp\/v2\/media\/14528"}],"wp:attachment":[{"href":"https:\/\/busondakika.com.tr\/index.php?rest_route=%2Fwp%2Fv2%2Fmedia&parent=14527"}],"wp:term":[{"taxonomy":"category","embeddable":true,"href":"https:\/\/busondakika.com.tr\/index.php?rest_route=%2Fwp%2Fv2%2Fcategories&post=14527"},{"taxonomy":"post_tag","embeddable":true,"href":"https:\/\/busondakika.com.tr\/index.php?rest_route=%2Fwp%2Fv2%2Ftags&post=14527"}],"curies":[{"name":"wp","href":"https:\/\/api.w.org\/{rel}","templated":true}]}}