{"id":14530,"date":"2026-05-02T08:58:18","date_gmt":"2026-05-02T08:58:18","guid":{"rendered":"https:\/\/busondakika.com.tr\/?p=14530"},"modified":"2026-05-02T08:58:20","modified_gmt":"2026-05-02T08:58:20","slug":"oksuz-kalan-kucuk-zebranin-yeni-ailesi","status":"publish","type":"post","link":"https:\/\/busondakika.com.tr\/?p=14530","title":{"rendered":"\u00d6ks\u00fcz kalan k\u00fc\u00e7\u00fck zebran\u0131n yeni ailesi"},"content":{"rendered":"<p> \u0130zmir Do\u011fal Ya\u015fam Park\u0131\u2019nda aile ba\u011flar\u0131 yeni yavrularla biraz daha g\u00fc\u00e7lenirken, t\u0131pk\u0131 insanlar\u0131n d\u00fcnyas\u0131ndaki gibi mutluluk ve h\u00fcz\u00fcn bir arada ya\u015fan\u0131yor. Bir yanda k\u0131sa s\u00fcre \u00f6nce d\u00fcnyaya g\u00f6zlerini a\u00e7an iki yavru ay\u0131 anneleri \u015e\u0131mar\u0131k\u2019\u0131n kollar\u0131nda bahar\u0131n tad\u0131n\u0131 \u00e7\u0131kar\u0131yor. Di\u011fer yanda ise \u00fc\u00e7 ayl\u0131kken annesini kaybeden yavru zebra G\u00f6zde kendine yeni bir aile ararken parktaki kom\u015fular\u0131 z\u00fcrafalar taraf\u0131ndan koruma alt\u0131na al\u0131nd\u0131.<\/p>\n<p>\u0130zmir B\u00fcy\u00fck\u015fehir Belediyesi Veteriner \u0130\u015fleri Dairesi Ba\u015fkanl\u0131\u011f\u0131\u2019na ba\u011fl\u0131 Do\u011fal Ya\u015fam Park\u0131\u2019nda baharla birlikte yaln\u0131zca do\u011fa de\u011fil, umut da yeniden filizleniyor. Parkta yeni do\u011fumlar\u0131n heyecan\u0131 ile s\u0131ra d\u0131\u015f\u0131 dostluklar\u0131n heyecan\u0131 bir arada ya\u015fan\u0131yor. 140 t\u00fcrden yakla\u015f\u0131k 1800 hayvana ev sahipli\u011fi yapan parkta, bu bahar\u0131n en \u00f6zel hik\u00e2yelerinden biri ay\u0131 \u201c\u015e\u0131mar\u0131k\u201d ile yaz\u0131l\u0131yor. Hen\u00fcz 3 ayl\u0131kken annesini kaybeden G\u00f6zde isimli zebra ise h\u00fcz\u00fcnl\u00fc ama bir o kadar da umut dolu bir \u00f6yk\u00fcn\u00fcn kahraman\u0131 haline geldi.<\/p>\n<p><strong>Ay\u0131 yavrular\u0131 mutlu<\/strong><br \/>Parkta bulunan 6 ay\u0131dan biri olan \u201c\u015e\u0131mar\u0131k\u201d, k\u0131\u015f aylar\u0131nda do\u011fal davran\u0131\u015flar\u0131n\u0131 sergileyerek inine \u00e7ekildi ve burada do\u011fum yapt\u0131. Do\u011fal Ya\u015fam \u015eube M\u00fcd\u00fcr\u00fc Serkan E\u011frilmez, yakla\u015f\u0131k 300 gram a\u011f\u0131rl\u0131\u011f\u0131nda, biri di\u015fi biri erkek iki yavrunun d\u00fcnyaya geldi\u011fini belirterek, \u201cAy\u0131lar iri c\u00fcsselerine ra\u011fmen olduk\u00e7a k\u00fc\u00e7\u00fck, g\u00f6zleri kapal\u0131 ve t\u00fcys\u00fcz yavrular do\u011furur. Anne, aylar boyunca in i\u00e7erisinde yavrular\u0131n\u0131 emzirir. Baharla birlikte yavrular g\u00fcn y\u00fcz\u00fcne \u00e7\u0131kar. Biz de ayn\u0131 s\u00fcreci parkta do\u011fal ko\u015fullara uygun \u015fekilde sa\u011flad\u0131k\u201d dedi.\u00a0<\/p>\n<p><strong>\u201cDo\u011fal hayatta ya\u015fama \u015fanslar\u0131 yok\u201d<\/strong><br \/>Yavrular\u0131n geli\u015fim s\u00fcrecinin titizlikle takip edildi\u011fini belirten E\u011frilmez, ilerleyen d\u00f6nemde di\u011fer ay\u0131larla kontroll\u00fc adaptasyon s\u00fcrecinin ba\u015flat\u0131laca\u011f\u0131n\u0131, kokular ve sesler arac\u0131l\u0131\u011f\u0131yla birbirlerini tan\u0131yan ay\u0131lar\u0131n uygun ko\u015fullarda bir araya getirilece\u011fini ifade etti. Ay\u0131lar\u0131n \u0130zmir\u2019deki hik\u00e2yesinin ge\u00e7mi\u015fte sokaklarda zorla oynat\u0131lan \u201cdans\u00e7\u0131 ay\u0131lar\u0131n\u201d kurtar\u0131lmas\u0131yla ba\u015flad\u0131\u011f\u0131n\u0131 hat\u0131rlatan E\u011frilmez, \u015funlar\u0131 s\u00f6yledi: \u201cO d\u00f6nem kurtar\u0131lan ay\u0131lar \u00f6nce eski hayvanat bah\u00e7esine, ard\u0131ndan Do\u011fal Ya\u015fam Park\u0131\u2019na getirildi. Bug\u00fcn burada ya\u015fayan ay\u0131lar onlar\u0131n torunlar\u0131. Biz m\u00fcmk\u00fcn oldu\u011funca yaban hayvanlar\u0131n\u0131 do\u011fal ya\u015famlar\u0131nda g\u00f6rmek istiyoruz. Fakat do\u011fal hayatta ya\u015fama \u015fans\u0131 olmayan, insanla temas eden hayvanlara da Do\u011fal Ya\u015fam Park\u0131\u2019nda sahip \u00e7\u0131k\u0131yoruz. Ay\u0131lar da o canl\u0131lardan.\u201d<\/p>\n<p><strong>G\u00f6zde hayata sevgiyle tutundu<\/strong><br \/>\u0130zmir Do\u011fal Ya\u015fam Park\u0131\u2019nda bu bahar beklenmedik dostluklar da kuruluyor. Hik\u00e2yenin merkezinde zebra yavrusu G\u00f6zde var. Hen\u00fcz \u00fc\u00e7 ayl\u0131kken annesini kaybeden G\u00f6zde, hayat\u0131n\u0131n en k\u0131r\u0131lgan d\u00f6neminde insan eliyle b\u00fcy\u00fct\u00fcld\u00fc. Veteriner hekimler, bak\u0131c\u0131lar ve teknikerler onun i\u00e7in adeta bir aile oldu. \u00d6zel biberonlarla beslendi, gece g\u00fcnd\u00fcz g\u00f6zetildi. Zaman\u0131 geldi\u011finde s\u00fcr\u00fcye kat\u0131lmas\u0131 bekleniyordu. Ancak G\u00f6zde, alana sal\u0131nd\u0131\u011f\u0131nda kendi s\u00fcr\u00fcs\u00fcne de\u011fil z\u00fcrafalara y\u00f6neldi. Tellerin ard\u0131ndan kurulan sessiz dostluk, alanda ger\u00e7ek bir ba\u011fa d\u00f6n\u00fc\u015ft\u00fc. G\u00f6zde, Kamili ve Radost ile birlikte gezmeye ba\u015flad\u0131. Z\u00fcrafalar da onu sahiplendi; korudu, kollad\u0131.\u00a0<\/p>\n<p><strong>Z\u00fcrafalar zebray\u0131 sahiplendi<\/strong><br \/>Do\u011fal Ya\u015fam Park\u0131\u2019nda veteriner hekim olarak g\u00f6rev yapan Duygu Aldemir, G\u00f6zde\u2019nin yaln\u0131z kalmaktansa, kendini g\u00fcvende hissetti\u011fi bu dostlu\u011fu se\u00e7ti\u011fini tahmin ettiklerini s\u00f6yledi. Zebralar\u0131n sosyal ve s\u00fcr\u00fc halinde ya\u015fayan hayvanlar oldu\u011funu hat\u0131rlatan Aldemir, \u201cZebralar s\u00fcr\u00fc halinde hareket eden ve birbirini destekleyen, kollayan hayvanlar. O nedenle zebra s\u00fcr\u00fcs\u00fcne kat\u0131lmas\u0131n\u0131 istedik. Ancak \u00e7ok \u015fa\u015f\u0131rd\u0131\u011f\u0131m\u0131z bir durum ya\u015fand\u0131. G\u00f6zde\u2019yi alana sald\u0131ktan sonra onun zebralarla de\u011fil de z\u00fcrafalarla yak\u0131n arkada\u015f olmak istedi\u011fini g\u00f6rd\u00fck. Daha \u00f6nce tel arkas\u0131ndan kurduklar\u0131 ileti\u015fim sayesinde G\u00f6zde, Kamili ve Radost\u2019un en yak\u0131n arkada\u015f\u0131 oldu. Onlarla beraber alanda geziyor. Onlar da G\u00f6zde\u2019yi koruyup, kolluyor. \u015eu anda \u00e7ok haval\u0131 arkada\u015flar\u0131 var\u201d dedi.\u00a0<br \/>G\u00f6zde\u2019nin zamanla zebra s\u00fcr\u00fcs\u00fcne uyum sa\u011flayaca\u011f\u0131n\u0131 belirten Aldemir, \u201c\u015eimdilik kendini g\u00fcvende hissetti\u011fi alanda, z\u00fcrafalarla birlikte hareket ediyor. Yaln\u0131z kalmaktansa bir grup i\u00e7inde olmas\u0131 onun i\u00e7in daha sa\u011fl\u0131kl\u0131. Adaptasyon s\u00fcreci zamanla tamamlanacakt\u0131r\u201d diye konu\u015ftu.<\/p>\n<p>\u00a0<\/p>\n<p>\u00a0<\/p>\n<p>Kaynak: (BYZHA) Beyaz Haber Ajans\u0131<\/p>\n","protected":false},"excerpt":{"rendered":"<p>\u0130zmir Do\u011fal Ya\u015fam Park\u0131\u2019nda aile ba\u011flar\u0131 yeni yavrularla biraz daha g\u00fc\u00e7lenirken, t\u0131pk\u0131 insanlar\u0131n d\u00fcnyas\u0131ndaki gibi mutluluk ve h\u00fcz\u00fcn bir arada ya\u015fan\u0131yor.<\/p>\n","protected":false},"author":1,"featured_media":14531,"comment_status":"open","ping_status":"open","sticky":false,"template":"","format":"standard","meta":{"footnotes":""},"categories":[21],"tags":[],"class_list":["post-14530","post","type-post","status-publish","format-standard","has-post-thumbnail","hentry","category-gundem"],"_links":{"self":[{"href":"https:\/\/busondakika.com.tr\/index.php?rest_route=\/wp\/v2\/posts\/14530","targetHints":{"allow":["GET"]}}],"collection":[{"href":"https:\/\/busondakika.com.tr\/index.php?rest_route=\/wp\/v2\/posts"}],"about":[{"href":"https:\/\/busondakika.com.tr\/index.php?rest_route=\/wp\/v2\/types\/post"}],"author":[{"embeddable":true,"href":"https:\/\/busondakika.com.tr\/index.php?rest_route=\/wp\/v2\/users\/1"}],"replies":[{"embeddable":true,"href":"https:\/\/busondakika.com.tr\/index.php?rest_route=%2Fwp%2Fv2%2Fcomments&post=14530"}],"version-history":[{"count":1,"href":"https:\/\/busondakika.com.tr\/index.php?rest_route=\/wp\/v2\/posts\/14530\/revisions"}],"predecessor-version":[{"id":14532,"href":"https:\/\/busondakika.com.tr\/index.php?rest_route=\/wp\/v2\/posts\/14530\/revisions\/14532"}],"wp:featuredmedia":[{"embeddable":true,"href":"https:\/\/busondakika.com.tr\/index.php?rest_route=\/wp\/v2\/media\/14531"}],"wp:attachment":[{"href":"https:\/\/busondakika.com.tr\/index.php?rest_route=%2Fwp%2Fv2%2Fmedia&parent=14530"}],"wp:term":[{"taxonomy":"category","embeddable":true,"href":"https:\/\/busondakika.com.tr\/index.php?rest_route=%2Fwp%2Fv2%2Fcategories&post=14530"},{"taxonomy":"post_tag","embeddable":true,"href":"https:\/\/busondakika.com.tr\/index.php?rest_route=%2Fwp%2Fv2%2Ftags&post=14530"}],"curies":[{"name":"wp","href":"https:\/\/api.w.org\/{rel}","templated":true}]}}