{"id":14533,"date":"2026-05-02T08:58:23","date_gmt":"2026-05-02T08:58:23","guid":{"rendered":"https:\/\/busondakika.com.tr\/?p=14533"},"modified":"2026-05-02T08:58:24","modified_gmt":"2026-05-02T08:58:24","slug":"buyuksehirden-cyddli-genclere-kamp","status":"publish","type":"post","link":"https:\/\/busondakika.com.tr\/?p=14533","title":{"rendered":"B\u00fcy\u00fck\u015fehir\u2019den \u00c7YDD\u2019li gen\u00e7lere kamp"},"content":{"rendered":"<p> Antalya B\u00fcy\u00fck\u015fehir Belediyesi ve \u00c7a\u011fda\u015f Ya\u015fam\u0131 Destekleme Derne\u011fi Antalya \u015eubesi i\u015f birli\u011fiyle, \u201c\u00c7a\u011fda\u015f Gen\u00e7lik Kamp\u0131\u201d ger\u00e7ekle\u015ftirildi. \u00dc\u00e7 g\u00fcn s\u00fcren kamp s\u00fcresince 45 gen\u00e7 at\u00f6lye, toplumsal fark\u0131ndal\u0131k ve ki\u015fisel geli\u015fim alanlar\u0131nda uzman ki\u015filerden e\u011fitim ald\u0131.\u00a0<\/p>\n<p>Antalya B\u00fcy\u00fck\u015fehir Belediyesi Gen\u00e7lik ve Spor Hizmetleri Dairesi Ba\u015fkanl\u0131\u011f\u0131 ev sahipli\u011finde 45 gencin kat\u0131l\u0131m\u0131yla \u201c\u00c7a\u011fda\u015f Gen\u00e7lik Kamp\u0131\u201d ger\u00e7ekle\u015ftirildi. Gen\u00e7lerin sosyal, k\u00fclt\u00fcrel ve ki\u015fisel geli\u015fimlerini desteklemek, Cumhuriyet de\u011ferleri, dayan\u0131\u015fma ve \u00e7a\u011fda\u015f ya\u015fam bilincini g\u00fc\u00e7lendirmek amac\u0131yla d\u00fczenlenen kamp gen\u00e7lerden yo\u011fun ilgi g\u00f6rd\u00fc.<br \/>\u00dc\u00c7 G\u00dcN S\u00dcRD\u00dc<br \/>\u00dc\u00e7 g\u00fcn s\u00fcren kamp boyunca kat\u0131l\u0131mc\u0131lar; drama, i\u015faret dili, ok\u00e7uluk, mum yap\u0131m\u0131 ve seramik boyama gibi \u00e7e\u015fitli at\u00f6lyelerde hem yeni beceriler kazand\u0131 hem de birlikte \u00fcretmenin keyfini ya\u015fad\u0131. Kamp program\u0131nda ayr\u0131ca gen\u00e7lerin kendilerini ke\u015ffetmelerine, toplumsal fark\u0131ndal\u0131k kazanmalar\u0131na ve ki\u015fisel geli\u015fimlerine katk\u0131 sunacak \u00f6nemli s\u00f6yle\u015filer yer ald\u0131.<br \/>ETK\u0130NL\u0130KLERLE DOLU B\u0130R KAMP OLDU<br \/>\u0130lk g\u00fcn, BAK\u00dcS Sahne taraf\u0131ndan ger\u00e7ekle\u015ftirilen drama at\u00f6lyesi ile ba\u015flayan programda, \u015eule Billur\u2019un \u201cKendini Tan\u0131\u201d s\u00f6yle\u015fisi ve Okan Cinemre\u2019nin gen\u00e7lerle bulu\u015fma etkinli\u011fi d\u00fczenlendi. \u0130\u015faret Dili At\u00f6lyesi ile eri\u015filebilirlik ve kapsay\u0131c\u0131l\u0131k vurgusu yap\u0131l\u0131rken, ak\u015fam kamp ate\u015fi ve m\u00fczik dinletisi ile gen\u00e7ler keyifli anlar ya\u015fad\u0131. \u0130kinci g\u00fcn ise Av. \u00c7a\u011flar \u00c7a\u011flayan\u2019\u0131n \u201cHukuksuz Adalet M\u00fcmk\u00fcn m\u00fc?\u201d ba\u015fl\u0131kl\u0131 s\u00f6yle\u015fisi ile gen\u00e7ler hukuk ve adalet kavramlar\u0131 \u00fczerinde fikir al\u0131\u015fveri\u015finde bulundu. Kampta, Prof. Dr. Soner Y\u0131ld\u0131r\u0131m, \u201c\u00d6\u011frenmenin Do\u011fas\u0131\u201d ba\u015fl\u0131kl\u0131 konuda e\u011fitim ger\u00e7ekle\u015ftirdi.\u00a0<br \/>Kamp\u0131n son g\u00fcn\u00fcnde ise Antalya B\u00fcy\u00fck\u015fehir Belediyesi Gen\u00e7lik Hizmetleri \u015eube M\u00fcd\u00fcr\u00fc Hayat Ekici G\u00fcrkan, Antalya B\u00fcy\u00fck\u015fehir Belediyesi\u2019nin gen\u00e7lik projeleri ve gen\u00e7lik f\u0131rsatlar\u0131n\u0131 anlatt\u0131. Kamp, bilgi yar\u0131\u015fmas\u0131 ve de\u011ferlendirme oturumu ile tamamland\u0131.\u00a0<\/p>\n<p>Kaynak: (BYZHA) Beyaz Haber Ajans\u0131<\/p>\n","protected":false},"excerpt":{"rendered":"<p>Antalya B\u00fcy\u00fck\u015fehir Belediyesi ve \u00c7a\u011fda\u015f Ya\u015fam\u0131 Destekleme Derne\u011fi Antalya \u015eubesi i\u015f birli\u011fiyle, \u201c\u00c7a\u011fda\u015f Gen\u00e7lik Kamp\u0131\u201d ger\u00e7ekle\u015ftirildi.<\/p>\n","protected":false},"author":1,"featured_media":14534,"comment_status":"open","ping_status":"open","sticky":false,"template":"","format":"standard","meta":{"footnotes":""},"categories":[21],"tags":[],"class_list":["post-14533","post","type-post","status-publish","format-standard","has-post-thumbnail","hentry","category-gundem"],"_links":{"self":[{"href":"https:\/\/busondakika.com.tr\/index.php?rest_route=\/wp\/v2\/posts\/14533","targetHints":{"allow":["GET"]}}],"collection":[{"href":"https:\/\/busondakika.com.tr\/index.php?rest_route=\/wp\/v2\/posts"}],"about":[{"href":"https:\/\/busondakika.com.tr\/index.php?rest_route=\/wp\/v2\/types\/post"}],"author":[{"embeddable":true,"href":"https:\/\/busondakika.com.tr\/index.php?rest_route=\/wp\/v2\/users\/1"}],"replies":[{"embeddable":true,"href":"https:\/\/busondakika.com.tr\/index.php?rest_route=%2Fwp%2Fv2%2Fcomments&post=14533"}],"version-history":[{"count":1,"href":"https:\/\/busondakika.com.tr\/index.php?rest_route=\/wp\/v2\/posts\/14533\/revisions"}],"predecessor-version":[{"id":14535,"href":"https:\/\/busondakika.com.tr\/index.php?rest_route=\/wp\/v2\/posts\/14533\/revisions\/14535"}],"wp:featuredmedia":[{"embeddable":true,"href":"https:\/\/busondakika.com.tr\/index.php?rest_route=\/wp\/v2\/media\/14534"}],"wp:attachment":[{"href":"https:\/\/busondakika.com.tr\/index.php?rest_route=%2Fwp%2Fv2%2Fmedia&parent=14533"}],"wp:term":[{"taxonomy":"category","embeddable":true,"href":"https:\/\/busondakika.com.tr\/index.php?rest_route=%2Fwp%2Fv2%2Fcategories&post=14533"},{"taxonomy":"post_tag","embeddable":true,"href":"https:\/\/busondakika.com.tr\/index.php?rest_route=%2Fwp%2Fv2%2Ftags&post=14533"}],"curies":[{"name":"wp","href":"https:\/\/api.w.org\/{rel}","templated":true}]}}