{"id":14536,"date":"2026-05-02T08:58:26","date_gmt":"2026-05-02T08:58:26","guid":{"rendered":"https:\/\/busondakika.com.tr\/?p=14536"},"modified":"2026-05-02T08:58:27","modified_gmt":"2026-05-02T08:58:27","slug":"qnb-turkiyeden-dunya-dilek-gununde-anlamli-farkindalik-kristal-kule-maviye-burundu","status":"publish","type":"post","link":"https:\/\/busondakika.com.tr\/?p=14536","title":{"rendered":"QNB T\u00fcrkiye\u2019den D\u00fcnya Dilek G\u00fcn\u00fc\u2019nde Anlaml\u0131 Fark\u0131ndal\u0131k: Kristal Kule Maviye B\u00fcr\u00fcnd\u00fc"},"content":{"rendered":"<p> <strong>QNB T\u00fcrkiye, D\u00fcnya Dilek G\u00fcn\u00fc\u2019nde Kristal Kule\u2019yi maviye b\u00fcr\u00fcyerek dileklerin d\u00f6n\u00fc\u015ft\u00fcr\u00fcc\u00fc g\u00fcc\u00fcne dikkat \u00e7ekti. Banka,<\/strong>\u00a0<strong>Make-A-Wish T\u00fcrkiye \/ Bir Dilek Tut Derne\u011fi i\u015f birli\u011fiyle y\u00fcr\u00fct\u00fclen \u00e7al\u0131\u015fmalar kapsam\u0131nda 23 Nisan\u2019da da 23 \u00e7ocu\u011fun hayalini ger\u00e7ekle\u015ftirdi.<\/strong><\/p>\n<p>QNB T\u00fcrkiye, Make-A-Wish T\u00fcrkiye \/ Bir Dilek Tut Derne\u011fi i\u015f birli\u011fiyle y\u00fcr\u00fctt\u00fc\u011f\u00fc sosyal sorumluluk \u00e7al\u0131\u015fmalar\u0131na bu y\u0131l da devam etti. D\u00fcnya Dilek G\u00fcn\u00fc kapsam\u0131nda Kristal Kule\u2019yi mavi \u0131\u015f\u0131kla ayd\u0131nlatan QNB T\u00fcrkiye, \u00e7ocuklar\u0131n hayallerine uzanan yolculu\u011fa dikkat \u00e7ekerek fark\u0131ndal\u0131k yaratt\u0131.<\/p>\n<p>2015 y\u0131l\u0131ndan bu yana \u00e7ocuklar\u0131n daha iyi bir gelece\u011fe sahip olmas\u0131 amac\u0131yla \u00e7al\u0131\u015fmalar\u0131n\u0131 s\u00fcrd\u00fcren \u201cMinik Eller B\u00fcy\u00fck Hayaller\u201d sosyal sorumluluk platformu\u00a0kapsam\u0131nda Make-A-Wish T\u00fcrkiye \/ Bir Dilek Tut Derne\u011fi ile i\u015f birli\u011fi yapan banka, riskli hastal\u0131klarla m\u00fccadele eden 3\u201317 ya\u015f aral\u0131\u011f\u0131ndaki \u00e7ocuklar\u0131n kalplerinde ya\u015fatt\u0131klar\u0131 dileklerin ger\u00e7ekle\u015fmesine katk\u0131 sa\u011fl\u0131yor.<\/p>\n<p>23 Nisan Ulusal Egemenlik ve \u00c7ocuk Bayram\u0131\u2019nda \u00e7ocuklara umut olmak amac\u0131yla y\u00fcr\u00fct\u00fclen i\u015f birli\u011fi kapsam\u0131nda bu y\u0131l toplam 23 \u00e7ocu\u011fun dile\u011fi ger\u00e7ekle\u015ftirildi, hayatlar\u0131nda unutulmaz an\u0131lar biriktirmelerine olanak tan\u0131nd\u0131. \u00dc\u00e7 y\u0131ld\u0131r devam eden i\u015f birli\u011fi ile \u00e7ocuklar\u0131n umutlar\u0131n\u0131 g\u00fc\u00e7lendirmeyi ama\u00e7layan proje, her bir dile\u011fin \u00e7ocuklar\u0131n ya\u015fam enerjisini art\u0131ran ve motivasyonlar\u0131n\u0131 destekleyen bir deneyime d\u00f6n\u00fc\u015fmesini sa\u011fl\u0131yor.<\/p>\n<p>Banka, proje kapsam\u0131nda 29 Nisan D\u00fcnya Dilek G\u00fcn\u00fc\u2019nde Kristal Kule\u2019yi mavi \u0131\u015f\u0131kla ayd\u0131nlatarak \u00e7ocuklar\u0131n hayallerine dikkat \u00e7ekti.<\/p>\n<p>QNB T\u00fcrkiye, toplumsal fayda odakl\u0131 yakla\u015f\u0131m\u0131 do\u011frultusunda \u00e7ocuklar\u0131n hayatlar\u0131na dokunan projelere destek vermeyi ve daha fazla \u00e7ocu\u011fun hayaline ula\u015fmas\u0131na katk\u0131 sa\u011flamay\u0131 s\u00fcrd\u00fcr\u00fcyor.<\/p>\n<p><strong>\u00a0<\/strong><\/p>\n<p>Kaynak: (BYZHA) Beyaz Haber Ajans\u0131<\/p>\n","protected":false},"excerpt":{"rendered":"<p>QNB T\u00fcrkiye, D\u00fcnya Dilek G\u00fcn\u00fc\u2019nde Kristal Kule\u2019yi maviye b\u00fcr\u00fcyerek dileklerin d\u00f6n\u00fc\u015ft\u00fcr\u00fcc\u00fc g\u00fcc\u00fcne dikkat \u00e7ekti.<\/p>\n","protected":false},"author":1,"featured_media":14537,"comment_status":"open","ping_status":"open","sticky":false,"template":"","format":"standard","meta":{"footnotes":""},"categories":[22],"tags":[],"class_list":["post-14536","post","type-post","status-publish","format-standard","has-post-thumbnail","hentry","category-ekonomi"],"_links":{"self":[{"href":"https:\/\/busondakika.com.tr\/index.php?rest_route=\/wp\/v2\/posts\/14536","targetHints":{"allow":["GET"]}}],"collection":[{"href":"https:\/\/busondakika.com.tr\/index.php?rest_route=\/wp\/v2\/posts"}],"about":[{"href":"https:\/\/busondakika.com.tr\/index.php?rest_route=\/wp\/v2\/types\/post"}],"author":[{"embeddable":true,"href":"https:\/\/busondakika.com.tr\/index.php?rest_route=\/wp\/v2\/users\/1"}],"replies":[{"embeddable":true,"href":"https:\/\/busondakika.com.tr\/index.php?rest_route=%2Fwp%2Fv2%2Fcomments&post=14536"}],"version-history":[{"count":1,"href":"https:\/\/busondakika.com.tr\/index.php?rest_route=\/wp\/v2\/posts\/14536\/revisions"}],"predecessor-version":[{"id":14538,"href":"https:\/\/busondakika.com.tr\/index.php?rest_route=\/wp\/v2\/posts\/14536\/revisions\/14538"}],"wp:featuredmedia":[{"embeddable":true,"href":"https:\/\/busondakika.com.tr\/index.php?rest_route=\/wp\/v2\/media\/14537"}],"wp:attachment":[{"href":"https:\/\/busondakika.com.tr\/index.php?rest_route=%2Fwp%2Fv2%2Fmedia&parent=14536"}],"wp:term":[{"taxonomy":"category","embeddable":true,"href":"https:\/\/busondakika.com.tr\/index.php?rest_route=%2Fwp%2Fv2%2Fcategories&post=14536"},{"taxonomy":"post_tag","embeddable":true,"href":"https:\/\/busondakika.com.tr\/index.php?rest_route=%2Fwp%2Fv2%2Ftags&post=14536"}],"curies":[{"name":"wp","href":"https:\/\/api.w.org\/{rel}","templated":true}]}}