{"id":14545,"date":"2026-05-02T09:14:22","date_gmt":"2026-05-02T09:14:22","guid":{"rendered":"https:\/\/busondakika.com.tr\/?p=14545"},"modified":"2026-05-02T09:14:23","modified_gmt":"2026-05-02T09:14:23","slug":"osmangazi-belediyesi-73-bin-agacin-kesilmesini-onledi","status":"publish","type":"post","link":"https:\/\/busondakika.com.tr\/?p=14545","title":{"rendered":"Osmangazi Belediyesi 73 Bin A\u011fac\u0131n Kesilmesini \u00d6nledi"},"content":{"rendered":"<p> Osmangazi Belediyesi, \u00e7evrenin korunmas\u0131 ve s\u00fcrd\u00fcr\u00fclebilir bir gelecek i\u00e7in geri d\u00f6n\u00fc\u015ft\u00fcr\u00fclebilir at\u0131klar\u0131 ev ev gezerek toplayarak, hem do\u011fal kaynaklar\u0131n korunmas\u0131na, hem de ekonomiye b\u00fcy\u00fck katk\u0131 sa\u011fl\u0131yor.<\/p>\n<p>Evlerde kullan\u0131lan ambalaj at\u0131klar\u0131n\u0131n geri kazan\u0131m\u0131n\u0131 sa\u011flamak ve \u00e7evre kirlili\u011fini \u00f6nlemek i\u00e7in geri d\u00f6n\u00fc\u015f\u00fcme b\u00fcy\u00fck \u00f6nem veren Osmangazi Belediyesi, Osmangazi\u2019de s\u0131f\u0131r at\u0131k seferberli\u011fi ba\u015flatt\u0131. Osmangazi il\u00e7esindeki t\u00fcm mahallelerin \u00f6nlerine geri d\u00f6n\u00fc\u015f\u00fcm kutular\u0131 ve torbalar\u0131 b\u0131rakan Osmangazi Belediyesi \u0130klim De\u011fi\u015fikli\u011fi ve S\u0131f\u0131r At\u0131k M\u00fcd\u00fcrl\u00fc\u011f\u00fc ekipleri, belirlenen g\u00fcnlerde geri d\u00f6n\u00fc\u015ft\u00fcr\u00fclebilir ambalaj at\u0131klar\u0131n\u0131 evlerin \u00f6nlerinden toplayarak geri d\u00f6n\u00fc\u015f\u00fcm merkezlerine teslim ediyor. Yap\u0131lan geri d\u00f6n\u00fc\u015f\u00fcm \u00e7al\u0131\u015fmalar\u0131 sayesinde 73 bin a\u011fac\u0131n kesilmesi \u00f6nlenmi\u015f oldu.<\/p>\n<p>Toplanan at\u0131klar, geri d\u00f6n\u00fc\u015f\u00fcm merkezlerinde yeniden i\u015flenerek kullan\u0131labilir hale getiriliyor. Bu \u00e7al\u0131\u015fmalar sayesinde hem \u00e7evre kirlili\u011finin \u00f6n\u00fcne ge\u00e7iliyor, hem de do\u011fal kaynaklar\u0131n korunmas\u0131na katk\u0131 sa\u011flan\u0131yor. Evlerin \u00f6n\u00fcne b\u0131rak\u0131lan geri d\u00f6n\u00fc\u015f\u00fcm kutular\u0131 ve po\u015fetlerinden toplanan ka\u011f\u0131t, karton, plastik, cam ve metal at\u0131klar, lisansl\u0131 firmalar taraf\u0131ndan i\u015flenerek yeniden \u00fcretim s\u00fcre\u00e7lerine kazand\u0131r\u0131l\u0131yor. Osmangazi Belediyesi taraf\u0131ndan 2025 y\u0131l\u0131 i\u00e7erisinde toplam 6 bin 916 ton geri d\u00f6n\u00fc\u015ft\u00fcr\u00fclebilir ambalaj at\u0131\u011f\u0131 topland\u0131.<\/p>\n<p>\u201cToplad\u0131\u011f\u0131m\u0131z Bu At\u0131klarla \u00c7evrenin Kirlenmesinin \u00d6n\u00fcne Ge\u00e7iyoruz\u201d<\/p>\n<p>Geri d\u00f6n\u00fc\u015ft\u00fcr\u00fclebilir ambalaj at\u0131klar\u0131n\u0131 vatanda\u015flar\u0131n kap\u0131lar\u0131n\u0131n \u00f6n\u00fcnden toplad\u0131klar\u0131n\u0131 ifade eden Osmangazi Belediyesi \u0130klim De\u011fi\u015fikli\u011fi ve S\u0131f\u0131r At\u0131k M\u00fcd\u00fcrl\u00fc\u011f\u00fc Personeli Onur S\u00fct\u00e7\u00fco\u011flu, \u201cOsmangazi\u2019deki ambalaj at\u0131klar\u0131n\u0131 vatanda\u015flar\u0131m\u0131z\u0131n kap\u0131lar\u0131n\u0131n \u00f6n\u00fcnden topluyoruz. Her hafta farkl\u0131 bir mahalleye gidiyoruz. Osmangazi\u2019de 136 mahallemiz var ve t\u00fcm mahallelerde ambalaj at\u0131\u011f\u0131 toplama \u00e7al\u0131\u015fmalar\u0131m\u0131z\u0131 s\u00fcrd\u00fcr\u00fcyoruz. Ambalaj at\u0131klar\u0131n\u0131 ald\u0131\u011f\u0131m\u0131z adreslere bo\u015f po\u015fetler b\u0131rakarak vatanda\u015flar\u0131m\u0131z\u0131n yeniden at\u0131k biriktirmesini sa\u011fl\u0131yoruz. Bug\u00fcn toplad\u0131\u011f\u0131m\u0131z at\u0131klar aras\u0131nda ka\u011f\u0131t, karton, plastik, cam ve metal bulunuyor. Bu at\u0131klar, lisansl\u0131 firmalar taraf\u0131ndan t\u00fcrlerine g\u00f6re ayr\u0131\u015ft\u0131r\u0131larak geri d\u00f6n\u00fc\u015f\u00fcme kazand\u0131r\u0131l\u0131yor. Toplad\u0131\u011f\u0131m\u0131z bu at\u0131klarla \u00e7evre kirlili\u011finin \u00f6n\u00fcne ge\u00e7iyor ve do\u011fal kaynaklar\u0131n korunmas\u0131n\u0131 sa\u011fl\u0131yoruz. \u00d6rne\u011fin, 1 ton ka\u011f\u0131t topland\u0131\u011f\u0131nda 17 a\u011fac\u0131n kesilmesi \u00f6nlenmi\u015f oluyor.\u201d \u015feklinde konu\u015ftu.\u00a0<\/p>\n<p>Osmangazi Belediyesi\u2019nin s\u0131f\u0131r at\u0131k \u00e7al\u0131\u015fmas\u0131na geri d\u00f6n\u00fc\u015ft\u00fcr\u00fclebilir at\u0131k biriktirerek katk\u0131da bulunan vatanda\u015flar da yap\u0131lan \u00e7al\u0131\u015flar sayesinde \u00e7evrenin korundu\u011funu dile getirdi.<\/p>\n<p>Kaynak: (BYZHA) Beyaz Haber Ajans\u0131<\/p>\n","protected":false},"excerpt":{"rendered":"<p>Osmangazi Belediyesi, \u00e7evrenin korunmas\u0131 ve s\u00fcrd\u00fcr\u00fclebilir bir gelecek i\u00e7in geri d\u00f6n\u00fc\u015ft\u00fcr\u00fclebilir at\u0131klar\u0131 ev ev gezerek toplayarak, hem do\u011fal kaynaklar\u0131n korunmas\u0131na, hem de ekonomiye b\u00fcy\u00fck katk\u0131 sa\u011fl\u0131yor.<\/p>\n","protected":false},"author":1,"featured_media":14546,"comment_status":"open","ping_status":"open","sticky":false,"template":"","format":"standard","meta":{"footnotes":""},"categories":[21],"tags":[],"class_list":["post-14545","post","type-post","status-publish","format-standard","has-post-thumbnail","hentry","category-gundem"],"_links":{"self":[{"href":"https:\/\/busondakika.com.tr\/index.php?rest_route=\/wp\/v2\/posts\/14545","targetHints":{"allow":["GET"]}}],"collection":[{"href":"https:\/\/busondakika.com.tr\/index.php?rest_route=\/wp\/v2\/posts"}],"about":[{"href":"https:\/\/busondakika.com.tr\/index.php?rest_route=\/wp\/v2\/types\/post"}],"author":[{"embeddable":true,"href":"https:\/\/busondakika.com.tr\/index.php?rest_route=\/wp\/v2\/users\/1"}],"replies":[{"embeddable":true,"href":"https:\/\/busondakika.com.tr\/index.php?rest_route=%2Fwp%2Fv2%2Fcomments&post=14545"}],"version-history":[{"count":1,"href":"https:\/\/busondakika.com.tr\/index.php?rest_route=\/wp\/v2\/posts\/14545\/revisions"}],"predecessor-version":[{"id":14547,"href":"https:\/\/busondakika.com.tr\/index.php?rest_route=\/wp\/v2\/posts\/14545\/revisions\/14547"}],"wp:featuredmedia":[{"embeddable":true,"href":"https:\/\/busondakika.com.tr\/index.php?rest_route=\/wp\/v2\/media\/14546"}],"wp:attachment":[{"href":"https:\/\/busondakika.com.tr\/index.php?rest_route=%2Fwp%2Fv2%2Fmedia&parent=14545"}],"wp:term":[{"taxonomy":"category","embeddable":true,"href":"https:\/\/busondakika.com.tr\/index.php?rest_route=%2Fwp%2Fv2%2Fcategories&post=14545"},{"taxonomy":"post_tag","embeddable":true,"href":"https:\/\/busondakika.com.tr\/index.php?rest_route=%2Fwp%2Fv2%2Ftags&post=14545"}],"curies":[{"name":"wp","href":"https:\/\/api.w.org\/{rel}","templated":true}]}}