{"id":14599,"date":"2026-05-03T09:48:19","date_gmt":"2026-05-03T09:48:19","guid":{"rendered":"https:\/\/busondakika.com.tr\/?p=14599"},"modified":"2026-05-03T09:48:20","modified_gmt":"2026-05-03T09:48:20","slug":"baskan-rasim-ari-tbb-encumen-uyeligine-yeniden-secildi","status":"publish","type":"post","link":"https:\/\/busondakika.com.tr\/?p=14599","title":{"rendered":"Ba\u015fkan Rasim Ar\u0131, TBB Enc\u00fcmen \u00dcyeli\u011fine Yeniden Se\u00e7ildi"},"content":{"rendered":"<p> Nev\u015fehir Belediye Ba\u015fkan\u0131 Rasim Ar\u0131, Ankara\u2019da d\u00fczenlenen T\u00fcrkiye Belediyeler Birli\u011fi (TBB) Meclis Toplant\u0131s\u0131\u2019na kat\u0131ld\u0131.\u00a0<\/p>\n<p>\u015eehrimizi ulusal ve uluslararas\u0131 platformlarda en \u00fcst seviyede temsil eden ve yapt\u0131\u011f\u0131 konu\u015fmalarla D\u00fcnya g\u00fcndeminde ses getiren Ba\u015fkan\u0131m\u0131z Rasim Ar\u0131, Avrupa Konseyi Yerel ve B\u00f6lgesel Y\u00f6netimler Kongresi meclis \u00fcyeli\u011fi yapmak \u00fczere bir kez daha TBB enc\u00fcmen \u00fcyesi olarak se\u00e7ildi.<\/p>\n<p>46 \u00fclkenin \u00fcye oldu\u011fu Avrupa \u00e7ap\u0131nda 100.000\u2019in \u00fczerinde yerel ve b\u00f6lgesel y\u00f6netimlerin se\u00e7ilmi\u015f temsilcilerinin, sorunlar\u0131n\u0131 tart\u0131\u015ft\u0131klar\u0131, deneyimlerini payla\u015ft\u0131klar\u0131 ve g\u00f6r\u00fc\u015flerini h\u00fck\u00fcmetlere ifade edebilecekleri bir forum ortam\u0131 sa\u011flayan Avrupa Konseyi, yerel ve b\u00f6lgesel politikalara t\u00fcm y\u00f6nleri ile dan\u0131\u015fmanl\u0131k yap\u0131yor.<\/p>\n<p>Yerel demokrasi anlay\u0131\u015f\u0131n\u0131n g\u00fc\u00e7lendirilmesi a\u00e7\u0131s\u0131ndan ortaya koydu\u011fu vizyoner yap\u0131s\u0131yla uluslararas\u0131 d\u00fczeyde her kesimden b\u00fcy\u00fck takdir alan Nev\u015fehir Belediye Ba\u015fkan\u0131 Rasim Ar\u0131, fark\u0131ndal\u0131k olu\u015fturmaya devam ediyor.<\/p>\n<p>T\u00fcrkiye Belediyeler Birli\u011fi (TBB) 2026 y\u0131l\u0131 May\u0131s Ay\u0131 Ola\u011fan Meclis Toplant\u0131s\u0131 Ankara\u2019da ger\u00e7ekle\u015ftirildi. Se\u00e7im g\u00fcndemiyle Ankara\u2019da toplanan TBB Meclisi, Birlik Ba\u015fkan\u0131, Meclis Ba\u015fkanl\u0131k Divan\u0131, \u0130htisas Komisyonu \u00dcyeleri ile Enc\u00fcmen \u00dcyelerini se\u00e7ti.\u00a0<\/p>\n<p>Toplant\u0131 i\u00e7in Ankara\u2019da bulunan Nev\u015fehir Belediye Ba\u015fkan\u0131 Rasim Ar\u0131, \u201cT\u00fcrkiye\u2019deki b\u00fct\u00fcn belediye ba\u015fkanlar\u0131n\u0131n, meclis \u00fcyelerinin \u00fcye oldu\u011fu T\u00fcrkiye Belediyeler Birli\u011fi\u2019nin ba\u015fkan vekilleri ve ihtisas komisyon \u00fcyelerin se\u00e7imleri i\u00e7in burada bulunuyoruz. TBB se\u00e7imlerinde Nev\u015fehir\u2019imizi temsilen bulunduk. T\u00fcrkiye Belediyeler Birli\u011fi\u2019nin enc\u00fcmen \u00fcyeli\u011fine yeniden se\u00e7ildim. \u00dclkemiz, \u015fehrimiz ve belediyemiz i\u00e7in hay\u0131rl\u0131 ve u\u011furlu olsun\u201d dedi.<\/p>\n<p>Kaynak: (BYZHA) Beyaz Haber Ajans\u0131<\/p>\n","protected":false},"excerpt":{"rendered":"<p>Nev\u015fehir Belediye Ba\u015fkan\u0131 Rasim Ar\u0131, Ankara\u2019da d\u00fczenlenen T\u00fcrkiye Belediyeler Birli\u011fi (TBB) Meclis Toplant\u0131s\u0131\u2019na kat\u0131ld\u0131.<\/p>\n","protected":false},"author":1,"featured_media":14600,"comment_status":"open","ping_status":"open","sticky":false,"template":"","format":"standard","meta":{"footnotes":""},"categories":[21],"tags":[],"class_list":["post-14599","post","type-post","status-publish","format-standard","has-post-thumbnail","hentry","category-gundem"],"_links":{"self":[{"href":"https:\/\/busondakika.com.tr\/index.php?rest_route=\/wp\/v2\/posts\/14599","targetHints":{"allow":["GET"]}}],"collection":[{"href":"https:\/\/busondakika.com.tr\/index.php?rest_route=\/wp\/v2\/posts"}],"about":[{"href":"https:\/\/busondakika.com.tr\/index.php?rest_route=\/wp\/v2\/types\/post"}],"author":[{"embeddable":true,"href":"https:\/\/busondakika.com.tr\/index.php?rest_route=\/wp\/v2\/users\/1"}],"replies":[{"embeddable":true,"href":"https:\/\/busondakika.com.tr\/index.php?rest_route=%2Fwp%2Fv2%2Fcomments&post=14599"}],"version-history":[{"count":1,"href":"https:\/\/busondakika.com.tr\/index.php?rest_route=\/wp\/v2\/posts\/14599\/revisions"}],"predecessor-version":[{"id":14601,"href":"https:\/\/busondakika.com.tr\/index.php?rest_route=\/wp\/v2\/posts\/14599\/revisions\/14601"}],"wp:featuredmedia":[{"embeddable":true,"href":"https:\/\/busondakika.com.tr\/index.php?rest_route=\/wp\/v2\/media\/14600"}],"wp:attachment":[{"href":"https:\/\/busondakika.com.tr\/index.php?rest_route=%2Fwp%2Fv2%2Fmedia&parent=14599"}],"wp:term":[{"taxonomy":"category","embeddable":true,"href":"https:\/\/busondakika.com.tr\/index.php?rest_route=%2Fwp%2Fv2%2Fcategories&post=14599"},{"taxonomy":"post_tag","embeddable":true,"href":"https:\/\/busondakika.com.tr\/index.php?rest_route=%2Fwp%2Fv2%2Ftags&post=14599"}],"curies":[{"name":"wp","href":"https:\/\/api.w.org\/{rel}","templated":true}]}}