{"id":14605,"date":"2026-05-03T10:13:08","date_gmt":"2026-05-03T10:13:08","guid":{"rendered":"https:\/\/busondakika.com.tr\/?p=14605"},"modified":"2026-05-03T10:13:08","modified_gmt":"2026-05-03T10:13:08","slug":"beyaz-kalpler-mezunlarini-meslege-ugurladi","status":"publish","type":"post","link":"https:\/\/busondakika.com.tr\/?p=14605","title":{"rendered":"Beyaz Kalpler, mezunlar\u0131n\u0131 mesle\u011fe u\u011furlad\u0131"},"content":{"rendered":"<p> Kocaeli B\u00fcy\u00fck\u015fehir Belediyesi b\u00fcnyesinde faaliyet g\u00f6steren Beyaz Kalpler E\u011fitim ve Geli\u015fim Merkezi, mesleki e\u011fitimlerini tamamlayan \u00f6\u011frencilerini mezun etti. \u201cG\u00fczellik ve sa\u00e7 bak\u0131m hizmetleri\u201d alan\u0131nda e\u011fitim alan gen\u00e7ler, d\u00fczenlenen t\u00f6renle sertifikalar\u0131na kavu\u015ftu.<\/p>\n<p><b>HEM MESLEK HEM GELECEK KAZANIYORLAR<\/b><\/p>\n<p>Kocaeli B\u00fcy\u00fck\u015fehir Belediyesi Sa\u011fl\u0131k ve Sosyal Hizmetler Daire Ba\u015fkanl\u0131\u011f\u0131 b\u00fcnyesinde hizmet veren merkezde, 14-18 ya\u015f aral\u0131\u011f\u0131ndaki gen\u00e7lere y\u00f6nelik e\u011fitimler devam ediyor. \u00d6rg\u00fcn e\u011fitime devam edemeyen \u00f6\u011frencilerin sosyal hayata uyum sa\u011flamalar\u0131na destek olan merkez, ayn\u0131 zamanda gen\u00e7leri istihdama haz\u0131rl\u0131yor. Proje kapsam\u0131nda \u00f6\u011frencilere mesleki e\u011fitimin yan\u0131 s\u0131ra psiko-sosyal destek de sunuluyor. E\u011fitim s\u00fcrecinde gen\u00e7ler, \u00e7e\u015fitli hobi at\u00f6lyelerine kat\u0131larak hem e\u011flenceli hem de verimli vakit ge\u00e7irme imk\u00e2n\u0131 buluyor.<\/p>\n<p><b>FARKLI ALANLARDA E\u011e\u0130T\u0130M \u0130MK\u00c2NI<\/b><\/p>\n<p>Merkezde g\u00fczellik ve sa\u00e7 bak\u0131m hizmetlerinin yan\u0131 s\u0131ra barista, kuaf\u00f6rl\u00fck, pastac\u0131l\u0131k, a\u015f\u00e7\u0131l\u0131k ve grafik tasar\u0131m gibi farkl\u0131 alanlarda da e\u011fitimler veriliyor. Haftan\u0131n 5 g\u00fcn\u00fc e\u011fitim alan \u00f6\u011frenciler, y\u0131l sonunda sertifika almaya hak kazan\u0131yor. E\u011fitim s\u00fcresince m\u00fczik ve cam boncuk gibi at\u00f6lyelere de kat\u0131lan \u00f6\u011frenciler, sosyal hayattan kopmadan kendilerini geli\u015ftirme f\u0131rsat\u0131 yakal\u0131yor.<\/p>\n<p><b>RENKL\u0130 VE CO\u015eKULU MEZUN\u0130YET T\u00d6REN\u0130<\/b><\/p>\n<p>Merkezde d\u00fczenlenen mezuniyet t\u00f6renine \u00f6\u011frenciler, aileleri ve e\u011fitmenler kat\u0131ld\u0131. T\u00f6rende m\u00fczik at\u00f6lyesi \u00f6\u011frencilerinin haz\u0131rlad\u0131\u011f\u0131 performanslar be\u011feni toplad\u0131. Programda \u00f6\u011frenciler sertifikalar\u0131n\u0131 Sosyal Hizmetler \u015eube M\u00fcd\u00fcr\u00fc \u0130rfan T\u00fcrkmen\u2019in elinden ald\u0131. Hediyelerin takdim edilmesinin ard\u0131ndan mezuniyet pastas\u0131 kesildi. Pastac\u0131l\u0131k at\u00f6lyesi \u00f6\u011frencilerinin haz\u0131rlad\u0131\u011f\u0131 ikramlar e\u015fli\u011finde devam eden t\u00f6ren, g\u00fcn\u00fcn an\u0131s\u0131na \u00e7ekilen hat\u0131ra foto\u011fraflar\u0131 ile sona erdi.<\/p>\n<p>Kaynak: (BYZHA) Beyaz Haber Ajans\u0131<\/p>\n","protected":false},"excerpt":{"rendered":"<p>Kocaeli B\u00fcy\u00fck\u015fehir Belediyesi b\u00fcnyesinde faaliyet g\u00f6steren Beyaz Kalpler E\u011fitim ve Geli\u015fim Merkezi, mesleki e\u011fitimlerini tamamlayan \u00f6\u011frencilerini mezun etti.<\/p>\n","protected":false},"author":1,"featured_media":14606,"comment_status":"open","ping_status":"open","sticky":false,"template":"","format":"standard","meta":{"footnotes":""},"categories":[21],"tags":[],"class_list":["post-14605","post","type-post","status-publish","format-standard","has-post-thumbnail","hentry","category-gundem"],"_links":{"self":[{"href":"https:\/\/busondakika.com.tr\/index.php?rest_route=\/wp\/v2\/posts\/14605","targetHints":{"allow":["GET"]}}],"collection":[{"href":"https:\/\/busondakika.com.tr\/index.php?rest_route=\/wp\/v2\/posts"}],"about":[{"href":"https:\/\/busondakika.com.tr\/index.php?rest_route=\/wp\/v2\/types\/post"}],"author":[{"embeddable":true,"href":"https:\/\/busondakika.com.tr\/index.php?rest_route=\/wp\/v2\/users\/1"}],"replies":[{"embeddable":true,"href":"https:\/\/busondakika.com.tr\/index.php?rest_route=%2Fwp%2Fv2%2Fcomments&post=14605"}],"version-history":[{"count":1,"href":"https:\/\/busondakika.com.tr\/index.php?rest_route=\/wp\/v2\/posts\/14605\/revisions"}],"predecessor-version":[{"id":14607,"href":"https:\/\/busondakika.com.tr\/index.php?rest_route=\/wp\/v2\/posts\/14605\/revisions\/14607"}],"wp:featuredmedia":[{"embeddable":true,"href":"https:\/\/busondakika.com.tr\/index.php?rest_route=\/wp\/v2\/media\/14606"}],"wp:attachment":[{"href":"https:\/\/busondakika.com.tr\/index.php?rest_route=%2Fwp%2Fv2%2Fmedia&parent=14605"}],"wp:term":[{"taxonomy":"category","embeddable":true,"href":"https:\/\/busondakika.com.tr\/index.php?rest_route=%2Fwp%2Fv2%2Fcategories&post=14605"},{"taxonomy":"post_tag","embeddable":true,"href":"https:\/\/busondakika.com.tr\/index.php?rest_route=%2Fwp%2Fv2%2Ftags&post=14605"}],"curies":[{"name":"wp","href":"https:\/\/api.w.org\/{rel}","templated":true}]}}