{"id":14611,"date":"2026-05-03T11:09:44","date_gmt":"2026-05-03T11:09:44","guid":{"rendered":"https:\/\/busondakika.com.tr\/?p=14611"},"modified":"2026-05-03T11:09:45","modified_gmt":"2026-05-03T11:09:45","slug":"edremitte-er-meydaninda-buyuk-heyecan-baspehlivan-erkan-tas-oldu","status":"publish","type":"post","link":"https:\/\/busondakika.com.tr\/?p=14611","title":{"rendered":"Edremit\u2019te er meydan\u0131nda b\u00fcy\u00fck heyecan: Ba\u015fpehlivan Erkan Ta\u015f oldu"},"content":{"rendered":"<p> Edremit Belediyesi taraf\u0131ndan d\u00fczenlenen 18. Geleneksel \u015eehit Hamdibey Ya\u011fl\u0131 Pehlivan G\u00fcre\u015fleri, b\u00fcy\u00fck bir co\u015fku ve yo\u011fun kat\u0131l\u0131mla ger\u00e7ekle\u015ftirildi. Toplam 403 pehlivan\u0131n kol ba\u011flad\u0131\u011f\u0131 er meydan\u0131nda ba\u015fpehlivanl\u0131\u011f\u0131 Erkan Ta\u015f kazand\u0131.<\/p>\n<p>Kuva-yi Milliye Kahraman\u0131 Edremit Kaymakam\u0131 \u015eehit Hamdibey an\u0131s\u0131na d\u00fczenlenen g\u00fcre\u015fler, Tuzcumurat Mahallesi\u2019ndeki g\u00fcre\u015f alan\u0131nda yap\u0131ld\u0131. Organizasyona Ali G\u00fcrb\u00fcz, Recep Kara, Mehmet Ye\u015fil Ye\u015fil, Mustafa Ta\u015f, Enes Do\u011fan, Ertu\u011frul Da\u011fdeviren, Erkan Ta\u015f ve Yunus Emre Yaman gibi \u00f6nemli ba\u015fpehlivanlar\u0131n da aralar\u0131nda bulundu\u011fu 403 sporcu kat\u0131ld\u0131. Geleneksel g\u00fcre\u015f a\u011fal\u0131\u011f\u0131n\u0131 ise Edremitli i\u015f insan\u0131 Ali Baydar \u00fcstlendi.<\/p>\n<p>G\u00fcn boyu s\u00fcren m\u00fcsabakalarda k\u00fc\u00e7\u00fck boylardan ba\u015fpehlivanl\u0131\u011fa kadar t\u00fcm kategorilerde k\u0131yas\u0131ya m\u00fccadeleler ya\u015fand\u0131. \u00d6zellikle minik ve te\u015fvik boylar\u0131ndaki g\u00fcre\u015fler renkli g\u00f6r\u00fcnt\u00fclere sahne olurken, ba\u015fpehlivanl\u0131k m\u00fccadeleleri ise b\u00fcy\u00fck heyecan yaratt\u0131.<\/p>\n<p>Final m\u00fcsabakas\u0131nda Erkan Ta\u015f ile Serhat Balc\u0131 kar\u015f\u0131 kar\u015f\u0131ya geldi. Zorlu ge\u00e7en m\u00fccadelede rakibini ma\u011flup eden Erkan Ta\u015f, 18. Geleneksel \u015eehit Hamdibey Ya\u011fl\u0131 Pehlivan G\u00fcre\u015fleri\u2019nin ba\u015fpehlivan\u0131 oldu.<\/p>\n<p>Ba\u015fpehlivan Erkan Ta\u015f ve dereceye giren g\u00fcre\u015f\u00e7ilere \u00f6d\u00fclleri Edremit Belediye Ba\u015fkan\u0131 Mehmet Erta\u015f taraf\u0131ndan takdim edildi.<\/p>\n<p>Di\u011fer boylarda dereceye giren g\u00fcre\u015f\u00e7ilere \u00f6d\u00fclleri CHP Edremit \u0130l\u00e7e Ba\u015fkan\u0131 Emin Yal\u00e7\u0131nta\u015f, G\u00fcre\u015f A\u011fas\u0131 Ali Baydar, Belediye Ba\u015fkan Yard\u0131mc\u0131lar\u0131 ve Belediye Meclis \u00dcyeleri taraf\u0131ndan verildi.<\/p>\n<p>Edremit Belediye Ba\u015fkan\u0131 Mehmet Erta\u015f, organizasyonun ard\u0131ndan yapt\u0131\u011f\u0131 a\u00e7\u0131klamada, \u201c18. Geleneksel \u015eehit Hamdibey Ya\u011fl\u0131 Pehlivan G\u00fcre\u015fleri\u2019nde ata sporumuzun heyecan\u0131n\u0131, birlik ve karde\u015flik ruhunu Edremit\u2019te hep birlikte ya\u015faman\u0131n gururunu ya\u015fad\u0131k. Er meydan\u0131nda yi\u011fitli\u011fin, centilmenli\u011fin ve karde\u015fli\u011fin en g\u00fczel \u00f6rneklerine tan\u0131kl\u0131k ettik. Ba\u015fpehlivan\u0131m\u0131z Erkan Ta\u015f ba\u015fta olmak \u00fczere t\u00fcm pehlivanlar\u0131m\u0131z\u0131 y\u00fcrekten kutluyorum.<\/p>\n<p>Bu anlaml\u0131 g\u00fcnde bizleri yaln\u0131z b\u0131rakmayan il\u00e7e protokol\u00fcm\u00fcze, muhtarlar\u0131m\u0131za, oda ba\u015fkanlar\u0131m\u0131za, federasyon temsilcilerimize, hakemlerimize ve eme\u011fi ge\u00e7en herkese te\u015fekk\u00fcr ediyorum. Trib\u00fcnleri doldurarak bu b\u00fcy\u00fck gelene\u011fe sahip \u00e7\u0131kan hem\u015fehrilerimize de ayr\u0131ca \u015f\u00fckranlar\u0131m\u0131 sunuyorum\u201d ifadelerini kulland\u0131.<\/p>\n<p>Ya\u011fl\u0131 g\u00fcre\u015flerin sadece bir spor de\u011fil, k\u00f6kl\u00fc bir k\u00fclt\u00fcr miras\u0131 oldu\u011funa dikkat \u00e7eken Erta\u015f, \u201cK\u00f6kleri y\u00fczy\u0131llara dayanan bu gelenek; sayg\u0131n\u0131n, cesaretin ve dayan\u0131\u015fman\u0131n simgesidir. Bu miras\u0131 ya\u015fatmak ve gelecek nesillere aktarmak en b\u00fcy\u00fck sorumlulu\u011fumuzdur. Edremit, ata sporuna sahip \u00e7\u0131kan bir kent olmaya devam edecek\u201d dedi.<\/p>\n<p>Kaynak: (BYZHA) Beyaz Haber Ajans\u0131<\/p>\n","protected":false},"excerpt":{"rendered":"<p>Edremit Belediyesi taraf\u0131ndan d\u00fczenlenen 18.<\/p>\n","protected":false},"author":1,"featured_media":14612,"comment_status":"open","ping_status":"open","sticky":false,"template":"","format":"standard","meta":{"footnotes":""},"categories":[24],"tags":[],"class_list":["post-14611","post","type-post","status-publish","format-standard","has-post-thumbnail","hentry","category-spor"],"_links":{"self":[{"href":"https:\/\/busondakika.com.tr\/index.php?rest_route=\/wp\/v2\/posts\/14611","targetHints":{"allow":["GET"]}}],"collection":[{"href":"https:\/\/busondakika.com.tr\/index.php?rest_route=\/wp\/v2\/posts"}],"about":[{"href":"https:\/\/busondakika.com.tr\/index.php?rest_route=\/wp\/v2\/types\/post"}],"author":[{"embeddable":true,"href":"https:\/\/busondakika.com.tr\/index.php?rest_route=\/wp\/v2\/users\/1"}],"replies":[{"embeddable":true,"href":"https:\/\/busondakika.com.tr\/index.php?rest_route=%2Fwp%2Fv2%2Fcomments&post=14611"}],"version-history":[{"count":1,"href":"https:\/\/busondakika.com.tr\/index.php?rest_route=\/wp\/v2\/posts\/14611\/revisions"}],"predecessor-version":[{"id":14613,"href":"https:\/\/busondakika.com.tr\/index.php?rest_route=\/wp\/v2\/posts\/14611\/revisions\/14613"}],"wp:featuredmedia":[{"embeddable":true,"href":"https:\/\/busondakika.com.tr\/index.php?rest_route=\/wp\/v2\/media\/14612"}],"wp:attachment":[{"href":"https:\/\/busondakika.com.tr\/index.php?rest_route=%2Fwp%2Fv2%2Fmedia&parent=14611"}],"wp:term":[{"taxonomy":"category","embeddable":true,"href":"https:\/\/busondakika.com.tr\/index.php?rest_route=%2Fwp%2Fv2%2Fcategories&post=14611"},{"taxonomy":"post_tag","embeddable":true,"href":"https:\/\/busondakika.com.tr\/index.php?rest_route=%2Fwp%2Fv2%2Ftags&post=14611"}],"curies":[{"name":"wp","href":"https:\/\/api.w.org\/{rel}","templated":true}]}}