{"id":14614,"date":"2026-05-03T11:18:46","date_gmt":"2026-05-03T11:18:46","guid":{"rendered":"https:\/\/busondakika.com.tr\/?p=14614"},"modified":"2026-05-03T11:18:47","modified_gmt":"2026-05-03T11:18:47","slug":"kecioren-zabitasindan-ogrenci-guvenligi-icin-yogun-mesai","status":"publish","type":"post","link":"https:\/\/busondakika.com.tr\/?p=14614","title":{"rendered":"Ke\u00e7i\u00f6ren zab\u0131tas\u0131ndan \u00f6\u011frenci g\u00fcvenli\u011fi i\u00e7in yo\u011fun mesai"},"content":{"rendered":"<br \/>\n<article>Ke\u00e7i\u00f6ren Belediyesi Zab\u0131ta M\u00fcd\u00fcrl\u00fc\u011f\u00fc ekipleri, okullar\u0131n da\u011f\u0131lma saatinde \u00f6\u011frencilerin g\u00fcvenli\u011fi i\u00e7in mesai yapmaya devam ediyor. Trafik ve yaya yo\u011funlu\u011funun olu\u015ftu\u011fu bu saatlerde sabah\u00e7\u0131-\u00f6\u011flenci ve tam g\u00fcn e\u011fitim veren bir\u00e7ok okulun \u00f6n\u00fcnde g\u00f6rev yapan ekipler, \u00f6\u011frencileri g\u00fcvenli bir \u015fekilde yolun kar\u015f\u0131s\u0131na ge\u00e7irerek yaya ve trafik g\u00fcvenli\u011fini sa\u011fl\u0131yor. Okul \u00e7evrelerinde seyyar sat\u0131c\u0131 faaliyetlerine de ge\u00e7it vermeyen ekiplerin \u00e7al\u0131\u015fmalar\u0131 veliler ve \u00f6\u011fretmenlerden tam not al\u0131yor.<\/p>\n<p><b>Hem yaya hem ara\u00e7 trafi\u011fi d\u00fczenleniyor<\/b><\/p>\n<p>Ke\u00e7i\u00f6ren\u2019de \u00f6zellikle trafik yo\u011funlu\u011funun artt\u0131\u011f\u0131 okul \u00e7evrelerinde g\u00f6rev yapan zab\u0131ta ekipleri, \u00f6\u011frencilerin yaya ge\u00e7itlerini g\u00fcvenli \u015fekilde kullanabilmesi i\u00e7in yo\u011fun \u00e7aba sarf ediyor. Okul giri\u015f ve \u00e7\u0131k\u0131\u015f saatlerinde sahada aktif rol alan ekipler, hem \u00f6\u011frencilerin kar\u015f\u0131dan kar\u015f\u0131ya emniyetle ge\u00e7mesini sa\u011fl\u0131yor hem de cadde ve kav\u015faklardaki trafik ak\u0131\u015f\u0131n\u0131n d\u00fczenli ilerlemesine katk\u0131da bulunuyor. Ara\u00e7 yo\u011funlu\u011funu kontroll\u00fc bi\u00e7imde y\u00f6neten zab\u0131ta personeli, ula\u015f\u0131m\u0131n daha rahat hale gelmesine destek oluyor. Zab\u0131ta ekiplerinin \u00f6\u011frencilere y\u00f6nelik s\u0131cak ve samimi yakla\u015f\u0131m\u0131 da \u00f6\u011frencilerin sevgi g\u00f6sterileriyle kar\u015f\u0131l\u0131yor.\u00a0\u00a0<\/p>\n<p><b>Ailelerin g\u00f6nl\u00fc rahat<\/b><\/p>\n<p>Okul \u00e7\u0131k\u0131\u015f\u0131nda \u00e7ocuklar\u0131n\u0131 kar\u015f\u0131layan veliler, Ke\u00e7i\u00f6ren Belediyesi Zab\u0131ta M\u00fcd\u00fcrl\u00fc\u011f\u00fc ekiplerinin y\u00fcr\u00fctt\u00fc\u011f\u00fc \u00e7al\u0131\u015fmalardan duyduklar\u0131 memnuniyeti ve g\u00f6n\u00fcl rahatl\u0131\u011f\u0131n\u0131 ifade ederek g\u00fcven veren uygulama i\u00e7in Ke\u00e7i\u00f6ren Belediye Ba\u015fkan\u0131 Dr. Mesut \u00d6zarslan\u2019a te\u015fekk\u00fcr etti.\u00a0<\/p>\n<\/article>\n<p>Kaynak: (BYZHA) Beyaz Haber Ajans\u0131<\/p>\n","protected":false},"excerpt":{"rendered":"<p>Ke\u00e7i\u00f6ren Belediyesi Zab\u0131ta M\u00fcd\u00fcrl\u00fc\u011f\u00fc ekipleri, okullar\u0131n da\u011f\u0131lma saatinde \u00f6\u011frencilerin g\u00fcvenli\u011fi i\u00e7in mesai yapmaya devam ediyor.<\/p>\n","protected":false},"author":1,"featured_media":14615,"comment_status":"open","ping_status":"open","sticky":false,"template":"","format":"standard","meta":{"footnotes":""},"categories":[21],"tags":[],"class_list":["post-14614","post","type-post","status-publish","format-standard","has-post-thumbnail","hentry","category-gundem"],"_links":{"self":[{"href":"https:\/\/busondakika.com.tr\/index.php?rest_route=\/wp\/v2\/posts\/14614","targetHints":{"allow":["GET"]}}],"collection":[{"href":"https:\/\/busondakika.com.tr\/index.php?rest_route=\/wp\/v2\/posts"}],"about":[{"href":"https:\/\/busondakika.com.tr\/index.php?rest_route=\/wp\/v2\/types\/post"}],"author":[{"embeddable":true,"href":"https:\/\/busondakika.com.tr\/index.php?rest_route=\/wp\/v2\/users\/1"}],"replies":[{"embeddable":true,"href":"https:\/\/busondakika.com.tr\/index.php?rest_route=%2Fwp%2Fv2%2Fcomments&post=14614"}],"version-history":[{"count":1,"href":"https:\/\/busondakika.com.tr\/index.php?rest_route=\/wp\/v2\/posts\/14614\/revisions"}],"predecessor-version":[{"id":14616,"href":"https:\/\/busondakika.com.tr\/index.php?rest_route=\/wp\/v2\/posts\/14614\/revisions\/14616"}],"wp:featuredmedia":[{"embeddable":true,"href":"https:\/\/busondakika.com.tr\/index.php?rest_route=\/wp\/v2\/media\/14615"}],"wp:attachment":[{"href":"https:\/\/busondakika.com.tr\/index.php?rest_route=%2Fwp%2Fv2%2Fmedia&parent=14614"}],"wp:term":[{"taxonomy":"category","embeddable":true,"href":"https:\/\/busondakika.com.tr\/index.php?rest_route=%2Fwp%2Fv2%2Fcategories&post=14614"},{"taxonomy":"post_tag","embeddable":true,"href":"https:\/\/busondakika.com.tr\/index.php?rest_route=%2Fwp%2Fv2%2Ftags&post=14614"}],"curies":[{"name":"wp","href":"https:\/\/api.w.org\/{rel}","templated":true}]}}