{"id":14617,"date":"2026-05-03T11:18:48","date_gmt":"2026-05-03T11:18:48","guid":{"rendered":"https:\/\/busondakika.com.tr\/?p=14617"},"modified":"2026-05-03T11:18:49","modified_gmt":"2026-05-03T11:18:49","slug":"buyuksehir-ekipleri-mahsur-kalanlari-da-kurtardi","status":"publish","type":"post","link":"https:\/\/busondakika.com.tr\/?p=14617","title":{"rendered":"B\u00fcy\u00fck\u015fehir ekipleri, mahsur kalanlar\u0131 da kurtard\u0131"},"content":{"rendered":"<p> Kocaeli B\u00fcy\u00fck\u015fehir Belediyesi, kentin y\u00fcksek kesimlerinde etkili olan kar ya\u011f\u0131\u015f\u0131na kar\u015f\u0131 m\u00fccadelesini s\u00fcrd\u00fcr\u00fcyor. Bir yandan yol a\u00e7ma ve tuzlama \u00e7al\u0131\u015fmas\u0131 y\u00fcr\u00fcten ekipler, bir yandan da gelen ihbarlar \u00fczerine mahsur kalan vatanda\u015flar\u0131n imdad\u0131na yeti\u015fiyor.<\/p>\n<p><b>B\u00dcY\u00dcK\u015eEH\u0130R TEYAKKUZ HAL\u0130NDE<\/b><\/p>\n<p>Kocaeli B\u00fcy\u00fck\u015fehir Belediyesi Yol ve Bak\u0131m Dairesi Ba\u015fkanl\u0131\u011f\u0131\u2019na ba\u011fl\u0131 A Tak\u0131m\u0131 ekipleri, Kartepe\u2019de kar ya\u011f\u0131\u015f\u0131 nedeniyle yolda mahsur kalan 5 ki\u015filik arkada\u015f grubunun imdad\u0131na yeti\u015fti. Kocaeli\u2019de may\u0131s ay\u0131nda etkili olan kar ya\u011f\u0131\u015f\u0131 nedeniyle Kartepe Kuzuyayla Molla Yakup \u00c7ay\u0131r\u0131 mevkiinde yolda kalan arkada\u015f grubu, B\u00fcy\u00fck\u015fehir ekiplerinin titiz \u00e7al\u0131\u015fmas\u0131yla kurtar\u0131ld\u0131.<\/p>\n<p><b>153\u2019E GELEN \u0130HBAR HAREKETE GE\u00c7\u0130RD\u0130<\/b><\/p>\n<p>Kartepe Kuzuyayla Molla Yakup \u00c7ay\u0131r\u0131 b\u00f6lgesine kamp yapmak i\u00e7in \u00e7\u0131kt\u0131\u011f\u0131 \u00f6\u011frenilen vatanda\u015flar, ya\u011f\u0131\u015f\u0131n duraca\u011f\u0131n\u0131 d\u00fc\u015f\u00fcnerek alandan ayr\u0131lmad\u0131. Ancak kar ya\u011f\u0131\u015f\u0131n\u0131n devam etmesi \u00fczerine d\u00f6n\u00fc\u015fe ge\u00e7en grup, yolda mahsur kald\u0131. Bunun \u00fczerine 5 ki\u015filik arkada\u015f grubu, B\u00fcy\u00fck\u015fehir\u2019e ba\u011fl\u0131 153 \u00c7a\u011fr\u0131 Merkezi\u2019ni arayarak yard\u0131m talebinde bulundu. \u0130hbar sonras\u0131 harekete ge\u00e7en A Tak\u0131m\u0131 ekipleri, zorlu hava ve yol \u015fartlar\u0131na ra\u011fmen \u00f6zel ara\u00e7larla karl\u0131 kapl\u0131 yollarda ilerleyerek b\u00f6lgeye ula\u015ft\u0131.<\/p>\n<p><b>G\u00dcVENL\u0130 \u015eEK\u0130LDE B\u00d6LGEDEN \u00c7IKARILDILAR<\/b><\/p>\n<p>Ekiplerin titiz \u00e7al\u0131\u015fmas\u0131 sonucu 5 ki\u015filik arkada\u015f grubu g\u00fcvenli \u015fekilde bulunduklar\u0131 b\u00f6lgeden \u00e7\u0131kar\u0131ld\u0131. Sa\u011fl\u0131k durumlar\u0131n\u0131n iyi oldu\u011fu \u00f6\u011frenilen vatanda\u015flar, kendilerine ula\u015fan ekiplere te\u015fekk\u00fcr etti. B\u00fcy\u00fck\u015fehir Belediyesi ekipleri, mevsim normallerinin d\u0131\u015f\u0131nda ya\u015fanan may\u0131s kar\u0131na ra\u011fmen vatanda\u015flar\u0131n g\u00fcvenli\u011fi i\u00e7in sahadaki \u00e7al\u0131\u015fmalar\u0131n\u0131 s\u00fcrd\u00fcr\u00fcyor.<\/p>\n<p>Kaynak: (BYZHA) Beyaz Haber Ajans\u0131<\/p>\n","protected":false},"excerpt":{"rendered":"<p>Kocaeli B\u00fcy\u00fck\u015fehir Belediyesi, kentin y\u00fcksek kesimlerinde etkili olan kar ya\u011f\u0131\u015f\u0131na kar\u015f\u0131 m\u00fccadelesini s\u00fcrd\u00fcr\u00fcyor.<\/p>\n","protected":false},"author":1,"featured_media":14618,"comment_status":"open","ping_status":"open","sticky":false,"template":"","format":"standard","meta":{"footnotes":""},"categories":[21],"tags":[],"class_list":["post-14617","post","type-post","status-publish","format-standard","has-post-thumbnail","hentry","category-gundem"],"_links":{"self":[{"href":"https:\/\/busondakika.com.tr\/index.php?rest_route=\/wp\/v2\/posts\/14617","targetHints":{"allow":["GET"]}}],"collection":[{"href":"https:\/\/busondakika.com.tr\/index.php?rest_route=\/wp\/v2\/posts"}],"about":[{"href":"https:\/\/busondakika.com.tr\/index.php?rest_route=\/wp\/v2\/types\/post"}],"author":[{"embeddable":true,"href":"https:\/\/busondakika.com.tr\/index.php?rest_route=\/wp\/v2\/users\/1"}],"replies":[{"embeddable":true,"href":"https:\/\/busondakika.com.tr\/index.php?rest_route=%2Fwp%2Fv2%2Fcomments&post=14617"}],"version-history":[{"count":1,"href":"https:\/\/busondakika.com.tr\/index.php?rest_route=\/wp\/v2\/posts\/14617\/revisions"}],"predecessor-version":[{"id":14619,"href":"https:\/\/busondakika.com.tr\/index.php?rest_route=\/wp\/v2\/posts\/14617\/revisions\/14619"}],"wp:featuredmedia":[{"embeddable":true,"href":"https:\/\/busondakika.com.tr\/index.php?rest_route=\/wp\/v2\/media\/14618"}],"wp:attachment":[{"href":"https:\/\/busondakika.com.tr\/index.php?rest_route=%2Fwp%2Fv2%2Fmedia&parent=14617"}],"wp:term":[{"taxonomy":"category","embeddable":true,"href":"https:\/\/busondakika.com.tr\/index.php?rest_route=%2Fwp%2Fv2%2Fcategories&post=14617"},{"taxonomy":"post_tag","embeddable":true,"href":"https:\/\/busondakika.com.tr\/index.php?rest_route=%2Fwp%2Fv2%2Ftags&post=14617"}],"curies":[{"name":"wp","href":"https:\/\/api.w.org\/{rel}","templated":true}]}}