{"id":14620,"date":"2026-05-03T11:19:03","date_gmt":"2026-05-03T11:19:03","guid":{"rendered":"https:\/\/busondakika.com.tr\/?p=14620"},"modified":"2026-05-03T11:19:04","modified_gmt":"2026-05-03T11:19:04","slug":"bucali-kadinlar-bahari-sporla-karsiladi","status":"publish","type":"post","link":"https:\/\/busondakika.com.tr\/?p=14620","title":{"rendered":"Bucal\u0131 kad\u0131nlar bahar\u0131 sporla kar\u015f\u0131lad\u0131"},"content":{"rendered":"<p> Buca Belediyesi\u2019nin \u201cmat\u0131n\u0131 al gel\u201d \u00e7a\u011fr\u0131s\u0131yla Hasana\u011fa Bah\u00e7esi ve Dere Kafe\u2019de d\u00fczenledi\u011fi \u00fccretsiz spor etkinlikleri, y\u00fczlerce kad\u0131n\u0131n kat\u0131l\u0131m\u0131yla il\u00e7eye bahar enerjisini ta\u015f\u0131d\u0131. Buca Belediye Ba\u015fkan\u0131 G\u00f6rkem Duman, kad\u0131nlar\u0131n sosyal hayata kat\u0131l\u0131m\u0131n\u0131 destekleyen projelerini s\u00fcrd\u00fcrd\u00fcklerini belirterek \u201cBuca\u2019da kad\u0131nlar\u0131n hayat\u0131n tam merkezinde olmas\u0131 i\u00e7in \u00e7al\u0131\u015f\u0131yoruz\u201d dedi.<\/p>\n<p>Buca Belediyesi\u2019nin bahar\u0131n geli\u015fini kutlamak ve kad\u0131nlar aras\u0131nda sa\u011fl\u0131kl\u0131 ya\u015fam bilincini art\u0131rmak amac\u0131yla d\u00fczenledi\u011fi \u201cKad\u0131nlar Bahar\u0131 Kar\u015f\u0131l\u0131yor\u201d etkinli\u011fi sona erdi.\u00a0 \u00dccretsiz yoga, pilates ve zumba derslerinden olu\u015fan spor aktiviteleri, y\u00fczlerce Bucal\u0131 kad\u0131n\u0131n kat\u0131l\u0131m\u0131yla renkli g\u00f6r\u00fcnt\u00fclere sahne oldu. \u201cMat\u0131n\u0131 al gel\u201d slogan\u0131yla ger\u00e7ekle\u015ftirilen etkinlikler kapsam\u0131nda, kad\u0131nlar hem fiziksel zindelik kazand\u0131 hem de do\u011fayla i\u00e7 i\u00e7e sosyalle\u015fme imk\u00e2n\u0131 buldu.<br \/>\u00a0<br \/><strong>SOSYAL BELED\u0130YEC\u0130L\u0130KTE KADIN VURGUSU<\/strong><\/p>\n<p>Buca Belediye Ba\u015fkan\u0131 G\u00f6rkem Duman, kad\u0131nlar\u0131n sosyal hayata kat\u0131l\u0131m\u0131n\u0131 destekleyen ve ya\u015fam kalitelerini\u00a0art\u0131ran\u00a0bu t\u00fcr etkinliklerin, y\u0131l boyunca farkl\u0131 projelerle devam edece\u011fini belirterek, \u015f\u00f6yle dedi: \u201cBuca\u2019n\u0131n enerjisini ve ne\u015fesini kad\u0131nlar\u0131m\u0131z\u0131n g\u00fcc\u00fcnden al\u0131yoruz. Amac\u0131m\u0131z, kad\u0131nlar\u0131m\u0131z\u0131n g\u00fcnl\u00fck hayat\u0131n stresinden\u00a0uzakla\u015fabilece\u011fi, sa\u011fl\u0131kl\u0131 ve aktif bir ya\u015fam s\u00fcrebilece\u011fi etkinlikleri onlara \u00fccretsiz sunmak. Buca\u2019da kad\u0131nlar\u0131n sosyal hayat\u0131n tam merkezinde olmas\u0131 i\u00e7in \u00e7al\u0131\u015fmaya devam edece\u011fiz. Bu etkinlikler sadece bir ba\u015flang\u0131\u00e7; &#8216;K\u00f6\u015fe Bucak Hizmet&#8217; anlay\u0131\u015f\u0131m\u0131zla, her mahallemizde onlar\u0131n yan\u0131nda olaca\u011f\u0131z. Kat\u0131lan t\u00fcm kom\u015fular\u0131m\u0131z\u0131n ayaklar\u0131na sa\u011fl\u0131k, Buca sizlerle daha g\u00fczel.\u201d<\/p>\n<p>Kaynak: (BYZHA) Beyaz Haber Ajans\u0131<\/p>\n","protected":false},"excerpt":{"rendered":"<p>Buca Belediyesi\u2019nin \u201cmat\u0131n\u0131 al gel\u201d \u00e7a\u011fr\u0131s\u0131yla Hasana\u011fa Bah\u00e7esi ve Dere Kafe\u2019de d\u00fczenledi\u011fi \u00fccretsiz spor etkinlikleri, y\u00fczlerce kad\u0131n\u0131n kat\u0131l\u0131m\u0131yla il\u00e7eye bahar enerjisini ta\u015f\u0131d\u0131.<\/p>\n","protected":false},"author":1,"featured_media":14621,"comment_status":"open","ping_status":"open","sticky":false,"template":"","format":"standard","meta":{"footnotes":""},"categories":[24],"tags":[],"class_list":["post-14620","post","type-post","status-publish","format-standard","has-post-thumbnail","hentry","category-spor"],"_links":{"self":[{"href":"https:\/\/busondakika.com.tr\/index.php?rest_route=\/wp\/v2\/posts\/14620","targetHints":{"allow":["GET"]}}],"collection":[{"href":"https:\/\/busondakika.com.tr\/index.php?rest_route=\/wp\/v2\/posts"}],"about":[{"href":"https:\/\/busondakika.com.tr\/index.php?rest_route=\/wp\/v2\/types\/post"}],"author":[{"embeddable":true,"href":"https:\/\/busondakika.com.tr\/index.php?rest_route=\/wp\/v2\/users\/1"}],"replies":[{"embeddable":true,"href":"https:\/\/busondakika.com.tr\/index.php?rest_route=%2Fwp%2Fv2%2Fcomments&post=14620"}],"version-history":[{"count":1,"href":"https:\/\/busondakika.com.tr\/index.php?rest_route=\/wp\/v2\/posts\/14620\/revisions"}],"predecessor-version":[{"id":14622,"href":"https:\/\/busondakika.com.tr\/index.php?rest_route=\/wp\/v2\/posts\/14620\/revisions\/14622"}],"wp:featuredmedia":[{"embeddable":true,"href":"https:\/\/busondakika.com.tr\/index.php?rest_route=\/wp\/v2\/media\/14621"}],"wp:attachment":[{"href":"https:\/\/busondakika.com.tr\/index.php?rest_route=%2Fwp%2Fv2%2Fmedia&parent=14620"}],"wp:term":[{"taxonomy":"category","embeddable":true,"href":"https:\/\/busondakika.com.tr\/index.php?rest_route=%2Fwp%2Fv2%2Fcategories&post=14620"},{"taxonomy":"post_tag","embeddable":true,"href":"https:\/\/busondakika.com.tr\/index.php?rest_route=%2Fwp%2Fv2%2Ftags&post=14620"}],"curies":[{"name":"wp","href":"https:\/\/api.w.org\/{rel}","templated":true}]}}