{"id":14629,"date":"2026-05-03T11:28:50","date_gmt":"2026-05-03T11:28:50","guid":{"rendered":"https:\/\/busondakika.com.tr\/?p=14629"},"modified":"2026-05-03T11:28:50","modified_gmt":"2026-05-03T11:28:50","slug":"bornovada-zabita-denetimlerine-teknoloji-gucu","status":"publish","type":"post","link":"https:\/\/busondakika.com.tr\/?p=14629","title":{"rendered":"Bornova\u2019da zab\u0131ta denetimlerine teknoloji g\u00fcc\u00fc"},"content":{"rendered":"<p> Bornova Belediyesi\u00a0zab\u0131ta ekipleri, mobil uygulama ve ta\u015f\u0131nabilir yaz\u0131c\u0131 kullanarak kestikleri cezalar\u0131 i\u015fletmelere an\u0131nda tebli\u011f etmeye ba\u015flad\u0131.\u00a0S\u00fcvari Caddesi\u00a0ve\u00a0K\u00fc\u00e7\u00fckpark\u2019ta yap\u0131lan denetimlerde kald\u0131r\u0131m i\u015fgali ve ruhsat kontrolleri ger\u00e7ekle\u015ftirildi, uyar\u0131 ve cezalar uyguland\u0131.\u00a0\u00d6mer E\u015fki, uygulaman\u0131n kent d\u00fczeni ve adaletli denetim i\u00e7in \u00f6nemli oldu\u011funu vurgulad\u0131.<\/p>\n<p>Bornova Belediyesi\u00a0Zab\u0131ta \u0130\u015fleri M\u00fcd\u00fcrl\u00fc\u011f\u00fc, denetim s\u00fcre\u00e7lerinde teknolojiyi etkin kullanarak sahadaki m\u00fcdahale h\u0131z\u0131n\u0131 art\u0131rd\u0131. Zab\u0131ta ekipleri, mobil uygulama \u00fczerinden tespit ettikleri ihlallere ili\u015fkin cezalar\u0131n tutanaklar\u0131n\u0131, yanlar\u0131nda bulunan ta\u015f\u0131nabilir yaz\u0131c\u0131lar sayesinde an\u0131nda d\u00fczenleyerek ilgili i\u015fletmelere tebli\u011f edebiliyor.<\/p>\n<p><b>S\u00fcvari Caddesi ve K\u00fc\u00e7\u00fckpark\u2019ta s\u0131k\u0131 denetim<\/b><\/p>\n<p>Bu kapsamda il\u00e7enin en yo\u011fun noktalar\u0131ndan\u00a0S\u00fcvari Caddesi\u00a0ve\u00a0K\u00fc\u00e7\u00fckpark\u00a0b\u00f6lgelerinde kald\u0131r\u0131m i\u015fgali ve ruhsat denetimleri ger\u00e7ekle\u015ftirildi. Yap\u0131lan kontrollerde, kurallara ayk\u0131r\u0131 uygulamalarda bulunan i\u015fletmelere gerekli uyar\u0131lar yap\u0131l\u0131rken, mevzuata uymayanlara cezai i\u015flem uyguland\u0131.<\/p>\n<p>Denetimlerde \u00f6zellikle yayalar\u0131n ge\u00e7i\u015fini engelleyen i\u015fgaller mercek alt\u0131na al\u0131n\u0131rken, kamuya ait alanlar\u0131n amac\u0131na uygun kullan\u0131lmas\u0131 i\u00e7in gerekli ad\u0131mlar at\u0131ld\u0131.<\/p>\n<p><b>Ba\u015fkan E\u015fki: \u201cAmac\u0131m\u0131z d\u00fczeni sa\u011flamak ve e\u015fitli\u011fi korumak\u201d<\/b><\/p>\n<p>Bornova Belediye Ba\u015fkan\u0131\u00a0\u00d6mer E\u015fki, uygulaman\u0131n sahadaki etkinli\u011fi art\u0131rd\u0131\u011f\u0131n\u0131 belirterek, \u201cZab\u0131ta ekiplerimizin mobil uygulama ve ta\u015f\u0131nabilir yaz\u0131c\u0131larla donat\u0131lmas\u0131, denetimlerimizi daha h\u0131zl\u0131 ve \u015feffaf hale getirdi. \u0130hlaller an\u0131nda kay\u0131t alt\u0131na al\u0131n\u0131yor ve cezalar gecikmeden tebli\u011f ediliyor. Buradaki temel amac\u0131m\u0131z ceza yazmak de\u011fil; kent d\u00fczenini korumak, kald\u0131r\u0131mlar\u0131n vatanda\u015flar\u0131m\u0131z taraf\u0131ndan rahat\u00e7a kullan\u0131lmas\u0131n\u0131 sa\u011flamak ve t\u00fcm esnaf\u0131m\u0131z i\u00e7in adil bir ortam olu\u015fturmakt\u0131r. Bu anlay\u0131\u015fla denetimlerimizi s\u00fcrd\u00fcrece\u011fiz.\u201d diye konu\u015ftu.<\/p>\n<p>Bornova Belediyesi, teknolojiyi etkin kullanan denetim anlay\u0131\u015f\u0131yla hem vatanda\u015flar\u0131n ya\u015fam kalitesini art\u0131rmay\u0131 hem de kent d\u00fczenini kal\u0131c\u0131 \u015fekilde sa\u011flamay\u0131 hedefliyor.<\/p>\n<p>Kaynak: (BYZHA) Beyaz Haber Ajans\u0131<\/p>\n","protected":false},"excerpt":{"rendered":"<p>Bornova Belediyesi\u00a0zab\u0131ta ekipleri, mobil uygulama ve ta\u015f\u0131nabilir yaz\u0131c\u0131 kullanarak kestikleri cezalar\u0131 i\u015fletmelere an\u0131nda tebli\u011f etmeye ba\u015flad\u0131.<\/p>\n","protected":false},"author":1,"featured_media":14630,"comment_status":"open","ping_status":"open","sticky":false,"template":"","format":"standard","meta":{"footnotes":""},"categories":[21],"tags":[],"class_list":["post-14629","post","type-post","status-publish","format-standard","has-post-thumbnail","hentry","category-gundem"],"_links":{"self":[{"href":"https:\/\/busondakika.com.tr\/index.php?rest_route=\/wp\/v2\/posts\/14629","targetHints":{"allow":["GET"]}}],"collection":[{"href":"https:\/\/busondakika.com.tr\/index.php?rest_route=\/wp\/v2\/posts"}],"about":[{"href":"https:\/\/busondakika.com.tr\/index.php?rest_route=\/wp\/v2\/types\/post"}],"author":[{"embeddable":true,"href":"https:\/\/busondakika.com.tr\/index.php?rest_route=\/wp\/v2\/users\/1"}],"replies":[{"embeddable":true,"href":"https:\/\/busondakika.com.tr\/index.php?rest_route=%2Fwp%2Fv2%2Fcomments&post=14629"}],"version-history":[{"count":1,"href":"https:\/\/busondakika.com.tr\/index.php?rest_route=\/wp\/v2\/posts\/14629\/revisions"}],"predecessor-version":[{"id":14631,"href":"https:\/\/busondakika.com.tr\/index.php?rest_route=\/wp\/v2\/posts\/14629\/revisions\/14631"}],"wp:featuredmedia":[{"embeddable":true,"href":"https:\/\/busondakika.com.tr\/index.php?rest_route=\/wp\/v2\/media\/14630"}],"wp:attachment":[{"href":"https:\/\/busondakika.com.tr\/index.php?rest_route=%2Fwp%2Fv2%2Fmedia&parent=14629"}],"wp:term":[{"taxonomy":"category","embeddable":true,"href":"https:\/\/busondakika.com.tr\/index.php?rest_route=%2Fwp%2Fv2%2Fcategories&post=14629"},{"taxonomy":"post_tag","embeddable":true,"href":"https:\/\/busondakika.com.tr\/index.php?rest_route=%2Fwp%2Fv2%2Ftags&post=14629"}],"curies":[{"name":"wp","href":"https:\/\/api.w.org\/{rel}","templated":true}]}}