{"id":14638,"date":"2026-05-03T11:40:43","date_gmt":"2026-05-03T11:40:43","guid":{"rendered":"https:\/\/busondakika.com.tr\/?p=14638"},"modified":"2026-05-03T11:40:44","modified_gmt":"2026-05-03T11:40:44","slug":"kartepede-anlamli-is-birligi","status":"publish","type":"post","link":"https:\/\/busondakika.com.tr\/?p=14638","title":{"rendered":"Kartepe\u2019de Anlaml\u0131 \u0130\u015f Birli\u011fi"},"content":{"rendered":"<br \/>\n<article>Kartepe Belediyesi ve Kocaeli K\u0131z\u0131lay Kan Merkezi, toplumsal dayan\u0131\u015fman\u0131n en g\u00fczel \u00f6rneklerinden birine daha imza att\u0131. Geleneksel hale gelen kan ve k\u00f6k h\u00fccre ba\u011f\u0131\u015f\u0131 kampanyas\u0131n\u0131n 13\u2019\u00fcnc\u00fcs\u00fc ger\u00e7ekle\u015ftirildi. Belediye hizmet binas\u0131nda kurulan stantlar, g\u00fcn boyu ba\u011f\u0131\u015f\u00e7\u0131lar\u0131 a\u011f\u0131rlad\u0131.<\/p>\n<p><strong>\u201cBirbirimize Candan Ba\u011fl\u0131y\u0131z\u201d Slogan\u0131yla Yo\u011fun \u0130lgi<\/strong><\/p>\n<p>\u00a0\u201cBirbirimize Candan Ba\u011fl\u0131y\u0131z\u201d temas\u0131yla d\u00fczenlenen kampanya, Kartepeli vatanda\u015flardan ve belediye personelinden b\u00fcy\u00fck ilgi g\u00f6rd\u00fc. Kan stoklar\u0131n\u0131n g\u00fcncel tutulmas\u0131 ve k\u00f6k h\u00fccre bekleyen hastalara umut olunmas\u0131 hedeflenen etkinlikte, ba\u011f\u0131\u015f\u00e7\u0131lar kay\u0131t i\u015flemlerinin ard\u0131ndan doktor kontrol\u00fcnden ge\u00e7erek form doldurdu.<\/p>\n<p><strong>Hem Hayat Kurtard\u0131lar Hem Hediye Kazand\u0131lar<\/strong><\/p>\n<p>Kampanyaya kat\u0131larak toplumsal sorumluluk \u00f6rne\u011fi sergileyen vatanda\u015flar, yetkililer taraf\u0131ndan takdirle kar\u015f\u0131land\u0131. Ba\u011f\u0131\u015fta bulunan herkese, duyarl\u0131l\u0131klar\u0131ndan dolay\u0131 te\u015fekk\u00fcr edilerek g\u00fcn\u00fcn an\u0131s\u0131na hediye verildi. K\u0131z\u0131lay yetkilileri ve Kartepe belediye yetkilileri, kan ba\u011f\u0131\u015f\u0131n\u0131n sadece acil de\u011fil, s\u00fcrekli bir ihtiya\u00e7 oldu\u011funa dikkat \u00e7ekti.<\/p>\n<\/article>\n<p>Kaynak: (BYZHA) Beyaz Haber Ajans\u0131<\/p>\n","protected":false},"excerpt":{"rendered":"<p>Kartepe Belediyesi ve Kocaeli K\u0131z\u0131lay Kan Merkezi, toplumsal dayan\u0131\u015fman\u0131n en g\u00fczel \u00f6rneklerinden birine daha imza att\u0131.<\/p>\n","protected":false},"author":1,"featured_media":14639,"comment_status":"open","ping_status":"open","sticky":false,"template":"","format":"standard","meta":{"footnotes":""},"categories":[21],"tags":[],"class_list":["post-14638","post","type-post","status-publish","format-standard","has-post-thumbnail","hentry","category-gundem"],"_links":{"self":[{"href":"https:\/\/busondakika.com.tr\/index.php?rest_route=\/wp\/v2\/posts\/14638","targetHints":{"allow":["GET"]}}],"collection":[{"href":"https:\/\/busondakika.com.tr\/index.php?rest_route=\/wp\/v2\/posts"}],"about":[{"href":"https:\/\/busondakika.com.tr\/index.php?rest_route=\/wp\/v2\/types\/post"}],"author":[{"embeddable":true,"href":"https:\/\/busondakika.com.tr\/index.php?rest_route=\/wp\/v2\/users\/1"}],"replies":[{"embeddable":true,"href":"https:\/\/busondakika.com.tr\/index.php?rest_route=%2Fwp%2Fv2%2Fcomments&post=14638"}],"version-history":[{"count":1,"href":"https:\/\/busondakika.com.tr\/index.php?rest_route=\/wp\/v2\/posts\/14638\/revisions"}],"predecessor-version":[{"id":14640,"href":"https:\/\/busondakika.com.tr\/index.php?rest_route=\/wp\/v2\/posts\/14638\/revisions\/14640"}],"wp:featuredmedia":[{"embeddable":true,"href":"https:\/\/busondakika.com.tr\/index.php?rest_route=\/wp\/v2\/media\/14639"}],"wp:attachment":[{"href":"https:\/\/busondakika.com.tr\/index.php?rest_route=%2Fwp%2Fv2%2Fmedia&parent=14638"}],"wp:term":[{"taxonomy":"category","embeddable":true,"href":"https:\/\/busondakika.com.tr\/index.php?rest_route=%2Fwp%2Fv2%2Fcategories&post=14638"},{"taxonomy":"post_tag","embeddable":true,"href":"https:\/\/busondakika.com.tr\/index.php?rest_route=%2Fwp%2Fv2%2Ftags&post=14638"}],"curies":[{"name":"wp","href":"https:\/\/api.w.org\/{rel}","templated":true}]}}