{"id":14641,"date":"2026-05-03T11:40:45","date_gmt":"2026-05-03T11:40:45","guid":{"rendered":"https:\/\/busondakika.com.tr\/?p=14641"},"modified":"2026-05-03T11:40:46","modified_gmt":"2026-05-03T11:40:46","slug":"buyuksehir-ulasimda-motorize-ekip-kurdu","status":"publish","type":"post","link":"https:\/\/busondakika.com.tr\/?p=14641","title":{"rendered":"B\u00fcy\u00fck\u015fehir ula\u015f\u0131mda motorize ekip kurdu"},"content":{"rendered":"<p> Antalya B\u00fcy\u00fck\u015fehir Belediyesi, kent ula\u015f\u0131m\u0131nda g\u00fcvenli\u011fi ve hizmet kalitesini art\u0131rmak amac\u0131yla motorize ekip kurdu. Motorize ekipler, ar\u0131zalara ve trafik yo\u011funluklar\u0131na daha h\u0131zl\u0131 m\u00fcdahale edecek.\u00a0<\/p>\n<p>Antalya B\u00fcy\u00fck\u015fehir Belediyesi Ula\u015f\u0131m Dairesi Ba\u015fkanl\u0131\u011f\u0131, kent genelinde ula\u015f\u0131m hizmetlerinin daha g\u00fcvenli, h\u0131zl\u0131 ve konforlu \u015fekilde y\u00fcr\u00fct\u00fclmesi i\u00e7in sahadaki \u00e7al\u0131\u015fmalar\u0131n\u0131 aral\u0131ks\u0131z s\u00fcrd\u00fcr\u00fcyor. B\u00fcy\u00fck\u015fehir Trafik \u015eube M\u00fcd\u00fcrl\u00fc\u011f\u00fc b\u00fcnyesinde sinyalizasyon ar\u0131zalar\u0131, kav\u015fak yo\u011funluklar\u0131 ve trafik i\u015faret levhalar\u0131ndaki sorunlara daha h\u0131zl\u0131 m\u00fcdahale edilmesi amac\u0131yla yeni motorize ekipler kuruldu. Motorize ekipler, \u00f6zellikle trafi\u011fin yo\u011fun oldu\u011fu pik saatlerde ve uzaktan eri\u015fim ya da ak\u0131ll\u0131 kav\u015fak sisteminin bulunmad\u0131\u011f\u0131 noktalarda g\u00f6rev yapacak.<\/p>\n<p><strong>EK\u0130PLER 7\/24 G\u00d6REV BA\u015eINDA\u00a0<\/strong><\/p>\n<p>Antalya B\u00fcy\u00fck\u015fehir Belediyesi Ula\u015f\u0131m Dairesi Ba\u015fkanl\u0131\u011f\u0131 Trafik \u015eube M\u00fcd\u00fcrl\u00fc\u011f\u00fc Sinyalizasyon Birim Sorumlusu Onur Y\u0131ld\u0131z, ekiplerin 7 g\u00fcn 24 saat g\u00f6rev ba\u015f\u0131nda oldu\u011funu belirterek\u00a0 \u201cGerek b\u00f6lge saha sorumlusu arkada\u015flar\u0131m\u0131z\u0131n kontrolleri s\u0131ras\u0131nda, gerekse Trafik Kontrol Merkezi\u2019ndeki operat\u00f6rlerimizin izlenimleri neticesinde ar\u0131zalara m\u00fcdahale edecek. Yeni kurulan motorize ekiplerimiz sayesinde \u00f6zellikle pik saatler ba\u015fta olmak \u00fczere uzaktan eri\u015fim ve ak\u0131ll\u0131 kav\u015fak sisteminin olmad\u0131\u011f\u0131 noktalarda daha etkin g\u00f6rev al\u0131nacak. Ar\u0131zalara ve kav\u015fak yo\u011funluklar\u0131na \u00e7ok daha h\u0131zl\u0131 ve anl\u0131k m\u00fcdahaleler sa\u011flanacak. Yeni motorize ekiplerimiz sayesinde kav\u015faklarda olu\u015fan anl\u0131k yo\u011funluklara, ar\u0131zalara ve de\u011fi\u015fmesi gereken deforme olmu\u015f trafik levhalar\u0131na daha h\u0131zl\u0131 m\u00fcdahale sa\u011flam\u0131\u015f olaca\u011f\u0131z\u201d dedi.\u00a0<\/p>\n<p><strong>TOPLU TA\u015eIMAYA G\u00dcVENL\u0130 VE KONFORLU ULA\u015eIM DENET\u0130M\u0130<\/strong><\/p>\n<p>Ula\u015f\u0131m Dairesi Ba\u015fkanl\u0131\u011f\u0131 Toplu Ta\u015f\u0131ma \u015eube M\u00fcd\u00fcrl\u00fc\u011f\u00fc ekipleri de vatanda\u015flar\u0131n toplu ta\u015f\u0131ma hizmetlerinden g\u00fcvenli, konforlu ve sa\u011fl\u0131kl\u0131 ko\u015fullarda faydalanabilmesi amac\u0131yla halk otob\u00fcslerine y\u00f6nelik denetimlerini yo\u011fun bir \u015fekilde s\u00fcrd\u00fcr\u00fcyor. Yo\u011fun kullan\u0131lan duraklarda yap\u0131lan uygulamalarda, ara\u00e7lar\u0131n ve s\u00fcr\u00fcc\u00fclerin belirlenen kurallara uyup uymad\u0131\u011f\u0131 titizlikle incelendi. Denetimlerde halk otob\u00fcslerinin klima sistemleri, engelli rampalar\u0131, engelli koltuk kemerleri, ara\u00e7 i\u00e7i hijyen ko\u015fullar\u0131, s\u00fcr\u00fcc\u00fc evraklar\u0131 ve s\u00fcr\u00fcc\u00fclerin k\u0131l\u0131k k\u0131yafet kurallar\u0131na uygunlu\u011fu kontrol edildi. Ayr\u0131ca s\u00fcr\u00fc\u015f ve yolcu g\u00fcvenli\u011fini etkileyebilecek gereksiz aksesuar kullan\u0131m\u0131 ile haval\u0131 korna gibi mevzuata ayk\u0131r\u0131 eklemeler denetlendi.\u00a0<\/p>\n<p><strong>OTOB\u00dcS DURAKLARINDA DENET\u0130M<\/strong><\/p>\n<p>Antalya B\u00fcy\u00fck\u015fehir Belediyesi Ula\u015f\u0131m Dairesi Ba\u015fkanl\u0131\u011f\u0131 Toplu Ta\u015f\u0131ma \u015eube M\u00fcd\u00fcrl\u00fc\u011f\u00fc\u2019nde g\u00f6revli Saha \u015eefi H\u00fcseyin Yavuz, denetimlerin hizmet kalitesi ve vatanda\u015f memnuniyeti i\u00e7in s\u00fcrd\u00fcr\u00fcld\u00fc\u011f\u00fcn\u00fc ifade ederek, \u201cS\u00fcr\u00fc\u015f ve yolcu g\u00fcvenli\u011fini etkileyebilecek gereksiz aksesuar kullan\u0131m\u0131, haval\u0131 korna gibi eklemeler, otob\u00fcslerin klima sistemleri, engelli rampalar\u0131, engelli koltuk kemerleri, hijyen ko\u015fullar\u0131, s\u00fcr\u00fcc\u00fc evraklar\u0131 ve s\u00fcr\u00fcc\u00fclerin k\u0131l\u0131k k\u0131yafetleri denetimlerde tek tek kontrol edildi. Mevzuat kurallar\u0131na uygun olmayan uygulamalar i\u00e7in cezai i\u015flem uyguland\u0131\u201d diye konu\u015ftu.\u00a0<\/p>\n<p>Kaynak: (BYZHA) Beyaz Haber Ajans\u0131<\/p>\n","protected":false},"excerpt":{"rendered":"<p>Antalya B\u00fcy\u00fck\u015fehir Belediyesi, kent ula\u015f\u0131m\u0131nda g\u00fcvenli\u011fi ve hizmet kalitesini art\u0131rmak amac\u0131yla motorize ekip kurdu.<\/p>\n","protected":false},"author":1,"featured_media":14642,"comment_status":"open","ping_status":"open","sticky":false,"template":"","format":"standard","meta":{"footnotes":""},"categories":[21],"tags":[],"class_list":["post-14641","post","type-post","status-publish","format-standard","has-post-thumbnail","hentry","category-gundem"],"_links":{"self":[{"href":"https:\/\/busondakika.com.tr\/index.php?rest_route=\/wp\/v2\/posts\/14641","targetHints":{"allow":["GET"]}}],"collection":[{"href":"https:\/\/busondakika.com.tr\/index.php?rest_route=\/wp\/v2\/posts"}],"about":[{"href":"https:\/\/busondakika.com.tr\/index.php?rest_route=\/wp\/v2\/types\/post"}],"author":[{"embeddable":true,"href":"https:\/\/busondakika.com.tr\/index.php?rest_route=\/wp\/v2\/users\/1"}],"replies":[{"embeddable":true,"href":"https:\/\/busondakika.com.tr\/index.php?rest_route=%2Fwp%2Fv2%2Fcomments&post=14641"}],"version-history":[{"count":1,"href":"https:\/\/busondakika.com.tr\/index.php?rest_route=\/wp\/v2\/posts\/14641\/revisions"}],"predecessor-version":[{"id":14643,"href":"https:\/\/busondakika.com.tr\/index.php?rest_route=\/wp\/v2\/posts\/14641\/revisions\/14643"}],"wp:featuredmedia":[{"embeddable":true,"href":"https:\/\/busondakika.com.tr\/index.php?rest_route=\/wp\/v2\/media\/14642"}],"wp:attachment":[{"href":"https:\/\/busondakika.com.tr\/index.php?rest_route=%2Fwp%2Fv2%2Fmedia&parent=14641"}],"wp:term":[{"taxonomy":"category","embeddable":true,"href":"https:\/\/busondakika.com.tr\/index.php?rest_route=%2Fwp%2Fv2%2Fcategories&post=14641"},{"taxonomy":"post_tag","embeddable":true,"href":"https:\/\/busondakika.com.tr\/index.php?rest_route=%2Fwp%2Fv2%2Ftags&post=14641"}],"curies":[{"name":"wp","href":"https:\/\/api.w.org\/{rel}","templated":true}]}}