{"id":14665,"date":"2026-05-03T11:58:09","date_gmt":"2026-05-03T11:58:09","guid":{"rendered":"https:\/\/busondakika.com.tr\/?p=14665"},"modified":"2026-05-03T11:58:10","modified_gmt":"2026-05-03T11:58:10","slug":"osmangazide-aile-egitiminde-siddet-farkindaligi-ele-alindi","status":"publish","type":"post","link":"https:\/\/busondakika.com.tr\/?p=14665","title":{"rendered":"Osmangazi\u2019de Aile E\u011fitiminde \u015eiddet Fark\u0131ndal\u0131\u011f\u0131 Ele Al\u0131nd\u0131"},"content":{"rendered":"<p> Osmangazi Belediyesi taraf\u0131ndan aile i\u00e7i ileti\u015fimi g\u00fc\u00e7lendirmek, ebeveynlik becerilerini geli\u015ftirmek ve \u00e7ocuklar\u0131n sa\u011fl\u0131kl\u0131 bireyler olarak yeti\u015fmesine katk\u0131 sa\u011flamak amac\u0131yla d\u00fczenlenen e\u011fitim program\u0131nda, \u015fiddet konusu kapsaml\u0131 bir bak\u0131\u015f a\u00e7\u0131s\u0131yla ele al\u0131nd\u0131.<\/p>\n<p>Toplumun temel yap\u0131 ta\u015f\u0131 olan ailenin g\u00fc\u00e7lendirilmesi bilinciyle hareket eden Osmangazi Belediyesi, bu alandaki \u00e7al\u0131\u015fmalar\u0131n\u0131 istikrarl\u0131 bir \u015fekilde s\u00fcrd\u00fcrerek d\u00fczenledi\u011fi e\u011fitimler, seminerler ve at\u00f6lye etkinlikleri arac\u0131l\u0131\u011f\u0131yla her ya\u015ftan bireye ula\u015f\u0131yor. Bu kapsamda, Osmangazi Belediyesi\u2019nin \u201cG\u00fc\u00e7l\u00fc Aile, Sa\u011fl\u0131kl\u0131 Toplum\u201d yakla\u015f\u0131m\u0131n\u0131 temel alarak hayata ge\u00e7irdi\u011fi \u201cAna Baba Okulu\u201d projesinin d\u00f6rd\u00fcnc\u00fc oturumu Panorama 1326 Bursa Fetih M\u00fczesi\u2019nde ger\u00e7ekle\u015fti. Bursa Aile Dan\u0131\u015fmanlar\u0131 ve E\u011fitim Derne\u011fi i\u015f birli\u011fiyle d\u00fczenlenen oturuma ebeveynler yo\u011fun ilgi g\u00f6sterirken, \u2018aile i\u00e7i \u015fiddet\u2019 ba\u015fl\u0131\u011f\u0131nda alan\u0131nda uzman konu\u015fmac\u0131lar \u00f6nemli bilgilendirmelerde bulundu.<\/p>\n<p><b>\u201cFark\u0131ndal\u0131k Olu\u015fturmak Gerekiyor\u201d<\/b><\/p>\n<p>Aile i\u00e7i ileti\u015fimin g\u00fc\u00e7lendirilmesi, ebeveynlik becerilerinin geli\u015ftirilmesi ve \u00e7ocuklar\u0131n sa\u011fl\u0131kl\u0131 bireyler olarak yeti\u015fmesine katk\u0131 sunulmas\u0131 amac\u0131yla d\u00fczenlenen e\u011fitim program\u0131nda, \u015fiddet konusu geni\u015f bir perspektif ile al\u0131nd\u0131. Aile i\u00e7i \u015fiddet ve ihmalin yaln\u0131zca bireyleri de\u011fil, t\u00fcm toplumu etkileyen bir s\u00fcre\u00e7 oldu\u011funa dikkat \u00e7eken \u00c7ocuk Geli\u015fimi Uzman\u0131 ve Sosyolog \u00d6zge Alacan \u201cAile i\u00e7i \u015fiddetin ve ihmalin, t\u00fcm aile bireylerine ve topluma nas\u0131l gitti\u011fine dair uzanan bir yolculu\u011fu anlatt\u0131k. At\u00f6lyeler \u00fczerinden ilerledim \u00e7\u00fcnk\u00fc fark\u0131ndal\u0131k olu\u015fturmak gerekiyor. Bu fark\u0131ndal\u0131\u011f\u0131 da bir insan\u0131n, o zihin \u00e7er\u00e7evesi kal\u0131b\u0131nda yapmak gerekiyor. Sadece s\u00f6z de\u011fil, eylemler de i\u015fin i\u00e7erisine girdi\u011fi zaman, tam olarak bir sonu\u00e7 elde edebiliyoruz. G\u00fczel bir sunum oldu, fark\u0131ndal\u0131k olu\u015ftu\u011funu d\u00fc\u015f\u00fcn\u00fcyoruz.\u201d diye konu\u015ftu.<\/p>\n<p><b>\u201c\u00c7ocu\u011fun Nas\u0131l Etkilendi\u011fini Anlatt\u0131k\u201d<\/b><\/p>\n<p>Aile Dan\u0131\u015fman\u0131 ve Sosyolog Asiye Akar da \u201cAna Baba Okulu\u2019nda velilerimize \u015fiddetin ne oldu\u011funu, \u015fiddetin \u00e7e\u015fitlerini, \u00e7ocu\u011fun aile ikliminde bundan nas\u0131l etkilendi\u011fini anlatt\u0131k. Biraz anne babalar\u0131 kendi \u00e7ocuklu\u011funa g\u00f6t\u00fcrd\u00fck, sonra bug\u00fcnk\u00fc \u00e7ocuklar\u0131m\u0131z\u0131n hayat\u0131na biraz yak\u0131ndan bakt\u0131k ve \u015fiddetin iyile\u015fme yollar\u0131 nelerdir, \u00e7\u00f6z\u00fcm noktalar\u0131 nelerdir, gerekti\u011finde nerelere ba\u015fvurulur bunlar\u0131 ele ald\u0131k.\u201d ifadelerini kulland\u0131. Aile Dan\u0131\u015fman\u0131 Sevnur Y\u0131lmaz da aile i\u00e7inde ileti\u015fimin \u00f6nemini vurgulad\u0131klar\u0131n\u0131n alt\u0131n\u0131 \u00e7izerek, \u015fiddet durumlar\u0131nda ba\u015fvurulacak kurum ve kurulu\u015flara y\u00f6nelik bilgilendirmelerde bulunduklar\u0131n\u0131 kaydederek, \u015fiddetsiz bir yar\u0131nlar diledi.<\/p>\n<p>Oturumda uzmanlar\u0131n g\u00f6r\u00fc\u015flerini dikkatle dinleyen anne ve babalar, ayn\u0131 zamanda yap\u0131lan at\u00f6lye \u00e7al\u0131\u015fmalar\u0131yla da oturuma interaktif bir \u015fekilde dahil oldu.\u00a0<\/p>\n<p>Kaynak: (BYZHA) Beyaz Haber Ajans\u0131<\/p>\n","protected":false},"excerpt":{"rendered":"<p>Osmangazi Belediyesi taraf\u0131ndan aile i\u00e7i ileti\u015fimi g\u00fc\u00e7lendirmek, ebeveynlik becerilerini geli\u015ftirmek ve \u00e7ocuklar\u0131n sa\u011fl\u0131kl\u0131 bireyler olarak yeti\u015fmesine katk\u0131 sa\u011flamak amac\u0131yla d\u00fczenlenen e\u011fitim program\u0131nda, \u015fiddet konusu kapsaml\u0131 bir bak\u0131\u015f a\u00e7\u0131s\u0131yla ele al\u0131nd\u0131.<\/p>\n","protected":false},"author":1,"featured_media":14666,"comment_status":"open","ping_status":"open","sticky":false,"template":"","format":"standard","meta":{"footnotes":""},"categories":[21],"tags":[],"class_list":["post-14665","post","type-post","status-publish","format-standard","has-post-thumbnail","hentry","category-gundem"],"_links":{"self":[{"href":"https:\/\/busondakika.com.tr\/index.php?rest_route=\/wp\/v2\/posts\/14665","targetHints":{"allow":["GET"]}}],"collection":[{"href":"https:\/\/busondakika.com.tr\/index.php?rest_route=\/wp\/v2\/posts"}],"about":[{"href":"https:\/\/busondakika.com.tr\/index.php?rest_route=\/wp\/v2\/types\/post"}],"author":[{"embeddable":true,"href":"https:\/\/busondakika.com.tr\/index.php?rest_route=\/wp\/v2\/users\/1"}],"replies":[{"embeddable":true,"href":"https:\/\/busondakika.com.tr\/index.php?rest_route=%2Fwp%2Fv2%2Fcomments&post=14665"}],"version-history":[{"count":1,"href":"https:\/\/busondakika.com.tr\/index.php?rest_route=\/wp\/v2\/posts\/14665\/revisions"}],"predecessor-version":[{"id":14667,"href":"https:\/\/busondakika.com.tr\/index.php?rest_route=\/wp\/v2\/posts\/14665\/revisions\/14667"}],"wp:featuredmedia":[{"embeddable":true,"href":"https:\/\/busondakika.com.tr\/index.php?rest_route=\/wp\/v2\/media\/14666"}],"wp:attachment":[{"href":"https:\/\/busondakika.com.tr\/index.php?rest_route=%2Fwp%2Fv2%2Fmedia&parent=14665"}],"wp:term":[{"taxonomy":"category","embeddable":true,"href":"https:\/\/busondakika.com.tr\/index.php?rest_route=%2Fwp%2Fv2%2Fcategories&post=14665"},{"taxonomy":"post_tag","embeddable":true,"href":"https:\/\/busondakika.com.tr\/index.php?rest_route=%2Fwp%2Fv2%2Ftags&post=14665"}],"curies":[{"name":"wp","href":"https:\/\/api.w.org\/{rel}","templated":true}]}}