{"id":14677,"date":"2026-05-03T12:52:46","date_gmt":"2026-05-03T12:52:46","guid":{"rendered":"https:\/\/busondakika.com.tr\/?p=14677"},"modified":"2026-05-03T12:52:47","modified_gmt":"2026-05-03T12:52:47","slug":"konakta-yangin","status":"publish","type":"post","link":"https:\/\/busondakika.com.tr\/?p=14677","title":{"rendered":"Konak&#8217;ta yang\u0131n"},"content":{"rendered":"<p> Konak&#8217;ta \u00fc\u00e7 katl\u0131 bir binan\u0131n \u00fc\u00e7\u00fcnc\u00fc kat\u0131nda gece \u00e7\u0131kan yang\u0131na \u0130zmir B\u00fcy\u00fck\u015fehir Belediyesi \u0130tfaiye ekipleri h\u0131zl\u0131 bir \u015fekilde m\u00fcdahale etti. Yang\u0131n\u0131n ard\u0131ndan evde bulunan d\u00f6rt \u00e7ocuktan \u00fc\u00e7\u00fc g\u00fcvenli bir \u015fekilde tahliye edildi, ancak bir \u00e7ocuk ya\u015fam\u0131n\u0131 yitirdi.<\/p>\n<p>Konak Ak\u0131nc\u0131 Mahallesi 1298 Sokak&#8217;ta bulunan \u00fc\u00e7 katl\u0131 bir binan\u0131n \u00fc\u00e7\u00fcnc\u00fc kat\u0131nda gece \u00e7\u0131kan yang\u0131na, \u0130zmir B\u00fcy\u00fck\u015fehir Belediyesi \u0130tfaiye ekipleri h\u0131zl\u0131 bir \u015fekilde m\u00fcdahale etti. Yang\u0131n ihbar\u0131n\u0131n al\u0131nmas\u0131n\u0131n ard\u0131ndan k\u0131sa s\u00fcrede olay yerine 6 ara\u00e7 ve 18 personel y\u00f6nlendirildi.\u00a0 Ekiplerin koordineli \u00e7al\u0131\u015fmalar\u0131 sonucu yang\u0131n kontrol alt\u0131na al\u0131nd\u0131. Evde bulunan d\u00f6rt \u00e7ocuktan ikisi vatanda\u015flar taraf\u0131ndan, biri ise itfaiye ekipleri taraf\u0131ndan g\u00fcvenli bir \u015fekilde tahliye edildi. Di\u011fer \u00e7ocu\u011fun ise ya\u015fam\u0131n\u0131 yitirdi\u011fi bilgisi al\u0131nd\u0131. Kurtar\u0131lan \u00fc\u00e7 \u00e7ocuk hastaneye sevk edilerek tedavi alt\u0131na al\u0131nd\u0131. Yang\u0131n\u0131n \u00e7\u0131k\u0131\u015f nedeni ile ilgili ara\u015ft\u0131rma s\u00fcr\u00fcyor.\u00a0<\/p>\n<p>Kaynak: (BYZHA) Beyaz Haber Ajans\u0131<\/p>\n","protected":false},"excerpt":{"rendered":"<p>Konak&#8217;ta \u00fc\u00e7 katl\u0131 bir binan\u0131n \u00fc\u00e7\u00fcnc\u00fc kat\u0131nda gece \u00e7\u0131kan yang\u0131na \u0130zmir B\u00fcy\u00fck\u015fehir Belediyesi \u0130tfaiye ekipleri h\u0131zl\u0131 bir \u015fekilde m\u00fcdahale etti.<\/p>\n","protected":false},"author":1,"featured_media":14678,"comment_status":"open","ping_status":"open","sticky":false,"template":"","format":"standard","meta":{"footnotes":""},"categories":[21],"tags":[],"class_list":["post-14677","post","type-post","status-publish","format-standard","has-post-thumbnail","hentry","category-gundem"],"_links":{"self":[{"href":"https:\/\/busondakika.com.tr\/index.php?rest_route=\/wp\/v2\/posts\/14677","targetHints":{"allow":["GET"]}}],"collection":[{"href":"https:\/\/busondakika.com.tr\/index.php?rest_route=\/wp\/v2\/posts"}],"about":[{"href":"https:\/\/busondakika.com.tr\/index.php?rest_route=\/wp\/v2\/types\/post"}],"author":[{"embeddable":true,"href":"https:\/\/busondakika.com.tr\/index.php?rest_route=\/wp\/v2\/users\/1"}],"replies":[{"embeddable":true,"href":"https:\/\/busondakika.com.tr\/index.php?rest_route=%2Fwp%2Fv2%2Fcomments&post=14677"}],"version-history":[{"count":1,"href":"https:\/\/busondakika.com.tr\/index.php?rest_route=\/wp\/v2\/posts\/14677\/revisions"}],"predecessor-version":[{"id":14679,"href":"https:\/\/busondakika.com.tr\/index.php?rest_route=\/wp\/v2\/posts\/14677\/revisions\/14679"}],"wp:featuredmedia":[{"embeddable":true,"href":"https:\/\/busondakika.com.tr\/index.php?rest_route=\/wp\/v2\/media\/14678"}],"wp:attachment":[{"href":"https:\/\/busondakika.com.tr\/index.php?rest_route=%2Fwp%2Fv2%2Fmedia&parent=14677"}],"wp:term":[{"taxonomy":"category","embeddable":true,"href":"https:\/\/busondakika.com.tr\/index.php?rest_route=%2Fwp%2Fv2%2Fcategories&post=14677"},{"taxonomy":"post_tag","embeddable":true,"href":"https:\/\/busondakika.com.tr\/index.php?rest_route=%2Fwp%2Fv2%2Ftags&post=14677"}],"curies":[{"name":"wp","href":"https:\/\/api.w.org\/{rel}","templated":true}]}}