{"id":3003,"date":"2026-03-14T00:42:32","date_gmt":"2026-03-14T00:42:32","guid":{"rendered":"https:\/\/busondakika.com.tr\/?p=3003"},"modified":"2026-03-14T00:42:33","modified_gmt":"2026-03-14T00:42:33","slug":"ara-tatil-keyfi-gebzede-yasanacak","status":"publish","type":"post","link":"https:\/\/busondakika.com.tr\/?p=3003","title":{"rendered":"Ara tatil keyfi Gebze\u2019de ya\u015fanacak"},"content":{"rendered":"<p> Kocaeli B\u00fcy\u00fck\u015fehir Belediyesi\u2019nin \u00f6\u011frenciler i\u00e7in ara tatilde organize edece\u011fi birbirinden farkl\u0131 etkinlik Gebze Osman Hamdi Bey K\u00fclt\u00fcr Merkezi\u2019nde ger\u00e7ekle\u015fecek. Dolu dolu ge\u00e7ecek etkinliklere t\u00fcm gen\u00e7ler davetli.<\/p>\n<p><b>B\u0130R\u00c7OK FARKLI ETK\u0130NL\u0130K VAR<\/b><\/p>\n<p>Kocaeli B\u00fcy\u00fck\u015fehir Belediyesi ara tatilde \u00f6\u011frenciler i\u00e7in bir\u00e7ok farkl\u0131 etkinlik organize edecek. B\u00fcy\u00fck\u015fehir\u2019in bu etkinlikleri ile\u00a02025-2026\u00a0e\u011fitim \u00f6\u011fretim y\u0131l\u0131n\u0131n ikinci ara tatiline ba\u015flayan \u00f6\u011frenciler keyif dolu anlar ya\u015fayacak. Gebze Osman Hamdi Bey K\u00fclt\u00fcr Merkezi\u2019nde ger\u00e7ekle\u015ftirilecek etkinliklerde, \u00e7ocuklar sahne ve tiyatro g\u00f6sterilerinin yan\u0131 s\u0131ra e\u011fitici at\u00f6lyelere kat\u0131lacak.<\/p>\n<p><b>CUMARTES\u0130 (YARIN) BA\u015eLIYOR<\/b><\/p>\n<p>Kocaeli B\u00fcy\u00fck\u015fehir\u2019in ara tatil etkinlikleri iki seans halinde d\u00fczenlenecek. Sahne etkinlikleri 14,15, 16, 17 ve 18 Mart tarihlerinde, 12.00-14.00 saatlerinde yap\u0131lacak. At\u00f6lye \u00e7al\u0131\u015fmalar\u0131 ise 17-18 Mart tarihlerinde, 11.00-13.00 saatlerinde ger\u00e7ekle\u015ftirilecek. 18 Mart \u00c7ar\u015famba g\u00fcn\u00fcne kadar devam edecek olan ara tatil etkinlik takvimi \u015f\u00f6yle:<br \/>\u00a0<\/p>\n<p><b>SAHNE G\u00d6STER\u0130LER\u0130<\/b><\/p>\n<p>14 Mart Cumartesi\u00a0\u00a0\u00a0 Volkan Abi \u00c7ocuk \u015eark\u0131lar\u0131<\/p>\n<p>15 Mart Pazar\u00a0\u00a0\u00a0\u00a0\u00a0\u00a0\u00a0\u00a0\u00a0\u00a0\u00a0 Bir Masal Bir \u015eark\u0131<\/p>\n<p>16 Mart Pazartesi\u00a0\u00a0\u00a0\u00a0\u00a0 Krali\u00e7e Maya<\/p>\n<p>17 Mart Sal\u0131\u00a0\u00a0\u00a0\u00a0\u00a0\u00a0\u00a0\u00a0\u00a0\u00a0\u00a0\u00a0\u00a0\u00a0 \u015ea\u015fk\u0131n Korsan<\/p>\n<p>18 Mart \u00c7ar\u015famba\u00a0\u00a0\u00a0 Gazi Dede<\/p>\n<p><b>10-16 YA\u015e ARASINDAK\u0130 \u00d6\u011eRENC\u0130LER\u0130N KATILACA\u011eI<\/b><\/p>\n<p><b>AT\u00d6LYE ETK\u0130NL\u0130KLER\u0130<\/b><\/p>\n<p><b>Murano Cam Boncuk At\u00f6lyesi<\/b><\/p>\n<p>17 Mart\u00a0 Sal\u0131\u00a0\u00a0\u00a0\u00a0\u00a0\u00a0\u00a0\u00a0\u00a0\u00a0 (11.00 ve 13.00)<\/p>\n<p>18 Mart \u00c7ar\u015famba (11.00 ve 13.00) \u00a0\u00a0\u00a0\u00a0\u00a0\u00a0\u00a0\u00a0\u00a0\u00a0\u00a0<\/p>\n<p>\u00a0<\/p>\n<p>Kaynak: (BYZHA) Beyaz Haber Ajans\u0131<\/p>\n","protected":false},"excerpt":{"rendered":"<p>Kocaeli B\u00fcy\u00fck\u015fehir Belediyesi\u2019nin \u00f6\u011frenciler i\u00e7in ara tatilde organize edece\u011fi birbirinden farkl\u0131 etkinlik Gebze Osman Hamdi Bey K\u00fclt\u00fcr Merkezi\u2019nde ger\u00e7ekle\u015fecek.<\/p>\n","protected":false},"author":1,"featured_media":3004,"comment_status":"open","ping_status":"open","sticky":false,"template":"","format":"standard","meta":{"footnotes":""},"categories":[21],"tags":[],"class_list":["post-3003","post","type-post","status-publish","format-standard","has-post-thumbnail","hentry","category-gundem"],"_links":{"self":[{"href":"https:\/\/busondakika.com.tr\/index.php?rest_route=\/wp\/v2\/posts\/3003","targetHints":{"allow":["GET"]}}],"collection":[{"href":"https:\/\/busondakika.com.tr\/index.php?rest_route=\/wp\/v2\/posts"}],"about":[{"href":"https:\/\/busondakika.com.tr\/index.php?rest_route=\/wp\/v2\/types\/post"}],"author":[{"embeddable":true,"href":"https:\/\/busondakika.com.tr\/index.php?rest_route=\/wp\/v2\/users\/1"}],"replies":[{"embeddable":true,"href":"https:\/\/busondakika.com.tr\/index.php?rest_route=%2Fwp%2Fv2%2Fcomments&post=3003"}],"version-history":[{"count":1,"href":"https:\/\/busondakika.com.tr\/index.php?rest_route=\/wp\/v2\/posts\/3003\/revisions"}],"predecessor-version":[{"id":3005,"href":"https:\/\/busondakika.com.tr\/index.php?rest_route=\/wp\/v2\/posts\/3003\/revisions\/3005"}],"wp:featuredmedia":[{"embeddable":true,"href":"https:\/\/busondakika.com.tr\/index.php?rest_route=\/wp\/v2\/media\/3004"}],"wp:attachment":[{"href":"https:\/\/busondakika.com.tr\/index.php?rest_route=%2Fwp%2Fv2%2Fmedia&parent=3003"}],"wp:term":[{"taxonomy":"category","embeddable":true,"href":"https:\/\/busondakika.com.tr\/index.php?rest_route=%2Fwp%2Fv2%2Fcategories&post=3003"},{"taxonomy":"post_tag","embeddable":true,"href":"https:\/\/busondakika.com.tr\/index.php?rest_route=%2Fwp%2Fv2%2Ftags&post=3003"}],"curies":[{"name":"wp","href":"https:\/\/api.w.org\/{rel}","templated":true}]}}