{"id":3009,"date":"2026-03-14T00:42:35","date_gmt":"2026-03-14T00:42:35","guid":{"rendered":"https:\/\/busondakika.com.tr\/?p=3009"},"modified":"2026-03-14T00:42:36","modified_gmt":"2026-03-14T00:42:36","slug":"buyuksehirde-hizmetin-saati-yok","status":"publish","type":"post","link":"https:\/\/busondakika.com.tr\/?p=3009","title":{"rendered":"B\u00fcy\u00fck\u015fehir\u2019de hizmetin saati yok"},"content":{"rendered":"<p> Kocaeli B\u00fcy\u00fck\u015fehir Belediyesi\u2019nde hizmetin saati yok. Ekipler, trafik ak\u0131\u015f\u0131n\u0131 olumsuz etkilememek amac\u0131yla t\u00fcm \u015fehir uykuda iken pek \u00e7ok noktay\u0131 elden ge\u00e7iriyor. Bu kapsamda kentin farkl\u0131 noktalar\u0131nda tretuvar tamirat\u0131, asfalt yama, mazgal temizli\u011fi ve trafik g\u00fcvenli\u011fi d\u00fczenlemeleri trafi\u011fin olmad\u0131\u011f\u0131 gece saatlerinde yap\u0131l\u0131yor.<\/p>\n<p><b>BA\u015e\u0130SKELE\u2019DE TRETUVAR TAM\u0130RATI TAMAMLANDI<\/b><\/p>\n<p>Daha ya\u015fanabilir ve ula\u015f\u0131labilir bir Kocaeli hedefiyle 12 il\u00e7ede yo\u011fun emek harcayan B\u00fcy\u00fck\u015fehir Belediyesi, gece g\u00fcnd\u00fcz demeden \u00e7al\u0131\u015f\u0131yor.<\/p>\n<p>Bu kapsamda Ba\u015fiskele il\u00e7esi Ayd\u0131nkent Mahallesi E\u015fref Bitlis Caddesi\u2019nde tretuvar tamirat\u0131 \u00e7al\u0131\u015fmalar\u0131 gece saatlerinde tamamlanarak vatanda\u015flar\u0131n kullan\u0131m\u0131na sunuldu. Yaya g\u00fcvenli\u011fini art\u0131rmak ve konforlu ula\u015f\u0131m\u0131 sa\u011flamak amac\u0131yla ger\u00e7ekle\u015ftirilen \u00e7al\u0131\u015fma k\u0131sa s\u00fcrede sonu\u00e7land\u0131r\u0131ld\u0131.<\/p>\n<p><b>\u0130ZM\u0130T\u2019TE G\u00dcVENL\u0130K VE ALTYAPI \u00c7ALI\u015eMALARI<\/b><\/p>\n<p>\u0130zmit il\u00e7esi \u0130n\u00f6n\u00fc Caddesi \u00fczerinde yerinden \u00e7\u0131kan demir delinat\u00f6rlerin montaj\u0131 yeniden yap\u0131larak trafik g\u00fcvenli\u011fi sa\u011fland\u0131. Ye\u015filova Mahallesi G\u00fcndo\u011fdu Caddesi\u2019nde ise mazgal temizli\u011fi \u00e7al\u0131\u015fmas\u0131 ger\u00e7ekle\u015ftirilerek ya\u011fmur suyu hatlar\u0131n\u0131n sa\u011fl\u0131kl\u0131 \u015fekilde \u00e7al\u0131\u015fmas\u0131 g\u00fcvence alt\u0131na al\u0131nd\u0131. Ayr\u0131ca Prof. Dr. Baki Komsuo\u011flu Bulvar\u0131\u2019nda asfalt yama \u00e7al\u0131\u015fmas\u0131 tamamlanarak s\u00fcr\u00fc\u015f konforu art\u0131r\u0131ld\u0131.<\/p>\n<p><b>DER\u0130NCE\u2019DE ASFALT YAMA \u00c7ALI\u015eMASI<\/b><\/p>\n<p>Derince il\u00e7esi S\u0131rr\u0131pa\u015fa Mahallesi Vatan Caddesi\u2019nde asfalt yama serim \u00e7al\u0131\u015fmas\u0131 tamamland\u0131. Yol y\u00fczeyindeki deformasyonlar giderilerek g\u00fcvenli ve konforlu ula\u015f\u0131m sa\u011fland\u0131.<\/p>\n<p><b>H\u0130ZMET\u0130N GECES\u0130 G\u00dcND\u00dcZ\u00dc YOK<\/b><\/p>\n<p>Kocaeli B\u00fcy\u00fck\u015fehir Belediyesi ekipleri, vatanda\u015flar\u0131n g\u00fcnl\u00fck ya\u015fam\u0131n\u0131n aksamamas\u0131 i\u00e7in bir\u00e7ok \u00e7al\u0131\u015fmay\u0131 gece saatlerinde ger\u00e7ekle\u015ftiriyor. \u201cKocaeli uyurken ekipler sahada\u201d anlay\u0131\u015f\u0131yla hareket eden B\u00fcy\u00fck\u015fehir, kentin d\u00f6rt bir yan\u0131nda bak\u0131m, onar\u0131m ve yenileme \u00e7al\u0131\u015fmalar\u0131n\u0131 aral\u0131ks\u0131z s\u00fcrd\u00fcr\u00fcyor. B\u00fcy\u00fck\u015fehir yetkilileri; daha g\u00fcvenli yollar, daha konforlu kald\u0131r\u0131mlar ve daha sa\u011flam altyap\u0131 i\u00e7in \u00e7al\u0131\u015fmalar\u0131n planl\u0131 ve programl\u0131 \u015fekilde devam edece\u011fini bildirdi.<\/p>\n<p>\u00a0<\/p>\n<p>\u00a0<\/p>\n<p>Kaynak: (BYZHA) Beyaz Haber Ajans\u0131<\/p>\n","protected":false},"excerpt":{"rendered":"<p>Kocaeli B\u00fcy\u00fck\u015fehir Belediyesi\u2019nde hizmetin saati yok.<\/p>\n","protected":false},"author":1,"featured_media":3010,"comment_status":"open","ping_status":"open","sticky":false,"template":"","format":"standard","meta":{"footnotes":""},"categories":[21],"tags":[],"class_list":["post-3009","post","type-post","status-publish","format-standard","has-post-thumbnail","hentry","category-gundem"],"_links":{"self":[{"href":"https:\/\/busondakika.com.tr\/index.php?rest_route=\/wp\/v2\/posts\/3009","targetHints":{"allow":["GET"]}}],"collection":[{"href":"https:\/\/busondakika.com.tr\/index.php?rest_route=\/wp\/v2\/posts"}],"about":[{"href":"https:\/\/busondakika.com.tr\/index.php?rest_route=\/wp\/v2\/types\/post"}],"author":[{"embeddable":true,"href":"https:\/\/busondakika.com.tr\/index.php?rest_route=\/wp\/v2\/users\/1"}],"replies":[{"embeddable":true,"href":"https:\/\/busondakika.com.tr\/index.php?rest_route=%2Fwp%2Fv2%2Fcomments&post=3009"}],"version-history":[{"count":1,"href":"https:\/\/busondakika.com.tr\/index.php?rest_route=\/wp\/v2\/posts\/3009\/revisions"}],"predecessor-version":[{"id":3011,"href":"https:\/\/busondakika.com.tr\/index.php?rest_route=\/wp\/v2\/posts\/3009\/revisions\/3011"}],"wp:featuredmedia":[{"embeddable":true,"href":"https:\/\/busondakika.com.tr\/index.php?rest_route=\/wp\/v2\/media\/3010"}],"wp:attachment":[{"href":"https:\/\/busondakika.com.tr\/index.php?rest_route=%2Fwp%2Fv2%2Fmedia&parent=3009"}],"wp:term":[{"taxonomy":"category","embeddable":true,"href":"https:\/\/busondakika.com.tr\/index.php?rest_route=%2Fwp%2Fv2%2Fcategories&post=3009"},{"taxonomy":"post_tag","embeddable":true,"href":"https:\/\/busondakika.com.tr\/index.php?rest_route=%2Fwp%2Fv2%2Ftags&post=3009"}],"curies":[{"name":"wp","href":"https:\/\/api.w.org\/{rel}","templated":true}]}}