{"id":3018,"date":"2026-03-14T00:42:39","date_gmt":"2026-03-14T00:42:39","guid":{"rendered":"https:\/\/busondakika.com.tr\/?p=3018"},"modified":"2026-03-14T00:42:40","modified_gmt":"2026-03-14T00:42:40","slug":"buyuksehir-toplu-tasima-filosuna-19-yeni-otobus-daha-katti","status":"publish","type":"post","link":"https:\/\/busondakika.com.tr\/?p=3018","title":{"rendered":"B\u00fcy\u00fck\u015fehir toplu ta\u015f\u0131ma filosuna 19 yeni otob\u00fcs daha katt\u0131"},"content":{"rendered":"<p> <span style=\"font-size:12pt\"><span style=\"font-family:Cambria,serif\"><span style=\",serif\">Antalya B\u00fcy\u00fck\u015fehir Belediyesi, tamam\u0131 kendi \u00f6z kaynaklar\u0131yla 12 metrelik 19 yeni k\u0131rm\u0131z\u0131 otob\u00fcs\u00fc daha toplu ula\u015f\u0131ma dahil ederek Antalyal\u0131lara daha konforlu ve g\u00fcvenli bir ula\u015f\u0131m hizmeti sunmak i\u00e7in \u00f6nemli bir ad\u0131m att\u0131. Yeni al\u0131nan otob\u00fcsleri tan\u0131tan B\u00fcy\u00fck\u015fehir Belediyesi Ba\u015fkan Vekili B\u00fc\u015fra \u00d6zdemir, \u201c<span style=\"color:black\">B\u00fcy\u00fck\u015fehir Belediyesi olarak s\u00fcrd\u00fcr\u00fclebilir, bu kentte rahat bir ula\u015f\u0131m i\u00e7in yat\u0131r\u0131mlar\u0131m\u0131za devam ediyoruz. Antalyal\u0131lar\u0131 g\u00fcvenli, rahat, konforlu bir \u015fekilde ula\u015ft\u0131rmaya devam edece\u011fiz\u201d dedi. <\/span><\/span><\/span><\/span><\/p>\n<p><span style=\"font-size:12pt\"><span style=\"font-family:Cambria,serif\"><span style=\",serif\"><span style=\"color:black\">Antalya B\u00fcy\u00fck\u015fehir Belediyesi ta\u015f\u0131nan\u0131n ve ta\u015f\u0131yan\u0131n mutlu oldu\u011fu bir toplu ula\u015f\u0131m i\u00e7in <\/span><\/span><span style=\",serif\">12 metrelik, 19 yeni k\u0131rm\u0131z\u0131 otob\u00fcs daha alarak ara\u00e7 filosunu g\u00fc\u00e7lendirdi. B\u00fcy\u00fck\u015fehir Belediyesi Ana Hizmet Binas\u0131 \u00f6n\u00fcnde ger\u00e7ekle\u015ftirilen tan\u0131t\u0131m t\u00f6renine Antalya B\u00fcy\u00fck\u015fehir Belediyesi Ba\u015fkan Vekili B\u00fc\u015fra \u00d6zdemir, CHP Antalya \u0130l Ba\u015fkan\u0131 Nail Kamac\u0131, milletvekilleri, belediye ba\u015fkanlar\u0131, meclis \u00fcyeleri, STK ve meslek odas\u0131 ba\u015fkanlar\u0131 kat\u0131ld\u0131. Ba\u015fkan Vekili B\u00fc\u015fra \u00d6zdemir, 9\u2019u hibrit olmak \u00fczere toplamda 19 modern donan\u0131ma sahip otob\u00fcs\u00fc inceleyerek, Antalya halk\u0131na hay\u0131rl\u0131 olmas\u0131n\u0131 diledi. <\/span><\/span><\/span><\/p>\n<p><span style=\"font-size:12pt\"><span style=\"font-family:Cambria,serif\"><span style=\",serif\"><span style=\"color:black\">ANTALYA\u2019MIZA HAYIRLI OLSUN<\/span><\/span><\/span><\/span><\/p>\n<p><span style=\"font-size:12pt\"><span style=\"font-family:Cambria,serif\"><span style=\",serif\"><span style=\"color:black\">\u2018Gurur ve mutluluk duydu\u011fum bir tabloyla kar\u015f\u0131n\u0131zday\u0131z\u2019 diyerek bas\u0131n mensuplar\u0131na a\u00e7\u0131klama yapan Ba\u015fkan Vekili B\u00fc\u015fra \u00d6zdemir, \u201cGe\u00e7en ay yine gururlu \u015fekilde kar\u015f\u0131n\u0131za \u00e7\u0131km\u0131\u015ft\u0131k. Yine kendi \u00f6z kaynaklar\u0131m\u0131zla ula\u015f\u0131m alan\u0131nda yapt\u0131\u011f\u0131m\u0131z yat\u0131r\u0131mlar\u0131m\u0131z\u0131n ilk teslimat\u0131 19 otob\u00fcs\u00fcm\u00fcz belediyemizin \u00f6n\u00fcnde. Antalya B\u00fcy\u00fck\u015fehir Belediyesi olarak, s\u00fcrd\u00fcr\u00fclebilir, bu kentte rahat bir ula\u015f\u0131m i\u00e7in yat\u0131r\u0131mlar\u0131m\u0131za devam ediyoruz. Bu ald\u0131\u011f\u0131m\u0131z otob\u00fcslerle s\u0131n\u0131rl\u0131 de\u011fil tabi yat\u0131r\u0131mlar\u0131m\u0131z. Y\u0131l boyunca otob\u00fcs al\u0131m\u0131m\u0131z devam edecek. Antalyal\u0131lar\u0131 g\u00fcvenli ve konforlu bir \u015fekilde ula\u015ft\u0131rmaya devam edece\u011fiz. Muhittin Ba\u015fkan\u0131m\u0131z\u0131n bizlere b\u0131rakt\u0131\u011f\u0131 mali disiplini y\u00fcksek iyi b\u00fct\u00e7emiz sayesinde bu yat\u0131r\u0131mlar\u0131 yap\u0131yoruz\u201d ifadelerini kulland\u0131. <\/span><\/span><\/span><\/span><\/p>\n<p><span style=\"font-size:12pt\"><span style=\"font-family:Cambria,serif\"><span style=\",serif\"><span style=\"color:black\">BA\u015eKAN VEK\u0130L\u0130 \u00d6ZDEM\u0130R D\u0130REKS\u0130YONA GE\u00c7T\u0130<\/span><\/span><\/span><\/span><\/p>\n<p><span style=\"font-size:12pt\"><span style=\"font-family:Cambria,serif\"><span style=\",serif\"><span style=\"color:black\">Ba\u015fkan Vekili B\u00fc\u015fra \u00d6zdemir, daha sonra otob\u00fcsleri gezerek, bilgi ald\u0131. Direksiyonun ba\u015f\u0131na ge\u00e7en B\u00fc\u015fra \u00d6zdemir, bas\u0131n mensuplar\u0131na poz verdi. Ba\u015fkan Vekili \u00d6zdemir, otob\u00fcs \u015fof\u00f6rlerine yeni otob\u00fcslerin hay\u0131rl\u0131 olmas\u0131n\u0131 diledi. 9<\/span><\/span><span style=\",serif\"> tanesi hibrit, 10 tanesi dizel olan otob\u00fcsler k\u0131sa s\u00fcre i\u00e7erisinde farkl\u0131 hatlarda hizmet vermeye ba\u015flayacak. Konforlu i\u00e7 tasar\u0131m\u0131yla \u00f6ne \u00e7\u0131kan ara\u00e7lar\u0131n, \u00f6zellikle yo\u011fun hatlarda ya\u015fanan yolcu yo\u011funlu\u011funu azaltmas\u0131 ve sefer d\u00fczenini rahatlatmas\u0131 hedefleniyor. <\/span><\/span><\/span><\/p>\n<p>\u00a0<\/p>\n<p>\u00a0<\/p>\n<p>Kaynak: (BYZHA) Beyaz Haber Ajans\u0131<\/p>\n","protected":false},"excerpt":{"rendered":"<p>Antalya B\u00fcy\u00fck\u015fehir Belediyesi, tamam\u0131 kendi \u00f6z kaynaklar\u0131yla 12 metrelik 19 yeni k\u0131rm\u0131z\u0131 otob\u00fcs\u00fc daha toplu ula\u015f\u0131ma dahil ederek Antalyal\u0131lara daha konforlu ve g\u00fcvenli bir ula\u015f\u0131m hizmeti sunmak i\u00e7in \u00f6nemli bir ad\u0131m att\u0131.<\/p>\n","protected":false},"author":1,"featured_media":3019,"comment_status":"open","ping_status":"open","sticky":false,"template":"","format":"standard","meta":{"footnotes":""},"categories":[21],"tags":[],"class_list":["post-3018","post","type-post","status-publish","format-standard","has-post-thumbnail","hentry","category-gundem"],"_links":{"self":[{"href":"https:\/\/busondakika.com.tr\/index.php?rest_route=\/wp\/v2\/posts\/3018","targetHints":{"allow":["GET"]}}],"collection":[{"href":"https:\/\/busondakika.com.tr\/index.php?rest_route=\/wp\/v2\/posts"}],"about":[{"href":"https:\/\/busondakika.com.tr\/index.php?rest_route=\/wp\/v2\/types\/post"}],"author":[{"embeddable":true,"href":"https:\/\/busondakika.com.tr\/index.php?rest_route=\/wp\/v2\/users\/1"}],"replies":[{"embeddable":true,"href":"https:\/\/busondakika.com.tr\/index.php?rest_route=%2Fwp%2Fv2%2Fcomments&post=3018"}],"version-history":[{"count":1,"href":"https:\/\/busondakika.com.tr\/index.php?rest_route=\/wp\/v2\/posts\/3018\/revisions"}],"predecessor-version":[{"id":3020,"href":"https:\/\/busondakika.com.tr\/index.php?rest_route=\/wp\/v2\/posts\/3018\/revisions\/3020"}],"wp:featuredmedia":[{"embeddable":true,"href":"https:\/\/busondakika.com.tr\/index.php?rest_route=\/wp\/v2\/media\/3019"}],"wp:attachment":[{"href":"https:\/\/busondakika.com.tr\/index.php?rest_route=%2Fwp%2Fv2%2Fmedia&parent=3018"}],"wp:term":[{"taxonomy":"category","embeddable":true,"href":"https:\/\/busondakika.com.tr\/index.php?rest_route=%2Fwp%2Fv2%2Fcategories&post=3018"},{"taxonomy":"post_tag","embeddable":true,"href":"https:\/\/busondakika.com.tr\/index.php?rest_route=%2Fwp%2Fv2%2Ftags&post=3018"}],"curies":[{"name":"wp","href":"https:\/\/api.w.org\/{rel}","templated":true}]}}