{"id":3021,"date":"2026-03-14T00:42:41","date_gmt":"2026-03-14T00:42:41","guid":{"rendered":"https:\/\/busondakika.com.tr\/?p=3021"},"modified":"2026-03-14T00:42:42","modified_gmt":"2026-03-14T00:42:42","slug":"bakirkoy-belediyesinden-iftar-bulusmasi","status":"publish","type":"post","link":"https:\/\/busondakika.com.tr\/?p=3021","title":{"rendered":"Bak\u0131rk\u00f6y Belediyesi\u2019nden \u0130ftar Bulu\u015fmas\u0131"},"content":{"rendered":"<p> Bak\u0131rk\u00f6y Belediyesi, Ramazan ay\u0131 dolay\u0131s\u0131yla vatanda\u015flara iftar yeme\u011fi d\u00fczenledi. Bak\u0131rk\u00f6y Belediye Ba\u015fkan\u0131 Do\u00e7. Dr. Ay\u015feg\u00fcl Oval\u0131o\u011flu\u2019nun da kat\u0131ld\u0131\u011f\u0131 iftar program\u0131na ilgi yo\u011fun oldu.<\/p>\n<p>Bak\u0131rk\u00f6y Belediyesi, Ramazan ay\u0131n\u0131n birlik ve dayan\u0131\u015fma ruhunu ya\u015fatmak amac\u0131yla vatanda\u015flar i\u00e7in iftar yeme\u011fi d\u00fczenledi. \u00c7ok say\u0131da Bak\u0131rk\u00f6yl\u00fcn\u00fcn kat\u0131ld\u0131\u011f\u0131 programda, ayn\u0131 sofrada bulu\u015fan vatanda\u015flar oru\u00e7lar\u0131n\u0131 birlikte a\u00e7t\u0131. \u0130ftar program\u0131na Bak\u0131rk\u00f6y Belediye Ba\u015fkan\u0131 Do\u00e7. Dr. Ay\u015feg\u00fcl Oval\u0131o\u011flu da kat\u0131larak vatanda\u015flarla bir araya geldi. Masalar\u0131 tek tek dola\u015fan Oval\u0131o\u011flu, Bak\u0131rk\u00f6yl\u00fclerle sohbet ederek Ramazan ay\u0131n\u0131n payla\u015fma ve dayan\u0131\u015fma duygular\u0131n\u0131 g\u00fc\u00e7lendirdi\u011fini vurgulad\u0131. Yo\u011fun kat\u0131l\u0131m\u0131n oldu\u011fu programda vatanda\u015flar, belediyenin d\u00fczenledi\u011fi iftar organizasyonu sayesinde kom\u015fular\u0131yla birlikte iftar yapman\u0131n mutlulu\u011funu ya\u015fad\u0131. Samimi bir atmosferde ger\u00e7ekle\u015fen bulu\u015fmada Ramazan ay\u0131n\u0131n birlik, beraberlik ve dayan\u0131\u015fma ruhu bir kez daha hissedildi.<\/p>\n<p><b>\u201c\u0130ftar sofram\u0131z dayan\u0131\u015fma k\u00fclt\u00fcr\u00fcm\u00fcz\u00fcn bir par\u00e7as\u0131d\u0131r\u201d<\/b><\/p>\n<p>\u0130ftar program\u0131nda konu\u015fan Bak\u0131rk\u00f6y Belediye Ba\u015fkan\u0131 Do\u00e7. Dr. Ay\u015feg\u00fcl Oval\u0131o\u011flu, \u201cRamazan ay\u0131; dayan\u0131\u015fman\u0131n ve birbirimizi daha iyi anlaman\u0131n ay\u0131d\u0131r. Bu m\u00fcbarek ay bize, kom\u015fuluk ba\u011flar\u0131m\u0131z\u0131 g\u00fc\u00e7lendirmeyi, sofram\u0131z\u0131 payla\u015fmay\u0131 ve kimseyi geride b\u0131rakmamay\u0131 hat\u0131rlat\u0131r. \u0130\u015fte biz de Bak\u0131rk\u00f6y\u2019de tam olarak bu anlay\u0131\u015fla \u00e7al\u0131\u015f\u0131yoruz. \u2018Kom\u015fusu a\u00e7ken tok yatan bizden de\u011fildir\u2019 diyerek 2015 y\u0131l\u0131nda \u0130stanbul B\u00fcy\u00fck\u015fehir Belediye Ba\u015fkan\u0131m\u0131z ve Cumhurba\u015fkan\u0131 Aday\u0131m\u0131z Ekrem \u0130mamo\u011flu\u2019nun vizyonuyla Kent Lokantas\u0131\u2019n\u0131 hizmete a\u00e7t\u0131k. Halk\u0131m\u0131z\u0131n evi olan Kent Lokantas\u0131\u2019nda her ak\u015fam Ramazan\u2019\u0131n bereketini payla\u015f\u0131yor, iftar sofralar\u0131nda kom\u015fular\u0131m\u0131zla bulu\u015fuyoruz.\u00a0 Metro ve metrob\u00fcs \u00e7\u0131k\u0131\u015flar\u0131ndan, Bak\u0131rk\u00f6y Meydana ve hastane \u00f6nlerine kadar iftar vakti d\u0131\u015far\u0131da olan kom\u015fular\u0131m\u0131zla Mobil \u0130kram Arac\u0131m\u0131zdan s\u0131cak \u00e7orbam\u0131z\u0131 payla\u015f\u0131yoruz. Her y\u0131l Ramazan Ay\u0131\u2019nda oldu\u011fu gibi bu Ramazan\u2019da da kom\u015fular\u0131m\u0131z\u0131n mutfak masraflar\u0131na ortak oluyoruz. Ramazan kolilerimizdeki \u00fcr\u00fcnlerle iftardan sahura kadar mutfa\u011f\u0131n\u0131z y\u00fck\u00fcne ortak oluyoruz. Ramazan Bayram\u0131 yakla\u015f\u0131rken, evinden \u00e7\u0131kamayan, hasta, ya\u015fl\u0131 veya engelli kom\u015fular\u0131m\u0131za \u00fccretsiz evde kuaf\u00f6rl\u00fck ve evde sa\u011fl\u0131k hizmeti sunuyoruz. T\u00fcm bu \u00e7al\u0131\u015fmalar\u0131m\u0131z\u0131, sizlerin deste\u011fi ve g\u00fcveni ile ba\u015fard\u0131k. \u00c7\u00fcnk\u00fc biz bu kenti sizlerle birlikte dayan\u0131\u015fma i\u00e7erisinde y\u00f6netiyoruz. \u0130\u015fte bu ak\u015fam burada kurdu\u011fumuz iftar sofram\u0131z da bu dayan\u0131\u015fma k\u00fclt\u00fcr\u00fcn\u00fcn bir par\u00e7as\u0131d\u0131r. Bu sofralar sadece ekme\u011fimizi payla\u015ft\u0131\u011f\u0131m\u0131z de\u011fil; dostlu\u011fu, kom\u015fulu\u011fu ve Bak\u0131rk\u00f6y\u2019\u00fcn ortak ruhunu payla\u015ft\u0131\u011f\u0131m\u0131z sofralard\u0131r\u201d dedi.<\/p>\n<p><b>\u201cHerkesin e\u015fit oldu\u011fu bir kent i\u00e7in \u00e7al\u0131\u015fmaya devam edece\u011fiz\u201d<\/b><\/p>\n<p>Ba\u015fkan Oval\u0131o\u011flu s\u00f6zlerine \u015f\u00f6yle devam etti: \u201cBiz inan\u0131yoruz ki; ayn\u0131 sofrada bulu\u015fan insanlar aras\u0131nda umut b\u00fcy\u00fcr, dayan\u0131\u015fma g\u00fc\u00e7lenir ve kent daha g\u00fczel bir yer haline gelir. Bak\u0131rk\u00f6y\u2019de kimsenin kendini yaln\u0131z hissetmedi\u011fi,\u00a0herkesin e\u015fit ve bir arada ya\u015fam s\u00fcrd\u00fc\u011f\u00fc bir kent i\u00e7in \u00e7al\u0131\u015fmaya devam edece\u011fiz.\u00a0\u00c7\u00fcnk\u00fc sosyal belediyecilik demek, insan hayat\u0131n\u0131 kolayla\u015ft\u0131rmak, dertlere derman olmak, halkla birlikte y\u00f6netmek demektir. Bu m\u00fcbarek ak\u015famda sofram\u0131z\u0131 payla\u015ft\u0131\u011f\u0131n\u0131z i\u00e7in hepinize y\u00fcrekten te\u015fekk\u00fcr ediyorum. Rabbim tuttu\u011fumuz oru\u00e7lar\u0131 kabul etsin, sofralar\u0131m\u0131zdan bereketi eksik etmesin.\u201d<\/p>\n<p>\u00a0<\/p>\n<p>\u00a0<\/p>\n<p>Kaynak: (BYZHA) Beyaz Haber Ajans\u0131<\/p>\n","protected":false},"excerpt":{"rendered":"<p>Bak\u0131rk\u00f6y Belediyesi, Ramazan ay\u0131 dolay\u0131s\u0131yla vatanda\u015flara iftar yeme\u011fi d\u00fczenledi.<\/p>\n","protected":false},"author":1,"featured_media":3022,"comment_status":"open","ping_status":"open","sticky":false,"template":"","format":"standard","meta":{"footnotes":""},"categories":[21],"tags":[],"class_list":["post-3021","post","type-post","status-publish","format-standard","has-post-thumbnail","hentry","category-gundem"],"_links":{"self":[{"href":"https:\/\/busondakika.com.tr\/index.php?rest_route=\/wp\/v2\/posts\/3021","targetHints":{"allow":["GET"]}}],"collection":[{"href":"https:\/\/busondakika.com.tr\/index.php?rest_route=\/wp\/v2\/posts"}],"about":[{"href":"https:\/\/busondakika.com.tr\/index.php?rest_route=\/wp\/v2\/types\/post"}],"author":[{"embeddable":true,"href":"https:\/\/busondakika.com.tr\/index.php?rest_route=\/wp\/v2\/users\/1"}],"replies":[{"embeddable":true,"href":"https:\/\/busondakika.com.tr\/index.php?rest_route=%2Fwp%2Fv2%2Fcomments&post=3021"}],"version-history":[{"count":1,"href":"https:\/\/busondakika.com.tr\/index.php?rest_route=\/wp\/v2\/posts\/3021\/revisions"}],"predecessor-version":[{"id":3023,"href":"https:\/\/busondakika.com.tr\/index.php?rest_route=\/wp\/v2\/posts\/3021\/revisions\/3023"}],"wp:featuredmedia":[{"embeddable":true,"href":"https:\/\/busondakika.com.tr\/index.php?rest_route=\/wp\/v2\/media\/3022"}],"wp:attachment":[{"href":"https:\/\/busondakika.com.tr\/index.php?rest_route=%2Fwp%2Fv2%2Fmedia&parent=3021"}],"wp:term":[{"taxonomy":"category","embeddable":true,"href":"https:\/\/busondakika.com.tr\/index.php?rest_route=%2Fwp%2Fv2%2Fcategories&post=3021"},{"taxonomy":"post_tag","embeddable":true,"href":"https:\/\/busondakika.com.tr\/index.php?rest_route=%2Fwp%2Fv2%2Ftags&post=3021"}],"curies":[{"name":"wp","href":"https:\/\/api.w.org\/{rel}","templated":true}]}}