{"id":3027,"date":"2026-03-14T00:42:44","date_gmt":"2026-03-14T00:42:44","guid":{"rendered":"https:\/\/busondakika.com.tr\/?p=3027"},"modified":"2026-03-14T00:42:44","modified_gmt":"2026-03-14T00:42:44","slug":"maltepede-ramazan-bayrami-denetimi","status":"publish","type":"post","link":"https:\/\/busondakika.com.tr\/?p=3027","title":{"rendered":"Maltepe\u2019de \u201cRamazan Bayram\u0131\u201d denetimi"},"content":{"rendered":"<p> Maltepe Belediyesi, yakla\u015fan Ramazan Bayram\u0131 \u00f6ncesinde vatanda\u015flar\u0131n sa\u011fl\u0131kl\u0131 ve g\u00fcvenilir g\u0131daya ula\u015fabilmesi amac\u0131yla denetimlerini h\u0131zland\u0131rd\u0131. Denetimlerde f\u0131r\u0131n, pastane, kafe, restoran gibi yeme-i\u00e7me yerleri hijyen ba\u015fta olmak \u00fczere fiyat, son t\u00fcketim tarihi gibi kriterler a\u00e7\u0131s\u0131ndan incelendi.<\/p>\n<p>Yakla\u015fan Ramazan Bayram\u0131 \u00f6ncesinde Maltepe\u2019de denetimlere h\u0131z verildi. Veteriner \u0130\u015fleri M\u00fcd\u00fcrl\u00fc\u011f\u00fc ve Zab\u0131ta M\u00fcd\u00fcrl\u00fc\u011f\u00fc\u2019n\u00fcn m\u00fc\u015fterek \u00e7al\u0131\u015fmas\u0131yla il\u00e7e genelindeki f\u0131r\u0131n, pastane, kafe, restoran gibi yeme-i\u00e7me yerleri denetime tabi tutuldu. Halk sa\u011fl\u0131\u011f\u0131n\u0131 \u00f6ncelik olarak g\u00f6ren ekipler, i\u015fletmelerin imalathanelerine inerek vatanda\u015flar\u0131n sa\u011fl\u0131kl\u0131, hijyenik ve uygun fiyatl\u0131 g\u0131dalara eri\u015fimi i\u00e7in gerekli kontrolleri sa\u011flad\u0131.<\/p>\n<p><b>\u0130NCELEME SONRASI UYARI<\/b><\/p>\n<p>Veteriner \u0130\u015fleri M\u00fcd\u00fcrl\u00fc\u011f\u00fc\u2019ne ba\u011fl\u0131 olarak \u00e7al\u0131\u015fan G\u0131da M\u00fchendisi Burhan Kebabc\u0131; denetimde bulunulan i\u015fletmelerin son t\u00fcketim tarihi, fiyat, gramaj, hijyen, i\u015fletme belgeleri ve ila\u00e7lama a\u00e7\u0131s\u0131ndan incelendi\u011fini ve eksikleri bulunan i\u015fletmelerin uyar\u0131ld\u0131\u011f\u0131n\u0131 s\u00f6yledi<\/p>\n<p>\u00a0<\/p>\n<p>Kaynak: (BYZHA) Beyaz Haber Ajans\u0131<\/p>\n","protected":false},"excerpt":{"rendered":"<p>Maltepe Belediyesi, yakla\u015fan Ramazan Bayram\u0131 \u00f6ncesinde vatanda\u015flar\u0131n sa\u011fl\u0131kl\u0131 ve g\u00fcvenilir g\u0131daya ula\u015fabilmesi amac\u0131yla denetimlerini h\u0131zland\u0131rd\u0131.<\/p>\n","protected":false},"author":1,"featured_media":3028,"comment_status":"open","ping_status":"open","sticky":false,"template":"","format":"standard","meta":{"footnotes":""},"categories":[21],"tags":[],"class_list":["post-3027","post","type-post","status-publish","format-standard","has-post-thumbnail","hentry","category-gundem"],"_links":{"self":[{"href":"https:\/\/busondakika.com.tr\/index.php?rest_route=\/wp\/v2\/posts\/3027","targetHints":{"allow":["GET"]}}],"collection":[{"href":"https:\/\/busondakika.com.tr\/index.php?rest_route=\/wp\/v2\/posts"}],"about":[{"href":"https:\/\/busondakika.com.tr\/index.php?rest_route=\/wp\/v2\/types\/post"}],"author":[{"embeddable":true,"href":"https:\/\/busondakika.com.tr\/index.php?rest_route=\/wp\/v2\/users\/1"}],"replies":[{"embeddable":true,"href":"https:\/\/busondakika.com.tr\/index.php?rest_route=%2Fwp%2Fv2%2Fcomments&post=3027"}],"version-history":[{"count":1,"href":"https:\/\/busondakika.com.tr\/index.php?rest_route=\/wp\/v2\/posts\/3027\/revisions"}],"predecessor-version":[{"id":3029,"href":"https:\/\/busondakika.com.tr\/index.php?rest_route=\/wp\/v2\/posts\/3027\/revisions\/3029"}],"wp:featuredmedia":[{"embeddable":true,"href":"https:\/\/busondakika.com.tr\/index.php?rest_route=\/wp\/v2\/media\/3028"}],"wp:attachment":[{"href":"https:\/\/busondakika.com.tr\/index.php?rest_route=%2Fwp%2Fv2%2Fmedia&parent=3027"}],"wp:term":[{"taxonomy":"category","embeddable":true,"href":"https:\/\/busondakika.com.tr\/index.php?rest_route=%2Fwp%2Fv2%2Fcategories&post=3027"},{"taxonomy":"post_tag","embeddable":true,"href":"https:\/\/busondakika.com.tr\/index.php?rest_route=%2Fwp%2Fv2%2Ftags&post=3027"}],"curies":[{"name":"wp","href":"https:\/\/api.w.org\/{rel}","templated":true}]}}