{"id":3036,"date":"2026-03-14T00:42:48","date_gmt":"2026-03-14T00:42:48","guid":{"rendered":"https:\/\/busondakika.com.tr\/?p=3036"},"modified":"2026-03-14T00:42:48","modified_gmt":"2026-03-14T00:42:48","slug":"baskan-dutlulu-sehit-aileleri-ve-gazilerle-iftar-sofrasinda-bulustu","status":"publish","type":"post","link":"https:\/\/busondakika.com.tr\/?p=3036","title":{"rendered":"Ba\u015fkan Dutlulu, \u015eehit Aileleri ve Gazilerle \u0130ftar Sofras\u0131nda Bulu\u015ftu"},"content":{"rendered":"<p> Manisa B\u00fcy\u00fck\u015fehir Belediye Ba\u015fkan\u0131 Besim Dutlulu, \u015fehit aileleri ve gaziler onuruna d\u00fczenlenen iftar program\u0131na kat\u0131ld\u0131. Ayn\u0131 sofray\u0131 payla\u015fmaktan duydu\u011fu onuru ifade eden Ba\u015fkan Dutlulu, \u201c\u015eehitlerimizin bizlere emaneti olan k\u0131ymetli ailelerimiz ve kahraman gazilerimizle bir arada olmaktan b\u00fcy\u00fck onur duyuyoruz. Manisa B\u00fcy\u00fck\u015fehir Belediyesi olarak her zaman yan\u0131n\u0131zda ve emrinizde olmaya devam edece\u011fiz\u201d dedi.<\/p>\n<p>Manisa B\u00fcy\u00fck\u015fehir Belediyesi taraf\u0131ndan d\u00fczenlenen iftar program\u0131nda, vatan u\u011fruna canlar\u0131n\u0131 feda eden aziz \u015fehitlerimizin aileleri ve kahraman gazilerimiz bir araya geldi. Programa Ba\u015fkan Besim Dutlulu\u2019nun yan\u0131 s\u0131ra CHP Manisa \u0130l Ba\u015fkan\u0131 \u0130lksen \u00d6zalper, CHP Manisa Milletvekili Ahmet Vehbi Bak\u0131rl\u0131o\u011flu, MASK\u0130 Genel M\u00fcd\u00fcr\u00fc Ali K\u0131l\u0131\u00e7, B\u00fcy\u00fck\u015fehir Belediyesi Genel Sekreter Yard\u0131mc\u0131lar\u0131 Ahmet Ata Temiz ve Ula\u015f Ayd\u0131n, sivil toplum kurulu\u015fu temsilcileri, daire amirleri ile \u015fehit aileleri ve gaziler kat\u0131ld\u0131. \u0130ftar \u00f6ncesinde masalar\u0131 tek tek ziyaret eden Ba\u015fkan Besim Dutlulu, konuklarla sohbet ederek Ramazan aylar\u0131n\u0131 tebrik etti.<\/p>\n<p><b>\u201cB\u00fcy\u00fck\u015fehir \u00d6nemli Hizmetler Sunuyor\u201d<\/b><\/p>\n<p>Programda bir konu\u015fma yapan CHP Manisa Milletvekili Ahmet Vehbi Bak\u0131rl\u0131o\u011flu, \u015fehit aileleri ve gazilerle bir arada olmaktan duydu\u011fu mutlulu\u011fu dile getirdi. Bak\u0131rl\u0131o\u011flu, \u201cE\u011fer biz bu topraklarda huzur i\u00e7inde ya\u015fayabiliyorsak ve \u00f6zg\u00fcr bireyler olarak nefes alabiliyorsak, bunda \u015fehitlerimizin ve gazilerimizin pay\u0131 tart\u0131\u015f\u0131lmazd\u0131r. Bizlere d\u00fc\u015fen g\u00f6rev, \u015fehitlerimizin aziz hat\u0131ras\u0131na sahip \u00e7\u0131kmak ve gazilerimizin onurlu ya\u015famlar\u0131n\u0131 kolayla\u015ft\u0131rmakt\u0131r. Manisa milletvekili olarak \u015funu ifade etmek isterim ki; \u015fehrimiz bu konuda \u015fansl\u0131d\u0131r. Manisa B\u00fcy\u00fck\u015fehir Belediyesi, gazilerimize ve \u015fehit yak\u0131nlar\u0131m\u0131za \u00e7ok \u00f6nemli hizmetler sunuyor. Bu hizmetleri Manisa\u2019ya kazand\u0131ran ba\u015fta B\u00fcy\u00fck\u015fehir Belediye Ba\u015fkan\u0131m\u0131z Besim Dutlulu olmak \u00fczere, eme\u011fi ge\u00e7en herkese \u015fehit aileleri ve gazilerimiz ad\u0131na te\u015fekk\u00fcr ediyorum\u201d dedi.<\/p>\n<p><b>\u201c\u015eehit Ailelerimizin ve Gazilerimizin Emrinde Olmaya Devam Edece\u011fiz\u201d<\/b><\/p>\n<p>Konu\u015fmas\u0131na \u015fehit aileleri ve gazilere te\u015fekk\u00fcr ederek ba\u015flayan Ba\u015fkan Besim Dutlulu ise, \u201cBizler ne yaparsak yapal\u0131m sizlerin hakk\u0131n\u0131 \u00f6deyemeyiz. Bu milletin de sizlere olan borcunu \u00f6demesi m\u00fcmk\u00fcn de\u011fildir. Manisa B\u00fcy\u00fck\u015fehir Belediyesi olarak her zaman oldu\u011fu gibi bundan sonra da yan\u0131n\u0131zda olmaya, emrinizde bulunmaya devam edece\u011fiz. Cumhuriyet Halk Partili belediyelerde 2024 y\u0131l\u0131ndan itibaren kurulan \u015eehit Yak\u0131nlar\u0131 ve Gaziler \u015eube M\u00fcd\u00fcrl\u00fc\u011f\u00fc, Manisa\u2019da rahmetli Ferdi Ba\u015fkan\u0131m\u0131z taraf\u0131ndan hayata ge\u00e7irildi. Kendisine bir kez daha rahmet diliyorum. Manisa B\u00fcy\u00fck\u015fehir Belediyesi olarak \u015fehit yak\u0131nlar\u0131m\u0131z\u0131n ve gazilerimizin ihtiya\u00e7lar\u0131na \u00e7\u00f6z\u00fcm \u00fcretmek i\u00e7in \u00e7al\u0131\u015f\u0131yoruz. Sizlerle ayn\u0131 sofray\u0131 payla\u015fmak bizim i\u00e7in b\u00fcy\u00fck bir onurdur. T\u00fcm \u015fehitlerimize Allah\u2019tan rahmet diliyor, gazilerimizin ellerinden \u00f6p\u00fcyorum. Sizleri \u00e7ok seviyoruz\u201d ifadelerini kulland\u0131.<\/p>\n<p><b>\u201cBizim \u0130\u00e7in En K\u0131ymetli Olan Unutulmamak ve Yaln\u0131z B\u0131rak\u0131lmamakt\u0131r\u201d<\/b><\/p>\n<p>T\u00fcrkiye Muharip Gaziler Derne\u011fi Manisa \u015eube Ba\u015fkan\u0131 Gazi Abdullah Karaka\u015f da yapt\u0131\u011f\u0131 konu\u015fmada, \u201cBu m\u00fcbarek Ramazan ak\u015fam\u0131nda bizleri ayn\u0131 sofrada, ayn\u0131 duada ve ayn\u0131 g\u00f6n\u00fcl ikliminde bulu\u015fturan Manisa B\u00fcy\u00fck\u015fehir Belediye Ba\u015fkan\u0131m\u0131z Besim Dutlulu\u2019ya te\u015fekk\u00fcr ediyoruz. Kuruldu\u011fu g\u00fcnden bu yana b\u00fcy\u00fck bir \u00f6zveriyle \u00e7al\u0131\u015fan \u015eehit Yak\u0131nlar\u0131 ve Gaziler \u015eube M\u00fcd\u00fcrl\u00fc\u011f\u00fc\u2019ne de ayr\u0131ca te\u015fekk\u00fcrlerimi sunuyorum. Bizler \u00e7ok iyi biliyoruz ki \u015fehit aileleri ve gazilere uzanan her samimi el, asl\u0131nda bu vatan\u0131n haf\u0131zas\u0131na ve milletin vicdan\u0131na sahip \u00e7\u0131kmakt\u0131r. Bizim i\u00e7in en k\u0131ymetli \u015fey unutulmamak ve yaln\u0131z b\u0131rak\u0131lmamakt\u0131r. Bu sofra vefan\u0131n, birli\u011fin ve karde\u015fli\u011fin sofras\u0131d\u0131r\u201d dedi.<\/p>\n<p>Program, sivil toplum kurulu\u015fu temsilcilerinin Ba\u015fkan Besim Dutlulu\u2019ya te\u015fekk\u00fcrlerini iletmesi ve protokol \u00fcyeleri taraf\u0131ndan kat\u0131l\u0131mc\u0131lara te\u015fekk\u00fcr plaketlerinin takdim edilmesiyle sona erdi.<\/p>\n<p>\u00a0<\/p>\n<p>Kaynak: (BYZHA) Beyaz Haber Ajans\u0131<\/p>\n","protected":false},"excerpt":{"rendered":"<p>Manisa B\u00fcy\u00fck\u015fehir Belediye Ba\u015fkan\u0131 Besim Dutlulu, \u015fehit aileleri ve gaziler onuruna d\u00fczenlenen iftar program\u0131na kat\u0131ld\u0131.<\/p>\n","protected":false},"author":1,"featured_media":3037,"comment_status":"open","ping_status":"open","sticky":false,"template":"","format":"standard","meta":{"footnotes":""},"categories":[21],"tags":[],"class_list":["post-3036","post","type-post","status-publish","format-standard","has-post-thumbnail","hentry","category-gundem"],"_links":{"self":[{"href":"https:\/\/busondakika.com.tr\/index.php?rest_route=\/wp\/v2\/posts\/3036","targetHints":{"allow":["GET"]}}],"collection":[{"href":"https:\/\/busondakika.com.tr\/index.php?rest_route=\/wp\/v2\/posts"}],"about":[{"href":"https:\/\/busondakika.com.tr\/index.php?rest_route=\/wp\/v2\/types\/post"}],"author":[{"embeddable":true,"href":"https:\/\/busondakika.com.tr\/index.php?rest_route=\/wp\/v2\/users\/1"}],"replies":[{"embeddable":true,"href":"https:\/\/busondakika.com.tr\/index.php?rest_route=%2Fwp%2Fv2%2Fcomments&post=3036"}],"version-history":[{"count":1,"href":"https:\/\/busondakika.com.tr\/index.php?rest_route=\/wp\/v2\/posts\/3036\/revisions"}],"predecessor-version":[{"id":3038,"href":"https:\/\/busondakika.com.tr\/index.php?rest_route=\/wp\/v2\/posts\/3036\/revisions\/3038"}],"wp:featuredmedia":[{"embeddable":true,"href":"https:\/\/busondakika.com.tr\/index.php?rest_route=\/wp\/v2\/media\/3037"}],"wp:attachment":[{"href":"https:\/\/busondakika.com.tr\/index.php?rest_route=%2Fwp%2Fv2%2Fmedia&parent=3036"}],"wp:term":[{"taxonomy":"category","embeddable":true,"href":"https:\/\/busondakika.com.tr\/index.php?rest_route=%2Fwp%2Fv2%2Fcategories&post=3036"},{"taxonomy":"post_tag","embeddable":true,"href":"https:\/\/busondakika.com.tr\/index.php?rest_route=%2Fwp%2Fv2%2Ftags&post=3036"}],"curies":[{"name":"wp","href":"https:\/\/api.w.org\/{rel}","templated":true}]}}