{"id":3042,"date":"2026-03-14T00:42:50","date_gmt":"2026-03-14T00:42:50","guid":{"rendered":"https:\/\/busondakika.com.tr\/?p=3042"},"modified":"2026-03-14T00:42:51","modified_gmt":"2026-03-14T00:42:51","slug":"baskan-topaloglu-mitt-moskova-turizm-fuarinda","status":"publish","type":"post","link":"https:\/\/busondakika.com.tr\/?p=3042","title":{"rendered":"Ba\u015fkan Topalo\u011flu, MITT Moskova Turizm Fuar\u0131\u2019nda"},"content":{"rendered":"<p> Kemer Belediye Ba\u015fkan\u0131 Necati Topalo\u011flu, d\u00fcnyan\u0131n \u00f6nemli turizm organizasyonlar\u0131ndan biri olan MITT Moskova Uluslararas\u0131 Turizm Fuar\u0131\u2019nda tur operat\u00f6rleriyle ger\u00e7ekle\u015ftirdi\u011fi ikili g\u00f6r\u00fc\u015fmelerle Kemer\u2019in tan\u0131t\u0131m\u0131n\u0131 yap\u0131yor.<\/p>\n<p>Kemer Belediye Ba\u015fkan\u0131 Necati Topalo\u011flu, 11-13 Mart tarihleri aras\u0131nda d\u00fczenlenen MITT Moskova 2026 Uluslararas\u0131 Turizm Fuar\u0131nda tur operat\u00f6rleri ve seyahat acenteleriyle bir araya gelerek Kemer\u2019in turizm potansiyelini anlat\u0131yor.<\/p>\n<p>Turizm sekt\u00f6r\u00fcn\u00fcn en \u00f6nemli bulu\u015fmalar\u0131ndan biri olarak kabul edilen MITT Moskova Turizm Fuar\u0131, bu y\u0131l 1000\u2019den fazla kat\u0131l\u0131mc\u0131 firma ve 40 farkl\u0131 \u00fclkeden temsilcileri a\u011f\u0131rl\u0131yor. Fuarda ger\u00e7ekle\u015ftirilen g\u00f6r\u00fc\u015fmeler, \u00f6zellikle Rusya ve \u00e7evre \u00fclkelerden T\u00fcrkiye\u2019ye y\u00f6nelik turizm hareketlili\u011fi a\u00e7\u0131s\u0131ndan b\u00fcy\u00fck \u00f6nem ta\u015f\u0131yor.<\/p>\n<p>Acentelerle ikili g\u00f6r\u00fc\u015fmeler<\/p>\n<p>Ba\u015fkan Topalo\u011flu, fuar kapsam\u0131nda \u00f6zellikle \u00d6zbekistan ve Beyaz Rusya\u2019dan gelen turizm acenteleri ile de bir araya gelerek Kemer\u2019e y\u00f6nelik turizm hareketlili\u011fini art\u0131rmak i\u00e7in g\u00f6r\u00fc\u015fmeler ger\u00e7ekle\u015ftirdi. Topalo\u011flu, fuar temaslar\u0131nda T\u00fcrkiye\u2019nin Moskova Turizm Ata\u015fesi \u0130lker \u00d6zkan, Kemer Esnaf ve Sanatk\u00e2rlar Odas\u0131 Ba\u015fkan\u0131 Okay \u00c7elik\u2019le de bir araya geldi.<\/p>\n<p>Sava\u015f turizmi etkiliyor<\/p>\n<p>Fuarda yap\u0131lan g\u00f6r\u00fc\u015fmelerde b\u00f6lgedeki sava\u015f\u0131n turizm rezervasyonlar\u0131na etkisi de g\u00fcndeme geldi. Tur operat\u00f6rlerinden al\u0131nan bilgilere g\u00f6re sava\u015f\u0131n turizm sekt\u00f6r\u00fcnde belirsizlik yaratt\u0131\u011f\u0131 ifade edildi.<\/p>\n<p>Kemer Belediye Ba\u015fkan\u0131 Necati Topalo\u011flu yapt\u0131\u011f\u0131 a\u00e7\u0131klamada, \u201cSava\u015f \u00f6ncesi Rus pazar\u0131nda y\u00fczde 25-30 seviyelerinde seyreden rezervasyon oranlar\u0131 \u015fu an i\u00e7in y\u00fczde 5-10 seviyelerine kadar d\u00fc\u015fm\u00fc\u015f. \u00d6zellikle Dubai, Birle\u015fik Arap Emirlikleri ve L\u00fcbnan\u2019dan iptal edilen rezervasyonlar\u0131n T\u00fcrkiye\u2019ye y\u00f6nlendirilmesi i\u00e7in acenteler \u00e7al\u0131\u015fmalar yap\u0131yor. Sekt\u00f6r temsilcileri, sava\u015f\u0131n k\u0131sa s\u00fcrede sona ermesi halinde T\u00fcrkiye\u2019nin rezervasyon anlam\u0131nda \u00f6nemli bir sorun ya\u015famayaca\u011f\u0131 g\u00f6r\u00fc\u015f\u00fcnde\u201d dedi.<\/p>\n<p>MITT Moskova Turizm Fuar\u0131\u2019n\u0131n Kemer\u2019in uluslararas\u0131 turizm pazar\u0131ndaki g\u00f6r\u00fcn\u00fcrl\u00fc\u011f\u00fc a\u00e7\u0131s\u0131ndan b\u00fcy\u00fck \u00f6nem ta\u015f\u0131d\u0131\u011f\u0131n\u0131 belirten Ba\u015fkan Topalo\u011flu, tur operat\u00f6rleriyle yap\u0131lan g\u00f6r\u00fc\u015fmelerin Kemer\u2019e y\u00f6nelik ilgiyi art\u0131raca\u011f\u0131n\u0131 ifade etti.<\/p>\n<p>Fuarda ger\u00e7ekle\u015ftirilen temaslar\u0131n, Kemer\u2019in \u00f6zellikle Rusya ve \u00e7evre \u00fclkelerdeki turizm pazar\u0131ndaki konumunu g\u00fc\u00e7lendirmesi hedefleniyor.<\/p>\n<p>\u00a0<\/p>\n<p>Kaynak: (BYZHA) Beyaz Haber Ajans\u0131<\/p>\n","protected":false},"excerpt":{"rendered":"<p>Kemer Belediye Ba\u015fkan\u0131 Necati Topalo\u011flu, d\u00fcnyan\u0131n \u00f6nemli turizm organizasyonlar\u0131ndan biri olan MITT Moskova Uluslararas\u0131 Turizm Fuar\u0131\u2019nda tur operat\u00f6rleriyle ger\u00e7ekle\u015ftirdi\u011fi ikili g\u00f6r\u00fc\u015fmelerle Kemer\u2019in tan\u0131t\u0131m\u0131n\u0131 yap\u0131yor.<\/p>\n","protected":false},"author":1,"featured_media":3043,"comment_status":"open","ping_status":"open","sticky":false,"template":"","format":"standard","meta":{"footnotes":""},"categories":[21],"tags":[],"class_list":["post-3042","post","type-post","status-publish","format-standard","has-post-thumbnail","hentry","category-gundem"],"_links":{"self":[{"href":"https:\/\/busondakika.com.tr\/index.php?rest_route=\/wp\/v2\/posts\/3042","targetHints":{"allow":["GET"]}}],"collection":[{"href":"https:\/\/busondakika.com.tr\/index.php?rest_route=\/wp\/v2\/posts"}],"about":[{"href":"https:\/\/busondakika.com.tr\/index.php?rest_route=\/wp\/v2\/types\/post"}],"author":[{"embeddable":true,"href":"https:\/\/busondakika.com.tr\/index.php?rest_route=\/wp\/v2\/users\/1"}],"replies":[{"embeddable":true,"href":"https:\/\/busondakika.com.tr\/index.php?rest_route=%2Fwp%2Fv2%2Fcomments&post=3042"}],"version-history":[{"count":1,"href":"https:\/\/busondakika.com.tr\/index.php?rest_route=\/wp\/v2\/posts\/3042\/revisions"}],"predecessor-version":[{"id":3044,"href":"https:\/\/busondakika.com.tr\/index.php?rest_route=\/wp\/v2\/posts\/3042\/revisions\/3044"}],"wp:featuredmedia":[{"embeddable":true,"href":"https:\/\/busondakika.com.tr\/index.php?rest_route=\/wp\/v2\/media\/3043"}],"wp:attachment":[{"href":"https:\/\/busondakika.com.tr\/index.php?rest_route=%2Fwp%2Fv2%2Fmedia&parent=3042"}],"wp:term":[{"taxonomy":"category","embeddable":true,"href":"https:\/\/busondakika.com.tr\/index.php?rest_route=%2Fwp%2Fv2%2Fcategories&post=3042"},{"taxonomy":"post_tag","embeddable":true,"href":"https:\/\/busondakika.com.tr\/index.php?rest_route=%2Fwp%2Fv2%2Ftags&post=3042"}],"curies":[{"name":"wp","href":"https:\/\/api.w.org\/{rel}","templated":true}]}}